{"id":11838,"date":"2020-07-21T13:14:56","date_gmt":"2020-07-21T13:14:56","guid":{"rendered":"http:\/\/www.colocolofs.es\/web\/?p=11838"},"modified":"2020-07-21T13:15:50","modified_gmt":"2020-07-21T13:15:50","slug":"vicky-palomino-primer-fichaje-del-colo-colo-san-mateo","status":"publish","type":"post","link":"https:\/\/www.colocolofs.es\/web\/vicky-palomino-primer-fichaje-del-colo-colo-san-mateo\/","title":{"rendered":"Vicky Palomino, primer fichaje del Colo Colo &#8211; San Mateo"},"content":{"rendered":"\n<p>Vicky Palomino (Zaragoza, 16\/9\/2003) es el primer fichaje que llega a las filas del Colo Colo &#8211; San Mateo.&nbsp;<\/p>\n\n\n\n<p>Vicky Palomino es una polivalente y talentosa jugadora que puede actuar tanto de ala como de p\u00edvot. Empez\u00f3 jugando a f\u00fatbol sala en 2010, con el Boscos. En 2013, recalaba en las filas del Intersala Promises, equipo en el que ha permanecido hasta su fichaje por el Colo Colo &#8211; San Mateo.&nbsp;<\/p>\n\n\n\n<p>Vicky, cuenta en su palmar\u00e9s con dos Ligas (Infantil y Cadete), dos Campeonatos de Arag\u00f3n (Infantil y Cadete) y tres Torneos de Reyes (Infantil y Cadete). En la temporada 2019\/2020, ha tenido minutos en cuatro partidos con el Intersala de Primera Auton\u00f3mica y tambi\u00e9n ha participado en varios entrenamientos con la Selecci\u00f3n Sub-19 de Arag\u00f3n.<\/p>\n","protected":false},"excerpt":{"rendered":"<p>Vicky Palomino (Zaragoza, 16\/9\/2003) es el primer fichaje que llega a las filas del Colo Colo &#8211; San Mateo.&nbsp; Vicky Palomino es una polivalente y talentosa jugadora que puede actuar tanto de ala como de p\u00edvot. Empez\u00f3 jugando a f\u00fatbol sala en 2010, con el Boscos. En 2013, recalaba en las filas del Intersala Promises, [&hellip;]<\/p>\n","protected":false},"author":1,"featured_media":11839,"comment_status":"closed","ping_status":"closed","sticky":false,"template":"","format":"standard","meta":{"footnotes":""},"categories":[8],"tags":[],"class_list":["post-11838","post","type-post","status-publish","format-standard","has-post-thumbnail","hentry","category-colo-colo-femenino"],"jetpack_featured_media_url":"https:\/\/www.colocolofs.es\/web\/wp-content\/uploads\/2020\/07\/femenino-vicky.jpg","yoast_head":"<!-- This site is optimized with the Yoast SEO plugin v14.4.1 - https:\/\/yoast.com\/wordpress\/plugins\/seo\/ -->\n<title>Vicky Palomino, primer fichaje del Colo Colo - San Mateo - Entrerr\u00edos Automatizaci\u00f3n<\/title>\n<meta name=\"robots\" content=\"index, follow\" \/>\n<meta name=\"googlebot\" content=\"index, follow, max-snippet:-1, max-image-preview:large, max-video-preview:-1\" \/>\n<meta name=\"bingbot\" content=\"index, follow, max-snippet:-1, max-image-preview:large, max-video-preview:-1\" \/>\n<link rel=\"canonical\" href=\"http:\/\/www.colocolofs.es\/web\/vicky-palomino-primer-fichaje-del-colo-colo-san-mateo\/\" \/>\n<meta property=\"og:locale\" content=\"es_ES\" \/>\n<meta property=\"og:type\" content=\"article\" \/>\n<meta property=\"og:title\" content=\"Vicky Palomino, primer fichaje del Colo Colo - San Mateo - Entrerr\u00edos Automatizaci\u00f3n\" \/>\n<meta property=\"og:description\" content=\"Vicky Palomino (Zaragoza, 16\/9\/2003) es el primer fichaje que llega a las filas del Colo Colo &#8211; San Mateo.&nbsp; Vicky Palomino es una polivalente y talentosa jugadora que puede actuar tanto de ala como de p\u00edvot. Empez\u00f3 jugando a f\u00fatbol sala en 2010, con el Boscos. En 2013, recalaba en las filas del Intersala Promises, [&hellip;]\" \/>\n<meta property=\"og:url\" content=\"http:\/\/www.colocolofs.es\/web\/vicky-palomino-primer-fichaje-del-colo-colo-san-mateo\/\" \/>\n<meta property=\"og:site_name\" content=\"Entrerr\u00edos Automatizaci\u00f3n\" \/>\n<meta property=\"article:published_time\" content=\"2020-07-21T13:14:56+00:00\" \/>\n<meta property=\"article:modified_time\" content=\"2020-07-21T13:15:50+00:00\" \/>\n<meta property=\"og:image\" content=\"https:\/\/www.colocolofs.es\/web\/wp-content\/uploads\/2020\/07\/femenino-vicky.jpg\" \/>\n\t<meta property=\"og:image:width\" content=\"2048\" \/>\n\t<meta property=\"og:image:height\" content=\"1024\" \/>\n<meta name=\"twitter:card\" content=\"summary_large_image\" \/>\n<script type=\"application\/ld+json\" class=\"yoast-schema-graph\">{\"@context\":\"https:\/\/schema.org\",\"@graph\":[{\"@type\":\"WebSite\",\"@id\":\"https:\/\/www.colocolofs.es\/web\/#website\",\"url\":\"https:\/\/www.colocolofs.es\/web\/\",\"name\":\"Entrerr\\u00edos Automatizaci\\u00f3n\",\"description\":\"Web oficial\",\"potentialAction\":[{\"@type\":\"SearchAction\",\"target\":\"https:\/\/www.colocolofs.es\/web\/?s={search_term_string}\",\"query-input\":\"required name=search_term_string\"}],\"inLanguage\":\"es\"},{\"@type\":\"ImageObject\",\"@id\":\"http:\/\/www.colocolofs.es\/web\/vicky-palomino-primer-fichaje-del-colo-colo-san-mateo\/#primaryimage\",\"inLanguage\":\"es\",\"url\":\"https:\/\/www.colocolofs.es\/web\/wp-content\/uploads\/2020\/07\/femenino-vicky.jpg\",\"width\":2048,\"height\":1024},{\"@type\":\"WebPage\",\"@id\":\"http:\/\/www.colocolofs.es\/web\/vicky-palomino-primer-fichaje-del-colo-colo-san-mateo\/#webpage\",\"url\":\"http:\/\/www.colocolofs.es\/web\/vicky-palomino-primer-fichaje-del-colo-colo-san-mateo\/\",\"name\":\"Vicky Palomino, primer fichaje del Colo Colo - San Mateo - Entrerr\\u00edos Automatizaci\\u00f3n\",\"isPartOf\":{\"@id\":\"https:\/\/www.colocolofs.es\/web\/#website\"},\"primaryImageOfPage\":{\"@id\":\"http:\/\/www.colocolofs.es\/web\/vicky-palomino-primer-fichaje-del-colo-colo-san-mateo\/#primaryimage\"},\"datePublished\":\"2020-07-21T13:14:56+00:00\",\"dateModified\":\"2020-07-21T13:15:50+00:00\",\"author\":{\"@id\":\"https:\/\/www.colocolofs.es\/web\/#\/schema\/person\/1be91002ad639bd282f9d860b6eb7584\"},\"inLanguage\":\"es\",\"potentialAction\":[{\"@type\":\"ReadAction\",\"target\":[\"http:\/\/www.colocolofs.es\/web\/vicky-palomino-primer-fichaje-del-colo-colo-san-mateo\/\"]}]},{\"@type\":[\"Person\"],\"@id\":\"https:\/\/www.colocolofs.es\/web\/#\/schema\/person\/1be91002ad639bd282f9d860b6eb7584\",\"name\":\"admin\"}]}<\/script>\n<!-- \/ Yoast SEO plugin. -->","_links":{"self":[{"href":"https:\/\/www.colocolofs.es\/web\/wp-json\/wp\/v2\/posts\/11838","targetHints":{"allow":["GET"]}}],"collection":[{"href":"https:\/\/www.colocolofs.es\/web\/wp-json\/wp\/v2\/posts"}],"about":[{"href":"https:\/\/www.colocolofs.es\/web\/wp-json\/wp\/v2\/types\/post"}],"author":[{"embeddable":true,"href":"https:\/\/www.colocolofs.es\/web\/wp-json\/wp\/v2\/users\/1"}],"replies":[{"embeddable":true,"href":"https:\/\/www.colocolofs.es\/web\/wp-json\/wp\/v2\/comments?post=11838"}],"version-history":[{"count":1,"href":"https:\/\/www.colocolofs.es\/web\/wp-json\/wp\/v2\/posts\/11838\/revisions"}],"predecessor-version":[{"id":11840,"href":"https:\/\/www.colocolofs.es\/web\/wp-json\/wp\/v2\/posts\/11838\/revisions\/11840"}],"wp:featuredmedia":[{"embeddable":true,"href":"https:\/\/www.colocolofs.es\/web\/wp-json\/wp\/v2\/media\/11839"}],"wp:attachment":[{"href":"https:\/\/www.colocolofs.es\/web\/wp-json\/wp\/v2\/media?parent=11838"}],"wp:term":[{"taxonomy":"category","embeddable":true,"href":"https:\/\/www.colocolofs.es\/web\/wp-json\/wp\/v2\/categories?post=11838"},{"taxonomy":"post_tag","embeddable":true,"href":"https:\/\/www.colocolofs.es\/web\/wp-json\/wp\/v2\/tags?post=11838"}],"curies":[{"name":"wp","href":"https:\/\/api.w.org\/{rel}","templated":true}]}}