{"id":11927,"date":"2020-08-12T17:52:07","date_gmt":"2020-08-12T17:52:07","guid":{"rendered":"http:\/\/www.colocolofs.es\/web\/?p=11927"},"modified":"2020-08-12T17:52:17","modified_gmt":"2020-08-12T17:52:17","slug":"el-colo-colo-san-mateo-incorpora-a-soraya-abadia","status":"publish","type":"post","link":"https:\/\/www.colocolofs.es\/web\/el-colo-colo-san-mateo-incorpora-a-soraya-abadia\/","title":{"rendered":"El Colo Colo &#8211; San Mateo incorpora a Soraya Abad\u00eda"},"content":{"rendered":"\n<p>El Colo Colo &#8211; San Mateo sigue reforzando su plantilla con vistas a su estreno en Primera Auton\u00f3mica. La \u00faltima en incorporarse al conjunto azul\u00f3n es Soraya Abad\u00eda Zandundo (Zuera, 8\/8\/1999).<\/p>\n\n\n\n<p>Soraya juega de cierre y durante la temporada 2019\/2020 form\u00f3 parte del San Mateo, equipo con el que logr\u00f3 ascender a Primera Auton\u00f3mica. Tambi\u00e9n ha militado en el SMD Zuera, San Viator 78&#8242;, Zuera Futsal y Monta\u00f1ana. <\/p>\n","protected":false},"excerpt":{"rendered":"<p>El Colo Colo &#8211; San Mateo sigue reforzando su plantilla con vistas a su estreno en Primera Auton\u00f3mica. La \u00faltima en incorporarse al conjunto azul\u00f3n es Soraya Abad\u00eda Zandundo (Zuera, 8\/8\/1999). Soraya juega de cierre y durante la temporada 2019\/2020 form\u00f3 parte del San Mateo, equipo con el que logr\u00f3 ascender a Primera Auton\u00f3mica. Tambi\u00e9n [&hellip;]<\/p>\n","protected":false},"author":1,"featured_media":11928,"comment_status":"closed","ping_status":"closed","sticky":false,"template":"","format":"standard","meta":{"footnotes":""},"categories":[8],"tags":[],"class_list":["post-11927","post","type-post","status-publish","format-standard","has-post-thumbnail","hentry","category-colo-colo-femenino"],"jetpack_featured_media_url":"https:\/\/www.colocolofs.es\/web\/wp-content\/uploads\/2020\/08\/soraya.jpg","yoast_head":"<!-- This site is optimized with the Yoast SEO plugin v14.4.1 - https:\/\/yoast.com\/wordpress\/plugins\/seo\/ -->\n<title>El Colo Colo - San Mateo incorpora a Soraya Abad\u00eda - Entrerr\u00edos Automatizaci\u00f3n<\/title>\n<meta name=\"robots\" content=\"index, follow\" \/>\n<meta name=\"googlebot\" content=\"index, follow, max-snippet:-1, max-image-preview:large, max-video-preview:-1\" \/>\n<meta name=\"bingbot\" content=\"index, follow, max-snippet:-1, max-image-preview:large, max-video-preview:-1\" \/>\n<link rel=\"canonical\" href=\"http:\/\/www.colocolofs.es\/web\/el-colo-colo-san-mateo-incorpora-a-soraya-abadia\/\" \/>\n<meta property=\"og:locale\" content=\"es_ES\" \/>\n<meta property=\"og:type\" content=\"article\" \/>\n<meta property=\"og:title\" content=\"El Colo Colo - San Mateo incorpora a Soraya Abad\u00eda - Entrerr\u00edos Automatizaci\u00f3n\" \/>\n<meta property=\"og:description\" content=\"El Colo Colo &#8211; San Mateo sigue reforzando su plantilla con vistas a su estreno en Primera Auton\u00f3mica. La \u00faltima en incorporarse al conjunto azul\u00f3n es Soraya Abad\u00eda Zandundo (Zuera, 8\/8\/1999). Soraya juega de cierre y durante la temporada 2019\/2020 form\u00f3 parte del San Mateo, equipo con el que logr\u00f3 ascender a Primera Auton\u00f3mica. Tambi\u00e9n [&hellip;]\" \/>\n<meta property=\"og:url\" content=\"http:\/\/www.colocolofs.es\/web\/el-colo-colo-san-mateo-incorpora-a-soraya-abadia\/\" \/>\n<meta property=\"og:site_name\" content=\"Entrerr\u00edos Automatizaci\u00f3n\" \/>\n<meta property=\"article:published_time\" content=\"2020-08-12T17:52:07+00:00\" \/>\n<meta property=\"article:modified_time\" content=\"2020-08-12T17:52:17+00:00\" \/>\n<meta property=\"og:image\" content=\"https:\/\/www.colocolofs.es\/web\/wp-content\/uploads\/2020\/08\/soraya.jpg\" \/>\n\t<meta property=\"og:image:width\" content=\"2048\" \/>\n\t<meta property=\"og:image:height\" content=\"1024\" \/>\n<meta name=\"twitter:card\" content=\"summary_large_image\" \/>\n<script type=\"application\/ld+json\" class=\"yoast-schema-graph\">{\"@context\":\"https:\/\/schema.org\",\"@graph\":[{\"@type\":\"WebSite\",\"@id\":\"https:\/\/www.colocolofs.es\/web\/#website\",\"url\":\"https:\/\/www.colocolofs.es\/web\/\",\"name\":\"Entrerr\\u00edos Automatizaci\\u00f3n\",\"description\":\"Web oficial\",\"potentialAction\":[{\"@type\":\"SearchAction\",\"target\":\"https:\/\/www.colocolofs.es\/web\/?s={search_term_string}\",\"query-input\":\"required name=search_term_string\"}],\"inLanguage\":\"es\"},{\"@type\":\"ImageObject\",\"@id\":\"http:\/\/www.colocolofs.es\/web\/el-colo-colo-san-mateo-incorpora-a-soraya-abadia\/#primaryimage\",\"inLanguage\":\"es\",\"url\":\"https:\/\/www.colocolofs.es\/web\/wp-content\/uploads\/2020\/08\/soraya.jpg\",\"width\":2048,\"height\":1024},{\"@type\":\"WebPage\",\"@id\":\"http:\/\/www.colocolofs.es\/web\/el-colo-colo-san-mateo-incorpora-a-soraya-abadia\/#webpage\",\"url\":\"http:\/\/www.colocolofs.es\/web\/el-colo-colo-san-mateo-incorpora-a-soraya-abadia\/\",\"name\":\"El Colo Colo - San Mateo incorpora a Soraya Abad\\u00eda - Entrerr\\u00edos Automatizaci\\u00f3n\",\"isPartOf\":{\"@id\":\"https:\/\/www.colocolofs.es\/web\/#website\"},\"primaryImageOfPage\":{\"@id\":\"http:\/\/www.colocolofs.es\/web\/el-colo-colo-san-mateo-incorpora-a-soraya-abadia\/#primaryimage\"},\"datePublished\":\"2020-08-12T17:52:07+00:00\",\"dateModified\":\"2020-08-12T17:52:17+00:00\",\"author\":{\"@id\":\"https:\/\/www.colocolofs.es\/web\/#\/schema\/person\/1be91002ad639bd282f9d860b6eb7584\"},\"inLanguage\":\"es\",\"potentialAction\":[{\"@type\":\"ReadAction\",\"target\":[\"http:\/\/www.colocolofs.es\/web\/el-colo-colo-san-mateo-incorpora-a-soraya-abadia\/\"]}]},{\"@type\":[\"Person\"],\"@id\":\"https:\/\/www.colocolofs.es\/web\/#\/schema\/person\/1be91002ad639bd282f9d860b6eb7584\",\"name\":\"admin\"}]}<\/script>\n<!-- \/ Yoast SEO plugin. -->","_links":{"self":[{"href":"https:\/\/www.colocolofs.es\/web\/wp-json\/wp\/v2\/posts\/11927","targetHints":{"allow":["GET"]}}],"collection":[{"href":"https:\/\/www.colocolofs.es\/web\/wp-json\/wp\/v2\/posts"}],"about":[{"href":"https:\/\/www.colocolofs.es\/web\/wp-json\/wp\/v2\/types\/post"}],"author":[{"embeddable":true,"href":"https:\/\/www.colocolofs.es\/web\/wp-json\/wp\/v2\/users\/1"}],"replies":[{"embeddable":true,"href":"https:\/\/www.colocolofs.es\/web\/wp-json\/wp\/v2\/comments?post=11927"}],"version-history":[{"count":1,"href":"https:\/\/www.colocolofs.es\/web\/wp-json\/wp\/v2\/posts\/11927\/revisions"}],"predecessor-version":[{"id":11929,"href":"https:\/\/www.colocolofs.es\/web\/wp-json\/wp\/v2\/posts\/11927\/revisions\/11929"}],"wp:featuredmedia":[{"embeddable":true,"href":"https:\/\/www.colocolofs.es\/web\/wp-json\/wp\/v2\/media\/11928"}],"wp:attachment":[{"href":"https:\/\/www.colocolofs.es\/web\/wp-json\/wp\/v2\/media?parent=11927"}],"wp:term":[{"taxonomy":"category","embeddable":true,"href":"https:\/\/www.colocolofs.es\/web\/wp-json\/wp\/v2\/categories?post=11927"},{"taxonomy":"post_tag","embeddable":true,"href":"https:\/\/www.colocolofs.es\/web\/wp-json\/wp\/v2\/tags?post=11927"}],"curies":[{"name":"wp","href":"https:\/\/api.w.org\/{rel}","templated":true}]}}