{"id":11932,"date":"2020-08-14T09:51:28","date_gmt":"2020-08-14T09:51:28","guid":{"rendered":"http:\/\/www.colocolofs.es\/web\/?p=11932"},"modified":"2020-08-14T09:51:48","modified_gmt":"2020-08-14T09:51:48","slug":"definida-la-plantilla-del-juvenil-division-de-honor","status":"publish","type":"post","link":"https:\/\/www.colocolofs.es\/web\/definida-la-plantilla-del-juvenil-division-de-honor\/","title":{"rendered":"Definida la plantilla del Juvenil Divisi\u00f3n de Honor"},"content":{"rendered":"\n<p>La plantilla del Juvenil Divisi\u00f3n de Honor del Colo ya est\u00e1 definida. A los siete jugadores que siguen, con respecto a la campa\u00f1a 19\/20, se unen siete fichajes.&nbsp;<\/p>\n\n\n\n<p>El t\u00e9cnico seguir\u00e1 siendo Carlos Sampedro. Dani Meseguer har\u00e1 las funciones de segundo entrenador, y Javi Pascual ser\u00e1 el preparador de porteros.<\/p>\n\n\n\n<p>Los guardametas Yang Yang y Manu Vicente se mantienen en el equipo, al igual que Hugo Esteban, Jorge Nogueras, Jorge Flori\u00e1n, Samuel Zarralanga y V\u00edctor Abad.&nbsp;<\/p>\n\n\n\n<p>Las nuevas incorporaciones son: Jorge G\u00f3mez (Sala 10 Zaragoza), Iv\u00e1n Flores (Sala 10 Zaragoza), Pablo Cajal (Corazonistas), Carlos Fidalgo (Las Fuentes), Javier Abril (Gran V\u00eda), Koke Gayarre (Gran V\u00eda) y Guillermo In\u00e9s (Gran V\u00eda).&nbsp;<\/p>\n\n\n\n<p>En el cap\u00edtulo de bajas, Laxman, Jorge Pall\u00e1s y Arturo Maneros se desvinculan del Colo, mientras que V\u00edctor Casado, Alfonso Barcelona y Jacobo Ruiz tendr\u00e1n ficha con el filial.<\/p>\n\n\n\n<div class=\"wp-block-image\"><figure class=\"aligncenter size-large\"><img loading=\"lazy\" decoding=\"async\" width=\"1024\" height=\"512\" src=\"https:\/\/www.colocolofs.es\/web\/wp-content\/uploads\/2020\/08\/siguen-jdh-1024x512.jpg\" alt=\"\" class=\"wp-image-11934\" srcset=\"https:\/\/www.colocolofs.es\/web\/wp-content\/uploads\/2020\/08\/siguen-jdh-1024x512.jpg 1024w, https:\/\/www.colocolofs.es\/web\/wp-content\/uploads\/2020\/08\/siguen-jdh-300x150.jpg 300w, https:\/\/www.colocolofs.es\/web\/wp-content\/uploads\/2020\/08\/siguen-jdh-768x384.jpg 768w, https:\/\/www.colocolofs.es\/web\/wp-content\/uploads\/2020\/08\/siguen-jdh-1536x768.jpg 1536w, https:\/\/www.colocolofs.es\/web\/wp-content\/uploads\/2020\/08\/siguen-jdh-2048x1024.jpg 2048w, https:\/\/www.colocolofs.es\/web\/wp-content\/uploads\/2020\/08\/siguen-jdh-360x180.jpg 360w, https:\/\/www.colocolofs.es\/web\/wp-content\/uploads\/2020\/08\/siguen-jdh-750x375.jpg 750w, https:\/\/www.colocolofs.es\/web\/wp-content\/uploads\/2020\/08\/siguen-jdh-1140x570.jpg 1140w\" sizes=\"auto, (max-width: 1024px) 100vw, 1024px\" \/><figcaption>Siete jugadores siguen en el equipo. Fila de arriba (De izquierda a derecha): V\u00edctor Abad, Yang Yang y Jorge Flori\u00e1n. Fila inferior (De izquierda a derecha): Manu Vicente, Jorge Nogueras, Hugo Esteban y Samu Zarralanga. <\/figcaption><\/figure><\/div>\n\n\n\n<div class=\"wp-block-image\"><figure class=\"aligncenter size-large\"><img loading=\"lazy\" decoding=\"async\" width=\"1024\" height=\"512\" src=\"https:\/\/www.colocolofs.es\/web\/wp-content\/uploads\/2020\/08\/cuerpo-tecnico-1024x512.jpg\" alt=\"\" class=\"wp-image-11935\" srcset=\"https:\/\/www.colocolofs.es\/web\/wp-content\/uploads\/2020\/08\/cuerpo-tecnico-1024x512.jpg 1024w, https:\/\/www.colocolofs.es\/web\/wp-content\/uploads\/2020\/08\/cuerpo-tecnico-300x150.jpg 300w, https:\/\/www.colocolofs.es\/web\/wp-content\/uploads\/2020\/08\/cuerpo-tecnico-768x384.jpg 768w, https:\/\/www.colocolofs.es\/web\/wp-content\/uploads\/2020\/08\/cuerpo-tecnico-1536x768.jpg 1536w, https:\/\/www.colocolofs.es\/web\/wp-content\/uploads\/2020\/08\/cuerpo-tecnico-360x180.jpg 360w, https:\/\/www.colocolofs.es\/web\/wp-content\/uploads\/2020\/08\/cuerpo-tecnico-750x375.jpg 750w, https:\/\/www.colocolofs.es\/web\/wp-content\/uploads\/2020\/08\/cuerpo-tecnico-1140x570.jpg 1140w, https:\/\/www.colocolofs.es\/web\/wp-content\/uploads\/2020\/08\/cuerpo-tecnico.jpg 2048w\" sizes=\"auto, (max-width: 1024px) 100vw, 1024px\" \/><figcaption>Carlos Sampedro (izquierda) se mantiene como entrenador del equipo. Dani Meseguer (derecha) ejercer\u00e1 de segundo t\u00e9cnico.<\/figcaption><\/figure><\/div>\n","protected":false},"excerpt":{"rendered":"<p>La plantilla del Juvenil Divisi\u00f3n de Honor del Colo ya est\u00e1 definida. A los siete jugadores que siguen, con respecto a la campa\u00f1a 19\/20, se unen siete fichajes.&nbsp; El t\u00e9cnico seguir\u00e1 siendo Carlos Sampedro. Dani Meseguer har\u00e1 las funciones de segundo entrenador, y Javi Pascual ser\u00e1 el preparador de porteros. Los guardametas Yang Yang y [&hellip;]<\/p>\n","protected":false},"author":1,"featured_media":11933,"comment_status":"closed","ping_status":"closed","sticky":false,"template":"","format":"standard","meta":{"footnotes":""},"categories":[6],"tags":[],"class_list":["post-11932","post","type-post","status-publish","format-standard","has-post-thumbnail","hentry","category-categorias-base"],"jetpack_featured_media_url":"https:\/\/www.colocolofs.es\/web\/wp-content\/uploads\/2020\/08\/nuevos-jdh-scaled.jpg","yoast_head":"<!-- This site is optimized with the Yoast SEO plugin v14.4.1 - https:\/\/yoast.com\/wordpress\/plugins\/seo\/ -->\n<title>Definida la plantilla del Juvenil Divisi\u00f3n de Honor - Entrerr\u00edos Automatizaci\u00f3n<\/title>\n<meta name=\"robots\" content=\"index, follow\" \/>\n<meta name=\"googlebot\" content=\"index, follow, max-snippet:-1, max-image-preview:large, max-video-preview:-1\" \/>\n<meta name=\"bingbot\" content=\"index, follow, max-snippet:-1, max-image-preview:large, max-video-preview:-1\" \/>\n<link rel=\"canonical\" href=\"http:\/\/www.colocolofs.es\/web\/definida-la-plantilla-del-juvenil-division-de-honor\/\" \/>\n<meta property=\"og:locale\" content=\"es_ES\" \/>\n<meta property=\"og:type\" content=\"article\" \/>\n<meta property=\"og:title\" content=\"Definida la plantilla del Juvenil Divisi\u00f3n de Honor - Entrerr\u00edos Automatizaci\u00f3n\" \/>\n<meta property=\"og:description\" content=\"La plantilla del Juvenil Divisi\u00f3n de Honor del Colo ya est\u00e1 definida. A los siete jugadores que siguen, con respecto a la campa\u00f1a 19\/20, se unen siete fichajes.&nbsp; El t\u00e9cnico seguir\u00e1 siendo Carlos Sampedro. Dani Meseguer har\u00e1 las funciones de segundo entrenador, y Javi Pascual ser\u00e1 el preparador de porteros. Los guardametas Yang Yang y [&hellip;]\" \/>\n<meta property=\"og:url\" content=\"http:\/\/www.colocolofs.es\/web\/definida-la-plantilla-del-juvenil-division-de-honor\/\" \/>\n<meta property=\"og:site_name\" content=\"Entrerr\u00edos Automatizaci\u00f3n\" \/>\n<meta property=\"article:published_time\" content=\"2020-08-14T09:51:28+00:00\" \/>\n<meta property=\"article:modified_time\" content=\"2020-08-14T09:51:48+00:00\" \/>\n<meta property=\"og:image\" content=\"https:\/\/www.colocolofs.es\/web\/wp-content\/uploads\/2020\/08\/nuevos-jdh-scaled.jpg\" \/>\n\t<meta property=\"og:image:width\" content=\"2560\" \/>\n\t<meta property=\"og:image:height\" content=\"1280\" \/>\n<meta name=\"twitter:card\" content=\"summary_large_image\" \/>\n<script type=\"application\/ld+json\" class=\"yoast-schema-graph\">{\"@context\":\"https:\/\/schema.org\",\"@graph\":[{\"@type\":\"WebSite\",\"@id\":\"https:\/\/www.colocolofs.es\/web\/#website\",\"url\":\"https:\/\/www.colocolofs.es\/web\/\",\"name\":\"Entrerr\\u00edos Automatizaci\\u00f3n\",\"description\":\"Web oficial\",\"potentialAction\":[{\"@type\":\"SearchAction\",\"target\":\"https:\/\/www.colocolofs.es\/web\/?s={search_term_string}\",\"query-input\":\"required name=search_term_string\"}],\"inLanguage\":\"es\"},{\"@type\":\"ImageObject\",\"@id\":\"http:\/\/www.colocolofs.es\/web\/definida-la-plantilla-del-juvenil-division-de-honor\/#primaryimage\",\"inLanguage\":\"es\",\"url\":\"https:\/\/www.colocolofs.es\/web\/wp-content\/uploads\/2020\/08\/nuevos-jdh-scaled.jpg\",\"width\":2560,\"height\":1280,\"caption\":\"Las nuevas incorporaciones del JDH. Fila superior (De izquierda a derecha): Dani Meseguer (Segundo entrenador), Koke Gayarre, Jorge Abril, Jorge G\\u00f3mez. Fila inferior (De izquierda a derecha): Iv\\u00e1n Flores, Carlos Fidalgo, Pablo Cajal y Guillermo In\\u00e9s\"},{\"@type\":\"WebPage\",\"@id\":\"http:\/\/www.colocolofs.es\/web\/definida-la-plantilla-del-juvenil-division-de-honor\/#webpage\",\"url\":\"http:\/\/www.colocolofs.es\/web\/definida-la-plantilla-del-juvenil-division-de-honor\/\",\"name\":\"Definida la plantilla del Juvenil Divisi\\u00f3n de Honor - Entrerr\\u00edos Automatizaci\\u00f3n\",\"isPartOf\":{\"@id\":\"https:\/\/www.colocolofs.es\/web\/#website\"},\"primaryImageOfPage\":{\"@id\":\"http:\/\/www.colocolofs.es\/web\/definida-la-plantilla-del-juvenil-division-de-honor\/#primaryimage\"},\"datePublished\":\"2020-08-14T09:51:28+00:00\",\"dateModified\":\"2020-08-14T09:51:48+00:00\",\"author\":{\"@id\":\"https:\/\/www.colocolofs.es\/web\/#\/schema\/person\/1be91002ad639bd282f9d860b6eb7584\"},\"inLanguage\":\"es\",\"potentialAction\":[{\"@type\":\"ReadAction\",\"target\":[\"http:\/\/www.colocolofs.es\/web\/definida-la-plantilla-del-juvenil-division-de-honor\/\"]}]},{\"@type\":[\"Person\"],\"@id\":\"https:\/\/www.colocolofs.es\/web\/#\/schema\/person\/1be91002ad639bd282f9d860b6eb7584\",\"name\":\"admin\"}]}<\/script>\n<!-- \/ Yoast SEO plugin. -->","_links":{"self":[{"href":"https:\/\/www.colocolofs.es\/web\/wp-json\/wp\/v2\/posts\/11932","targetHints":{"allow":["GET"]}}],"collection":[{"href":"https:\/\/www.colocolofs.es\/web\/wp-json\/wp\/v2\/posts"}],"about":[{"href":"https:\/\/www.colocolofs.es\/web\/wp-json\/wp\/v2\/types\/post"}],"author":[{"embeddable":true,"href":"https:\/\/www.colocolofs.es\/web\/wp-json\/wp\/v2\/users\/1"}],"replies":[{"embeddable":true,"href":"https:\/\/www.colocolofs.es\/web\/wp-json\/wp\/v2\/comments?post=11932"}],"version-history":[{"count":1,"href":"https:\/\/www.colocolofs.es\/web\/wp-json\/wp\/v2\/posts\/11932\/revisions"}],"predecessor-version":[{"id":11936,"href":"https:\/\/www.colocolofs.es\/web\/wp-json\/wp\/v2\/posts\/11932\/revisions\/11936"}],"wp:featuredmedia":[{"embeddable":true,"href":"https:\/\/www.colocolofs.es\/web\/wp-json\/wp\/v2\/media\/11933"}],"wp:attachment":[{"href":"https:\/\/www.colocolofs.es\/web\/wp-json\/wp\/v2\/media?parent=11932"}],"wp:term":[{"taxonomy":"category","embeddable":true,"href":"https:\/\/www.colocolofs.es\/web\/wp-json\/wp\/v2\/categories?post=11932"},{"taxonomy":"post_tag","embeddable":true,"href":"https:\/\/www.colocolofs.es\/web\/wp-json\/wp\/v2\/tags?post=11932"}],"curies":[{"name":"wp","href":"https:\/\/api.w.org\/{rel}","templated":true}]}}