{"id":11942,"date":"2020-08-15T09:13:06","date_gmt":"2020-08-15T09:13:06","guid":{"rendered":"http:\/\/www.colocolofs.es\/web\/?p=11942"},"modified":"2020-08-15T09:13:21","modified_gmt":"2020-08-15T09:13:21","slug":"victor-casado-jugara-en-el-filial","status":"publish","type":"post","link":"https:\/\/www.colocolofs.es\/web\/victor-casado-jugara-en-el-filial\/","title":{"rendered":"V\u00edctor Casado jugar\u00e1 en el filial"},"content":{"rendered":"\n<p>V\u00edctor Casado (Tudela, 16\/10\/2001) jugar\u00e1 en el filial del Colo durante la temporada 2020\/2021.<\/p>\n\n\n\n<p>V\u00edctor es un ala-cierre que lleg\u00f3 al Juvenil Divisi\u00f3n de Honor del Colo hace un a\u00f1o, procedente de las categor\u00edas inferiores del Ribera Navarra.&nbsp;<\/p>\n\n\n\n<p>Ahora seguir\u00e1 su progresi\u00f3n en el equipo dirigido por Antonio Albero aunque, cabe recordar, que va a realizar la pretemporada con el Full Energ\u00eda Zaragoza.<\/p>\n","protected":false},"excerpt":{"rendered":"<p>V\u00edctor Casado (Tudela, 16\/10\/2001) jugar\u00e1 en el filial del Colo durante la temporada 2020\/2021. V\u00edctor es un ala-cierre que lleg\u00f3 al Juvenil Divisi\u00f3n de Honor del Colo hace un a\u00f1o, procedente de las categor\u00edas inferiores del Ribera Navarra.&nbsp; Ahora seguir\u00e1 su progresi\u00f3n en el equipo dirigido por Antonio Albero aunque, cabe recordar, que va a [&hellip;]<\/p>\n","protected":false},"author":1,"featured_media":11943,"comment_status":"closed","ping_status":"closed","sticky":false,"template":"","format":"standard","meta":{"footnotes":""},"categories":[6],"tags":[],"class_list":["post-11942","post","type-post","status-publish","format-standard","has-post-thumbnail","hentry","category-categorias-base"],"jetpack_featured_media_url":"https:\/\/www.colocolofs.es\/web\/wp-content\/uploads\/2020\/08\/VICTOR-CASADO.jpg","yoast_head":"<!-- This site is optimized with the Yoast SEO plugin v14.4.1 - https:\/\/yoast.com\/wordpress\/plugins\/seo\/ -->\n<title>V\u00edctor Casado jugar\u00e1 en el filial - Entrerr\u00edos Automatizaci\u00f3n<\/title>\n<meta name=\"robots\" content=\"index, follow\" \/>\n<meta name=\"googlebot\" content=\"index, follow, max-snippet:-1, max-image-preview:large, max-video-preview:-1\" \/>\n<meta name=\"bingbot\" content=\"index, follow, max-snippet:-1, max-image-preview:large, max-video-preview:-1\" \/>\n<link rel=\"canonical\" href=\"http:\/\/www.colocolofs.es\/web\/victor-casado-jugara-en-el-filial\/\" \/>\n<meta property=\"og:locale\" content=\"es_ES\" \/>\n<meta property=\"og:type\" content=\"article\" \/>\n<meta property=\"og:title\" content=\"V\u00edctor Casado jugar\u00e1 en el filial - Entrerr\u00edos Automatizaci\u00f3n\" \/>\n<meta property=\"og:description\" content=\"V\u00edctor Casado (Tudela, 16\/10\/2001) jugar\u00e1 en el filial del Colo durante la temporada 2020\/2021. V\u00edctor es un ala-cierre que lleg\u00f3 al Juvenil Divisi\u00f3n de Honor del Colo hace un a\u00f1o, procedente de las categor\u00edas inferiores del Ribera Navarra.&nbsp; Ahora seguir\u00e1 su progresi\u00f3n en el equipo dirigido por Antonio Albero aunque, cabe recordar, que va a [&hellip;]\" \/>\n<meta property=\"og:url\" content=\"http:\/\/www.colocolofs.es\/web\/victor-casado-jugara-en-el-filial\/\" \/>\n<meta property=\"og:site_name\" content=\"Entrerr\u00edos Automatizaci\u00f3n\" \/>\n<meta property=\"article:published_time\" content=\"2020-08-15T09:13:06+00:00\" \/>\n<meta property=\"article:modified_time\" content=\"2020-08-15T09:13:21+00:00\" \/>\n<meta property=\"og:image\" content=\"https:\/\/www.colocolofs.es\/web\/wp-content\/uploads\/2020\/08\/VICTOR-CASADO.jpg\" \/>\n\t<meta property=\"og:image:width\" content=\"2048\" \/>\n\t<meta property=\"og:image:height\" content=\"1024\" \/>\n<meta name=\"twitter:card\" content=\"summary_large_image\" \/>\n<script type=\"application\/ld+json\" class=\"yoast-schema-graph\">{\"@context\":\"https:\/\/schema.org\",\"@graph\":[{\"@type\":\"WebSite\",\"@id\":\"https:\/\/www.colocolofs.es\/web\/#website\",\"url\":\"https:\/\/www.colocolofs.es\/web\/\",\"name\":\"Entrerr\\u00edos Automatizaci\\u00f3n\",\"description\":\"Web oficial\",\"potentialAction\":[{\"@type\":\"SearchAction\",\"target\":\"https:\/\/www.colocolofs.es\/web\/?s={search_term_string}\",\"query-input\":\"required name=search_term_string\"}],\"inLanguage\":\"es\"},{\"@type\":\"ImageObject\",\"@id\":\"http:\/\/www.colocolofs.es\/web\/victor-casado-jugara-en-el-filial\/#primaryimage\",\"inLanguage\":\"es\",\"url\":\"https:\/\/www.colocolofs.es\/web\/wp-content\/uploads\/2020\/08\/VICTOR-CASADO.jpg\",\"width\":2048,\"height\":1024},{\"@type\":\"WebPage\",\"@id\":\"http:\/\/www.colocolofs.es\/web\/victor-casado-jugara-en-el-filial\/#webpage\",\"url\":\"http:\/\/www.colocolofs.es\/web\/victor-casado-jugara-en-el-filial\/\",\"name\":\"V\\u00edctor Casado jugar\\u00e1 en el filial - Entrerr\\u00edos Automatizaci\\u00f3n\",\"isPartOf\":{\"@id\":\"https:\/\/www.colocolofs.es\/web\/#website\"},\"primaryImageOfPage\":{\"@id\":\"http:\/\/www.colocolofs.es\/web\/victor-casado-jugara-en-el-filial\/#primaryimage\"},\"datePublished\":\"2020-08-15T09:13:06+00:00\",\"dateModified\":\"2020-08-15T09:13:21+00:00\",\"author\":{\"@id\":\"https:\/\/www.colocolofs.es\/web\/#\/schema\/person\/1be91002ad639bd282f9d860b6eb7584\"},\"inLanguage\":\"es\",\"potentialAction\":[{\"@type\":\"ReadAction\",\"target\":[\"http:\/\/www.colocolofs.es\/web\/victor-casado-jugara-en-el-filial\/\"]}]},{\"@type\":[\"Person\"],\"@id\":\"https:\/\/www.colocolofs.es\/web\/#\/schema\/person\/1be91002ad639bd282f9d860b6eb7584\",\"name\":\"admin\"}]}<\/script>\n<!-- \/ Yoast SEO plugin. -->","_links":{"self":[{"href":"https:\/\/www.colocolofs.es\/web\/wp-json\/wp\/v2\/posts\/11942","targetHints":{"allow":["GET"]}}],"collection":[{"href":"https:\/\/www.colocolofs.es\/web\/wp-json\/wp\/v2\/posts"}],"about":[{"href":"https:\/\/www.colocolofs.es\/web\/wp-json\/wp\/v2\/types\/post"}],"author":[{"embeddable":true,"href":"https:\/\/www.colocolofs.es\/web\/wp-json\/wp\/v2\/users\/1"}],"replies":[{"embeddable":true,"href":"https:\/\/www.colocolofs.es\/web\/wp-json\/wp\/v2\/comments?post=11942"}],"version-history":[{"count":1,"href":"https:\/\/www.colocolofs.es\/web\/wp-json\/wp\/v2\/posts\/11942\/revisions"}],"predecessor-version":[{"id":11944,"href":"https:\/\/www.colocolofs.es\/web\/wp-json\/wp\/v2\/posts\/11942\/revisions\/11944"}],"wp:featuredmedia":[{"embeddable":true,"href":"https:\/\/www.colocolofs.es\/web\/wp-json\/wp\/v2\/media\/11943"}],"wp:attachment":[{"href":"https:\/\/www.colocolofs.es\/web\/wp-json\/wp\/v2\/media?parent=11942"}],"wp:term":[{"taxonomy":"category","embeddable":true,"href":"https:\/\/www.colocolofs.es\/web\/wp-json\/wp\/v2\/categories?post=11942"},{"taxonomy":"post_tag","embeddable":true,"href":"https:\/\/www.colocolofs.es\/web\/wp-json\/wp\/v2\/tags?post=11942"}],"curies":[{"name":"wp","href":"https:\/\/api.w.org\/{rel}","templated":true}]}}