{"id":1201,"date":"2020-02-06T08:01:00","date_gmt":"2020-02-06T08:01:00","guid":{"rendered":"http:\/\/www.colocolofs.es\/web\/blog\/2020\/02\/06\/el-colo-colo-zaragoza-impulsa-la-creacion-de-su-seccion-femenina\/"},"modified":"2020-04-10T19:13:29","modified_gmt":"2020-04-10T19:13:29","slug":"el-colo-colo-zaragoza-impulsa-la-creacion-de-su-seccion-femenina","status":"publish","type":"post","link":"https:\/\/www.colocolofs.es\/web\/el-colo-colo-zaragoza-impulsa-la-creacion-de-su-seccion-femenina\/","title":{"rendered":"El Colo Colo Zaragoza impulsa la creaci\u00f3n de su secci\u00f3n femenina"},"content":{"rendered":"<p class=\"text-align-justify\" dir=\"ltr\">Con la intenci\u00f3n de seguir creciendo como entidad, la A.D. Colo Colo Zaragoza ha decidido llevar a cabo la creaci\u00f3n de equipos femeninos, algo in\u00e9dito en los 48 a\u00f1os de historia del Club.<\/p>\n<p class=\"text-align-justify\" dir=\"ltr\">El objetivo principal es poder confeccionar un equipo infantil (nacidas en 2007, 2008 o 2009), sin descartar la posibilidad de hacer uno cadete (nacidas en 2005 o 2006). Pero desde la coordinaci\u00f3n tambi\u00e9n se atender\u00e1n solicitudes de otras edades (nacidas desde 2009 hasta 2016) para que formen parte de los equipos de categor\u00edas inferiores del Club, y vayan adapt\u00e1ndose a la metodolog\u00eda de entrenamientos.<\/p>\n<p class=\"text-align-justify\" dir=\"ltr\">Alberto Meseguer, presidente del Colo, explica los motivos de esta decisi\u00f3n: \u201cEs algo que llevamos en mente desde hace tiempo y, ahora, consideramos que es un buen momento para apostar por ello\u201d. Y a\u00f1ade lo siguiente: \u201cPor el momento queremos empezar con uno o dos equipos, aunque no descartamos que ese n\u00famero incremente\u201d.<\/p>\n<p class=\"text-align-justify\" dir=\"ltr\">En la temporada 2019\/20, el Colo Colo Zaragoza cuenta con dos jugadoras en su f\u00fatbol base. Lucia S\u00e1nchez, en la Escuela, y Julia Vallesp\u00edn, en el PJ Inmobiliaria Colo Colo Alev\u00edn \u2018A\u2019. Adem\u00e1s, hay tres entrenadoras: Alicia Blasco (Escuela e Iniciaci\u00f3n \u2018B\u2019),&nbsp; Carolina Recuero (Iniciaci\u00f3n \u2018B\u2019) y Paula P\u00e9rez (Benjam\u00edn \u2018A\u2019).<\/p>\n<p class=\"text-align-justify\" dir=\"ltr\">Para m\u00e1s informaci\u00f3n, llamar al 676 63 23 13 (Alicia Blasco) o mandando un correo electr\u00f3nico a comunicacion.colocolozaragoza@gmail.com<b>&nbsp;<\/b><\/p>\n<p>\n&nbsp;<\/p>\n","protected":false},"excerpt":{"rendered":"<p>Con la intenci\u00f3n de seguir creciendo como entidad, la A.D. Colo Colo Zaragoza ha decidido llevar a cabo la creaci\u00f3n de equipos femeninos, algo in\u00e9dito en los 48 a\u00f1os de historia del Club. El objetivo principal es poder confeccionar un equipo infantil (nacidas en 2007, 2008 o 2009), sin descartar la posibilidad de hacer uno [&hellip;]<\/p>\n","protected":false},"author":1,"featured_media":1200,"comment_status":"open","ping_status":"open","sticky":false,"template":"","format":"standard","meta":{"footnotes":""},"categories":[8],"tags":[],"class_list":["post-1201","post","type-post","status-publish","format-standard","has-post-thumbnail","hentry","category-colo-colo-femenino"],"jetpack_featured_media_url":"https:\/\/www.colocolofs.es\/web\/wp-content\/uploads\/2020\/02\/0001_0-scaled.jpg","yoast_head":"<!-- This site is optimized with the Yoast SEO plugin v14.4.1 - https:\/\/yoast.com\/wordpress\/plugins\/seo\/ -->\n<title>El Colo Colo Zaragoza impulsa la creaci\u00f3n de su secci\u00f3n femenina - Entrerr\u00edos Automatizaci\u00f3n<\/title>\n<meta name=\"robots\" content=\"index, follow\" \/>\n<meta name=\"googlebot\" content=\"index, follow, max-snippet:-1, max-image-preview:large, max-video-preview:-1\" \/>\n<meta name=\"bingbot\" content=\"index, follow, max-snippet:-1, max-image-preview:large, max-video-preview:-1\" \/>\n<link rel=\"canonical\" href=\"http:\/\/www.colocolofs.es\/web\/el-colo-colo-zaragoza-impulsa-la-creacion-de-su-seccion-femenina\/\" \/>\n<meta property=\"og:locale\" content=\"es_ES\" \/>\n<meta property=\"og:type\" content=\"article\" \/>\n<meta property=\"og:title\" content=\"El Colo Colo Zaragoza impulsa la creaci\u00f3n de su secci\u00f3n femenina - Entrerr\u00edos Automatizaci\u00f3n\" \/>\n<meta property=\"og:description\" content=\"Con la intenci\u00f3n de seguir creciendo como entidad, la A.D. Colo Colo Zaragoza ha decidido llevar a cabo la creaci\u00f3n de equipos femeninos, algo in\u00e9dito en los 48 a\u00f1os de historia del Club. El objetivo principal es poder confeccionar un equipo infantil (nacidas en 2007, 2008 o 2009), sin descartar la posibilidad de hacer uno [&hellip;]\" \/>\n<meta property=\"og:url\" content=\"http:\/\/www.colocolofs.es\/web\/el-colo-colo-zaragoza-impulsa-la-creacion-de-su-seccion-femenina\/\" \/>\n<meta property=\"og:site_name\" content=\"Entrerr\u00edos Automatizaci\u00f3n\" \/>\n<meta property=\"article:published_time\" content=\"2020-02-06T08:01:00+00:00\" \/>\n<meta property=\"article:modified_time\" content=\"2020-04-10T19:13:29+00:00\" \/>\n<meta property=\"og:image\" content=\"https:\/\/www.colocolofs.es\/web\/wp-content\/uploads\/2020\/02\/0001_0-scaled.jpg\" \/>\n\t<meta property=\"og:image:width\" content=\"1854\" \/>\n\t<meta property=\"og:image:height\" content=\"2560\" \/>\n<meta name=\"twitter:card\" content=\"summary_large_image\" \/>\n<script type=\"application\/ld+json\" class=\"yoast-schema-graph\">{\"@context\":\"https:\/\/schema.org\",\"@graph\":[{\"@type\":\"WebSite\",\"@id\":\"https:\/\/www.colocolofs.es\/web\/#website\",\"url\":\"https:\/\/www.colocolofs.es\/web\/\",\"name\":\"Entrerr\\u00edos Automatizaci\\u00f3n\",\"description\":\"Web oficial\",\"potentialAction\":[{\"@type\":\"SearchAction\",\"target\":\"https:\/\/www.colocolofs.es\/web\/?s={search_term_string}\",\"query-input\":\"required name=search_term_string\"}],\"inLanguage\":\"es\"},{\"@type\":\"ImageObject\",\"@id\":\"http:\/\/www.colocolofs.es\/web\/el-colo-colo-zaragoza-impulsa-la-creacion-de-su-seccion-femenina\/#primaryimage\",\"inLanguage\":\"es\",\"url\":\"https:\/\/www.colocolofs.es\/web\/wp-content\/uploads\/2020\/02\/0001_0-scaled.jpg\",\"width\":1854,\"height\":2560,\"caption\":\"El Colo Colo Zaragoza impulsa la creaci\\u00f3n de su secci\\u00f3n femenina\"},{\"@type\":\"WebPage\",\"@id\":\"http:\/\/www.colocolofs.es\/web\/el-colo-colo-zaragoza-impulsa-la-creacion-de-su-seccion-femenina\/#webpage\",\"url\":\"http:\/\/www.colocolofs.es\/web\/el-colo-colo-zaragoza-impulsa-la-creacion-de-su-seccion-femenina\/\",\"name\":\"El Colo Colo Zaragoza impulsa la creaci\\u00f3n de su secci\\u00f3n femenina - Entrerr\\u00edos Automatizaci\\u00f3n\",\"isPartOf\":{\"@id\":\"https:\/\/www.colocolofs.es\/web\/#website\"},\"primaryImageOfPage\":{\"@id\":\"http:\/\/www.colocolofs.es\/web\/el-colo-colo-zaragoza-impulsa-la-creacion-de-su-seccion-femenina\/#primaryimage\"},\"datePublished\":\"2020-02-06T08:01:00+00:00\",\"dateModified\":\"2020-04-10T19:13:29+00:00\",\"author\":{\"@id\":\"https:\/\/www.colocolofs.es\/web\/#\/schema\/person\/1be91002ad639bd282f9d860b6eb7584\"},\"inLanguage\":\"es\",\"potentialAction\":[{\"@type\":\"ReadAction\",\"target\":[\"http:\/\/www.colocolofs.es\/web\/el-colo-colo-zaragoza-impulsa-la-creacion-de-su-seccion-femenina\/\"]}]},{\"@type\":[\"Person\"],\"@id\":\"https:\/\/www.colocolofs.es\/web\/#\/schema\/person\/1be91002ad639bd282f9d860b6eb7584\",\"name\":\"admin\"}]}<\/script>\n<!-- \/ Yoast SEO plugin. -->","_links":{"self":[{"href":"https:\/\/www.colocolofs.es\/web\/wp-json\/wp\/v2\/posts\/1201","targetHints":{"allow":["GET"]}}],"collection":[{"href":"https:\/\/www.colocolofs.es\/web\/wp-json\/wp\/v2\/posts"}],"about":[{"href":"https:\/\/www.colocolofs.es\/web\/wp-json\/wp\/v2\/types\/post"}],"author":[{"embeddable":true,"href":"https:\/\/www.colocolofs.es\/web\/wp-json\/wp\/v2\/users\/1"}],"replies":[{"embeddable":true,"href":"https:\/\/www.colocolofs.es\/web\/wp-json\/wp\/v2\/comments?post=1201"}],"version-history":[{"count":1,"href":"https:\/\/www.colocolofs.es\/web\/wp-json\/wp\/v2\/posts\/1201\/revisions"}],"predecessor-version":[{"id":10231,"href":"https:\/\/www.colocolofs.es\/web\/wp-json\/wp\/v2\/posts\/1201\/revisions\/10231"}],"wp:featuredmedia":[{"embeddable":true,"href":"https:\/\/www.colocolofs.es\/web\/wp-json\/wp\/v2\/media\/1200"}],"wp:attachment":[{"href":"https:\/\/www.colocolofs.es\/web\/wp-json\/wp\/v2\/media?parent=1201"}],"wp:term":[{"taxonomy":"category","embeddable":true,"href":"https:\/\/www.colocolofs.es\/web\/wp-json\/wp\/v2\/categories?post=1201"},{"taxonomy":"post_tag","embeddable":true,"href":"https:\/\/www.colocolofs.es\/web\/wp-json\/wp\/v2\/tags?post=1201"}],"curies":[{"name":"wp","href":"https:\/\/api.w.org\/{rel}","templated":true}]}}