{"id":1203,"date":"2020-02-06T20:37:01","date_gmt":"2020-02-06T20:37:01","guid":{"rendered":"http:\/\/www.colocolofs.es\/web\/blog\/2020\/02\/06\/sorteadas-las-semifinales-de-la-xiii-copa-del-gobierno-de-aragon\/"},"modified":"2020-04-11T13:51:39","modified_gmt":"2020-04-11T13:51:39","slug":"sorteadas-las-semifinales-de-la-xiii-copa-del-gobierno-de-aragon","status":"publish","type":"post","link":"https:\/\/www.colocolofs.es\/web\/sorteadas-las-semifinales-de-la-xiii-copa-del-gobierno-de-aragon\/","title":{"rendered":"Sorteadas las semifinales de la XIII Copa del Gobierno de Arag\u00f3n"},"content":{"rendered":"<p class=\"text-align-justify\">Los d\u00edas 9 y 10 de mayo, se disputar\u00e1 la XIII Copa del Gobierno de Arag\u00f3n en el Polideportivo de Borja.<\/p>\n<p class=\"text-align-justify\">El Azulejos Moncayo Colo Colo se enfrentar\u00e1, el s\u00e1bado 9 a partir de las 16:30 horas,&nbsp;en semifinales al Zarapak Tauste de Segunda Divisi\u00f3n &#8216;B&#8217;. Mientras que en el otro duelo por acceder a la final, el Sala 10 Zaragoza jugar\u00e1 ante el Patatas G\u00f3mez Sala 2012.<\/p>\n<p class=\"text-align-justify\">La final se disputar\u00e1 el domingo 10 a las 12:30 horas.<\/p>\n","protected":false},"excerpt":{"rendered":"<p>Los d\u00edas 9 y 10 de mayo, se disputar\u00e1 la XIII Copa del Gobierno de Arag\u00f3n en el Polideportivo de Borja. El Azulejos Moncayo Colo Colo se enfrentar\u00e1, el s\u00e1bado 9 a partir de las 16:30 horas,&nbsp;en semifinales al Zarapak Tauste de Segunda Divisi\u00f3n &#8216;B&#8217;. Mientras que en el otro duelo por acceder a la [&hellip;]<\/p>\n","protected":false},"author":1,"featured_media":1202,"comment_status":"open","ping_status":"open","sticky":false,"template":"","format":"standard","meta":{"footnotes":""},"categories":[5],"tags":[],"class_list":["post-1203","post","type-post","status-publish","format-standard","has-post-thumbnail","hentry","category-primer-equipo"],"jetpack_featured_media_url":"https:\/\/www.colocolofs.es\/web\/wp-content\/uploads\/2020\/02\/EQB7pjLVAAI41ez.jpg","yoast_head":"<!-- This site is optimized with the Yoast SEO plugin v14.4.1 - https:\/\/yoast.com\/wordpress\/plugins\/seo\/ -->\n<title>Sorteadas las semifinales de la XIII Copa del Gobierno de Arag\u00f3n - Entrerr\u00edos Automatizaci\u00f3n<\/title>\n<meta name=\"robots\" content=\"index, follow\" \/>\n<meta name=\"googlebot\" content=\"index, follow, max-snippet:-1, max-image-preview:large, max-video-preview:-1\" \/>\n<meta name=\"bingbot\" content=\"index, follow, max-snippet:-1, max-image-preview:large, max-video-preview:-1\" \/>\n<link rel=\"canonical\" href=\"http:\/\/www.colocolofs.es\/web\/sorteadas-las-semifinales-de-la-xiii-copa-del-gobierno-de-aragon\/\" \/>\n<meta property=\"og:locale\" content=\"es_ES\" \/>\n<meta property=\"og:type\" content=\"article\" \/>\n<meta property=\"og:title\" content=\"Sorteadas las semifinales de la XIII Copa del Gobierno de Arag\u00f3n - Entrerr\u00edos Automatizaci\u00f3n\" \/>\n<meta property=\"og:description\" content=\"Los d\u00edas 9 y 10 de mayo, se disputar\u00e1 la XIII Copa del Gobierno de Arag\u00f3n en el Polideportivo de Borja. El Azulejos Moncayo Colo Colo se enfrentar\u00e1, el s\u00e1bado 9 a partir de las 16:30 horas,&nbsp;en semifinales al Zarapak Tauste de Segunda Divisi\u00f3n &#8216;B&#8217;. Mientras que en el otro duelo por acceder a la [&hellip;]\" \/>\n<meta property=\"og:url\" content=\"http:\/\/www.colocolofs.es\/web\/sorteadas-las-semifinales-de-la-xiii-copa-del-gobierno-de-aragon\/\" \/>\n<meta property=\"og:site_name\" content=\"Entrerr\u00edos Automatizaci\u00f3n\" \/>\n<meta property=\"article:published_time\" content=\"2020-02-06T20:37:01+00:00\" \/>\n<meta property=\"article:modified_time\" content=\"2020-04-11T13:51:39+00:00\" \/>\n<meta property=\"og:image\" content=\"https:\/\/www.colocolofs.es\/web\/wp-content\/uploads\/2020\/02\/EQB7pjLVAAI41ez.jpg\" \/>\n\t<meta property=\"og:image:width\" content=\"800\" \/>\n\t<meta property=\"og:image:height\" content=\"406\" \/>\n<meta name=\"twitter:card\" content=\"summary_large_image\" \/>\n<script type=\"application\/ld+json\" class=\"yoast-schema-graph\">{\"@context\":\"https:\/\/schema.org\",\"@graph\":[{\"@type\":\"WebSite\",\"@id\":\"https:\/\/www.colocolofs.es\/web\/#website\",\"url\":\"https:\/\/www.colocolofs.es\/web\/\",\"name\":\"Entrerr\\u00edos Automatizaci\\u00f3n\",\"description\":\"Web oficial\",\"potentialAction\":[{\"@type\":\"SearchAction\",\"target\":\"https:\/\/www.colocolofs.es\/web\/?s={search_term_string}\",\"query-input\":\"required name=search_term_string\"}],\"inLanguage\":\"es\"},{\"@type\":\"ImageObject\",\"@id\":\"http:\/\/www.colocolofs.es\/web\/sorteadas-las-semifinales-de-la-xiii-copa-del-gobierno-de-aragon\/#primaryimage\",\"inLanguage\":\"es\",\"url\":\"https:\/\/www.colocolofs.es\/web\/wp-content\/uploads\/2020\/02\/EQB7pjLVAAI41ez.jpg\",\"width\":800,\"height\":406,\"caption\":\"Sorteadas las semifinales de la XIII Copa del Gobierno de Arag\\u00f3n\"},{\"@type\":\"WebPage\",\"@id\":\"http:\/\/www.colocolofs.es\/web\/sorteadas-las-semifinales-de-la-xiii-copa-del-gobierno-de-aragon\/#webpage\",\"url\":\"http:\/\/www.colocolofs.es\/web\/sorteadas-las-semifinales-de-la-xiii-copa-del-gobierno-de-aragon\/\",\"name\":\"Sorteadas las semifinales de la XIII Copa del Gobierno de Arag\\u00f3n - Entrerr\\u00edos Automatizaci\\u00f3n\",\"isPartOf\":{\"@id\":\"https:\/\/www.colocolofs.es\/web\/#website\"},\"primaryImageOfPage\":{\"@id\":\"http:\/\/www.colocolofs.es\/web\/sorteadas-las-semifinales-de-la-xiii-copa-del-gobierno-de-aragon\/#primaryimage\"},\"datePublished\":\"2020-02-06T20:37:01+00:00\",\"dateModified\":\"2020-04-11T13:51:39+00:00\",\"author\":{\"@id\":\"https:\/\/www.colocolofs.es\/web\/#\/schema\/person\/1be91002ad639bd282f9d860b6eb7584\"},\"inLanguage\":\"es\",\"potentialAction\":[{\"@type\":\"ReadAction\",\"target\":[\"http:\/\/www.colocolofs.es\/web\/sorteadas-las-semifinales-de-la-xiii-copa-del-gobierno-de-aragon\/\"]}]},{\"@type\":[\"Person\"],\"@id\":\"https:\/\/www.colocolofs.es\/web\/#\/schema\/person\/1be91002ad639bd282f9d860b6eb7584\",\"name\":\"admin\"}]}<\/script>\n<!-- \/ Yoast SEO plugin. -->","_links":{"self":[{"href":"https:\/\/www.colocolofs.es\/web\/wp-json\/wp\/v2\/posts\/1203","targetHints":{"allow":["GET"]}}],"collection":[{"href":"https:\/\/www.colocolofs.es\/web\/wp-json\/wp\/v2\/posts"}],"about":[{"href":"https:\/\/www.colocolofs.es\/web\/wp-json\/wp\/v2\/types\/post"}],"author":[{"embeddable":true,"href":"https:\/\/www.colocolofs.es\/web\/wp-json\/wp\/v2\/users\/1"}],"replies":[{"embeddable":true,"href":"https:\/\/www.colocolofs.es\/web\/wp-json\/wp\/v2\/comments?post=1203"}],"version-history":[{"count":1,"href":"https:\/\/www.colocolofs.es\/web\/wp-json\/wp\/v2\/posts\/1203\/revisions"}],"predecessor-version":[{"id":10360,"href":"https:\/\/www.colocolofs.es\/web\/wp-json\/wp\/v2\/posts\/1203\/revisions\/10360"}],"wp:featuredmedia":[{"embeddable":true,"href":"https:\/\/www.colocolofs.es\/web\/wp-json\/wp\/v2\/media\/1202"}],"wp:attachment":[{"href":"https:\/\/www.colocolofs.es\/web\/wp-json\/wp\/v2\/media?parent=1203"}],"wp:term":[{"taxonomy":"category","embeddable":true,"href":"https:\/\/www.colocolofs.es\/web\/wp-json\/wp\/v2\/categories?post=1203"},{"taxonomy":"post_tag","embeddable":true,"href":"https:\/\/www.colocolofs.es\/web\/wp-json\/wp\/v2\/tags?post=1203"}],"curies":[{"name":"wp","href":"https:\/\/api.w.org\/{rel}","templated":true}]}}