{"id":1205,"date":"2020-02-08T06:57:26","date_gmt":"2020-02-08T06:57:26","guid":{"rendered":"http:\/\/www.colocolofs.es\/web\/blog\/2020\/02\/08\/el-azulejos-moncayo-colo-colo-a-rivas-con-la-necesidad-vital-de-conseguir-la-victoria\/"},"modified":"2020-04-11T13:51:32","modified_gmt":"2020-04-11T13:51:32","slug":"el-azulejos-moncayo-colo-colo-a-rivas-con-la-necesidad-vital-de-conseguir-la-victoria","status":"publish","type":"post","link":"https:\/\/www.colocolofs.es\/web\/el-azulejos-moncayo-colo-colo-a-rivas-con-la-necesidad-vital-de-conseguir-la-victoria\/","title":{"rendered":"El Azulejos Moncayo Colo Colo, a Rivas con la necesidad vital de conseguir la victoria"},"content":{"rendered":"<p class=\"text-align-justify\">El Azulejos Moncayo Colo Colo se enfrenta al Rivas Futsal en el duelo correspondiente a la jornada 20&nbsp;de Liga, que se disputar\u00e1 en el Pabell\u00f3n Cerro del Tel\u00e9grafo el domingo 9 de febrero a partir de las 12:30 horas.<\/p>\n<p class=\"text-align-justify\">El Azulejos Moncayo Colo Colo afronta el encuentro con la necesidad vital de conseguir la victoria, ya que los \u00faltimos resultados (dos derrotas -Bisontes y Meng\u00edbar- y un empate -Bar\u00e7a \u2018B\u2019-) han provocado que la distancia con la permanencia haya aumentado y, por ello, conseguir los tres puntos en el Cerro del Tel\u00e9grafo es fundamental para mantenerse en la \u2018pelea\u2019 por mantener la categor\u00eda y afrontar con m\u00e1s optimismo los pr\u00f3ximos partidos.<\/p>\n<p class=\"text-align-justify\">Los azulones son pen\u00faltimos con 15 puntos, cuatro menos que el Bar\u00e7a \u2018B\u2019, equipo que marca la permanencia. Aunque hay que recordar que el filial azulgrana tiene el \u2018gol-average\u2019 particular ganado al Azulejos Moncayo Colo Colo.<\/p>\n<p class=\"text-align-justify\">Esta jornada, el equipo entrenado por Alfonso Rodr\u00edguez tiene otra oportunidad para recortar distancias con sus rivales \u2018directos\u2019 en la pelea por mantener la categor\u00eda. Bisontes visita al Alzira, Ceut\u00ed al Antequera -tercer clasificado-, Santiago recibe al M\u00f3stoles -sexto en la tabla- y el Bar\u00e7a \u2018B\u2019 se desplaza hasta Meng\u00edbar.<\/p>\n<p class=\"text-align-justify\">Pero lo principal es que el Azulejos Moncayo Colo Colo logre sumar los tres puntos y, para ello, tendr\u00e1 que superar al Rivas Futsal.<\/p>\n<p class=\"text-align-justify\">Los madrile\u00f1os ocupan el \u00faltimo puesto con un balance de dos triunfos, tres empates y catorce derrotas -una de ellas la cosechada contra el Azulejos Moncayo Colo Colo en la primera vuelta-. Por lo tanto, tienen&nbsp;muy dif\u00edcil seguir en Segunda Divisi\u00f3n aunque, a buen seguro, lo intentar\u00e1n hasta el final.<\/p>\n<p class=\"text-align-justify\">De los nueve puntos que acumula el Rivas en su casillero, ocho los ha logrado en su pista donde ha vencido al Bisontes Castell\u00f3n (3-1) y ElPozo Ciudad de Murcia (3-1), mientras que empat\u00f3 frente al Ceut\u00ed (3-3) y Santiago Futsal (3-3). En la pista del Alzira tambi\u00e9n obtuvo un punto (5-5).<\/p>\n<p class=\"text-align-justify\">Del Rivas, cabe destacar la juventud de su plantilla y la aportaci\u00f3n goleadora de Dani G\u00f3mez y Alberto Pecuela, con once y ocho tantos, respectivamente.<\/p>\n<p class=\"text-align-justify\">Para este encuentro, Alfonso Rodr\u00edguez recupera a Pablo Trasobares -baja ante el Software Delsol Meng\u00edbar-, aunque Diego Pardo ser\u00e1 duda hasta el \u00faltimo momento.<\/p>\n<p class=\"text-align-justify\">Convocatoria Azulejos Moncayo Colo Colo:&nbsp;Abel, Basmalis, Aitor, Muniesa, \u00c1. Gasc\u00f3n, Diego, Pasam\u00f3n, Condelly, D. Sancho, Carlos Garc\u00eda y Trasobares.<\/p>\n<p class=\"text-align-justify\"><strong>El partido se podr\u00e1 ver en &#8216;streaming&#8217; en www.lnfs.es<\/strong><\/p>\n<p class=\"text-align-justify\">&nbsp;<\/p>\n<p class=\"text-align-justify\"><em>Foto: Pedro Luis Serrano<\/em><\/p>\n","protected":false},"excerpt":{"rendered":"<p>El Azulejos Moncayo Colo Colo se enfrenta al Rivas Futsal en el duelo correspondiente a la jornada 20&nbsp;de Liga, que se disputar\u00e1 en el Pabell\u00f3n Cerro del Tel\u00e9grafo el domingo 9 de febrero a partir de las 12:30 horas. El Azulejos Moncayo Colo Colo afronta el encuentro con la necesidad vital de conseguir la victoria, [&hellip;]<\/p>\n","protected":false},"author":1,"featured_media":1204,"comment_status":"open","ping_status":"open","sticky":false,"template":"","format":"standard","meta":{"footnotes":""},"categories":[5],"tags":[],"class_list":["post-1205","post","type-post","status-publish","format-standard","has-post-thumbnail","hentry","category-primer-equipo"],"jetpack_featured_media_url":"https:\/\/www.colocolofs.es\/web\/wp-content\/uploads\/2020\/02\/Foto-3.jpg","yoast_head":"<!-- This site is optimized with the Yoast SEO plugin v14.4.1 - https:\/\/yoast.com\/wordpress\/plugins\/seo\/ -->\n<title>El Azulejos Moncayo Colo Colo, a Rivas con la necesidad vital de conseguir la victoria - Entrerr\u00edos Automatizaci\u00f3n<\/title>\n<meta name=\"robots\" content=\"index, follow\" \/>\n<meta name=\"googlebot\" content=\"index, follow, max-snippet:-1, max-image-preview:large, max-video-preview:-1\" \/>\n<meta name=\"bingbot\" content=\"index, follow, max-snippet:-1, max-image-preview:large, max-video-preview:-1\" \/>\n<link rel=\"canonical\" href=\"http:\/\/www.colocolofs.es\/web\/el-azulejos-moncayo-colo-colo-a-rivas-con-la-necesidad-vital-de-conseguir-la-victoria\/\" \/>\n<meta property=\"og:locale\" content=\"es_ES\" \/>\n<meta property=\"og:type\" content=\"article\" \/>\n<meta property=\"og:title\" content=\"El Azulejos Moncayo Colo Colo, a Rivas con la necesidad vital de conseguir la victoria - Entrerr\u00edos Automatizaci\u00f3n\" \/>\n<meta property=\"og:description\" content=\"El Azulejos Moncayo Colo Colo se enfrenta al Rivas Futsal en el duelo correspondiente a la jornada 20&nbsp;de Liga, que se disputar\u00e1 en el Pabell\u00f3n Cerro del Tel\u00e9grafo el domingo 9 de febrero a partir de las 12:30 horas. El Azulejos Moncayo Colo Colo afronta el encuentro con la necesidad vital de conseguir la victoria, [&hellip;]\" \/>\n<meta property=\"og:url\" content=\"http:\/\/www.colocolofs.es\/web\/el-azulejos-moncayo-colo-colo-a-rivas-con-la-necesidad-vital-de-conseguir-la-victoria\/\" \/>\n<meta property=\"og:site_name\" content=\"Entrerr\u00edos Automatizaci\u00f3n\" \/>\n<meta property=\"article:published_time\" content=\"2020-02-08T06:57:26+00:00\" \/>\n<meta property=\"article:modified_time\" content=\"2020-04-11T13:51:32+00:00\" \/>\n<meta property=\"og:image\" content=\"https:\/\/www.colocolofs.es\/web\/wp-content\/uploads\/2020\/02\/Foto-3.jpg\" \/>\n\t<meta property=\"og:image:width\" content=\"1200\" \/>\n\t<meta property=\"og:image:height\" content=\"658\" \/>\n<meta name=\"twitter:card\" content=\"summary_large_image\" \/>\n<script type=\"application\/ld+json\" class=\"yoast-schema-graph\">{\"@context\":\"https:\/\/schema.org\",\"@graph\":[{\"@type\":\"WebSite\",\"@id\":\"https:\/\/www.colocolofs.es\/web\/#website\",\"url\":\"https:\/\/www.colocolofs.es\/web\/\",\"name\":\"Entrerr\\u00edos Automatizaci\\u00f3n\",\"description\":\"Web oficial\",\"potentialAction\":[{\"@type\":\"SearchAction\",\"target\":\"https:\/\/www.colocolofs.es\/web\/?s={search_term_string}\",\"query-input\":\"required name=search_term_string\"}],\"inLanguage\":\"es\"},{\"@type\":\"ImageObject\",\"@id\":\"http:\/\/www.colocolofs.es\/web\/el-azulejos-moncayo-colo-colo-a-rivas-con-la-necesidad-vital-de-conseguir-la-victoria\/#primaryimage\",\"inLanguage\":\"es\",\"url\":\"https:\/\/www.colocolofs.es\/web\/wp-content\/uploads\/2020\/02\/Foto-3.jpg\",\"width\":1200,\"height\":658,\"caption\":\"foto1\"},{\"@type\":\"WebPage\",\"@id\":\"http:\/\/www.colocolofs.es\/web\/el-azulejos-moncayo-colo-colo-a-rivas-con-la-necesidad-vital-de-conseguir-la-victoria\/#webpage\",\"url\":\"http:\/\/www.colocolofs.es\/web\/el-azulejos-moncayo-colo-colo-a-rivas-con-la-necesidad-vital-de-conseguir-la-victoria\/\",\"name\":\"El Azulejos Moncayo Colo Colo, a Rivas con la necesidad vital de conseguir la victoria - Entrerr\\u00edos Automatizaci\\u00f3n\",\"isPartOf\":{\"@id\":\"https:\/\/www.colocolofs.es\/web\/#website\"},\"primaryImageOfPage\":{\"@id\":\"http:\/\/www.colocolofs.es\/web\/el-azulejos-moncayo-colo-colo-a-rivas-con-la-necesidad-vital-de-conseguir-la-victoria\/#primaryimage\"},\"datePublished\":\"2020-02-08T06:57:26+00:00\",\"dateModified\":\"2020-04-11T13:51:32+00:00\",\"author\":{\"@id\":\"https:\/\/www.colocolofs.es\/web\/#\/schema\/person\/1be91002ad639bd282f9d860b6eb7584\"},\"inLanguage\":\"es\",\"potentialAction\":[{\"@type\":\"ReadAction\",\"target\":[\"http:\/\/www.colocolofs.es\/web\/el-azulejos-moncayo-colo-colo-a-rivas-con-la-necesidad-vital-de-conseguir-la-victoria\/\"]}]},{\"@type\":[\"Person\"],\"@id\":\"https:\/\/www.colocolofs.es\/web\/#\/schema\/person\/1be91002ad639bd282f9d860b6eb7584\",\"name\":\"admin\"}]}<\/script>\n<!-- \/ Yoast SEO plugin. -->","_links":{"self":[{"href":"https:\/\/www.colocolofs.es\/web\/wp-json\/wp\/v2\/posts\/1205","targetHints":{"allow":["GET"]}}],"collection":[{"href":"https:\/\/www.colocolofs.es\/web\/wp-json\/wp\/v2\/posts"}],"about":[{"href":"https:\/\/www.colocolofs.es\/web\/wp-json\/wp\/v2\/types\/post"}],"author":[{"embeddable":true,"href":"https:\/\/www.colocolofs.es\/web\/wp-json\/wp\/v2\/users\/1"}],"replies":[{"embeddable":true,"href":"https:\/\/www.colocolofs.es\/web\/wp-json\/wp\/v2\/comments?post=1205"}],"version-history":[{"count":1,"href":"https:\/\/www.colocolofs.es\/web\/wp-json\/wp\/v2\/posts\/1205\/revisions"}],"predecessor-version":[{"id":10359,"href":"https:\/\/www.colocolofs.es\/web\/wp-json\/wp\/v2\/posts\/1205\/revisions\/10359"}],"wp:featuredmedia":[{"embeddable":true,"href":"https:\/\/www.colocolofs.es\/web\/wp-json\/wp\/v2\/media\/1204"}],"wp:attachment":[{"href":"https:\/\/www.colocolofs.es\/web\/wp-json\/wp\/v2\/media?parent=1205"}],"wp:term":[{"taxonomy":"category","embeddable":true,"href":"https:\/\/www.colocolofs.es\/web\/wp-json\/wp\/v2\/categories?post=1205"},{"taxonomy":"post_tag","embeddable":true,"href":"https:\/\/www.colocolofs.es\/web\/wp-json\/wp\/v2\/tags?post=1205"}],"curies":[{"name":"wp","href":"https:\/\/api.w.org\/{rel}","templated":true}]}}