{"id":12113,"date":"2020-09-11T08:15:42","date_gmt":"2020-09-11T08:15:42","guid":{"rendered":"http:\/\/www.colocolofs.es\/web\/?p=12113"},"modified":"2020-09-12T04:26:56","modified_gmt":"2020-09-12T04:26:56","slug":"el-full-energia-zaragoza-disputara-un-amistoso-ante-osasuna-magna","status":"publish","type":"post","link":"https:\/\/www.colocolofs.es\/web\/el-full-energia-zaragoza-disputara-un-amistoso-ante-osasuna-magna\/","title":{"rendered":"El Full Energ\u00eda Zaragoza disputar\u00e1 un amistoso ante Osasuna Magna"},"content":{"rendered":"\n<p>El Ful Energ\u00eda Zaragoza se enfrentar\u00e1 a Osasuna Magna este s\u00e1bado 12 de septiembre, a partir de las 19:00 horas, en No\u00e1in (Pamplona).<\/p>\n\n\n\n<p>El equipo azul\u00f3n lleva entrenando desde el 11 de agosto pero, hasta el momento, no ha podido disputar ning\u00fan encuentro de preparaci\u00f3n.&nbsp;<\/p>\n\n\n\n<p>Frente a Osasuna Magna son baja Santi Basmalis -por motivos laborales- y Fran Tabuenca -debido a unas molestias f\u00edsicas-. Los jugadores que Alfonso tendr\u00e1 a su disposici\u00f3n son los siguientes: Guille, Eguiz\u00e1bal, Aitor, Marcos Forga, Jorge Tabuenca, Juan Muniesa, Zucho, Diego Pardo, Pasam\u00f3n, Nano Modrego, Carlos Garc\u00eda, Pablo Trasobares y Jorge Nogueras.<\/p>\n\n\n\n<p>Osasuna Magna ha sufrido numerosos cambios en su plantilla. Rafa Us\u00edn, Ara\u00e7a, Dani Saldise, Eric Martel y \u00c1lex Llamas han causado baja, mientras que se han incorporado C\u00e9sar, Dani Zurdo, Fabinho, Toni Escribano, Linhares, Wanderson y Jes\u00fas.<\/p>\n","protected":false},"excerpt":{"rendered":"<p>El Ful Energ\u00eda Zaragoza se enfrentar\u00e1 a Osasuna Magna este s\u00e1bado 12 de septiembre, a partir de las 19:00 horas, en No\u00e1in (Pamplona). El equipo azul\u00f3n lleva entrenando desde el 11 de agosto pero, hasta el momento, no ha podido disputar ning\u00fan encuentro de preparaci\u00f3n.&nbsp; Frente a Osasuna Magna son baja Santi Basmalis -por motivos [&hellip;]<\/p>\n","protected":false},"author":1,"featured_media":12114,"comment_status":"closed","ping_status":"closed","sticky":false,"template":"","format":"standard","meta":{"footnotes":""},"categories":[5],"tags":[],"class_list":["post-12113","post","type-post","status-publish","format-standard","has-post-thumbnail","hentry","category-primer-equipo"],"jetpack_featured_media_url":"https:\/\/www.colocolofs.es\/web\/wp-content\/uploads\/2020\/09\/Foto-1-buena.jpg","yoast_head":"<!-- This site is optimized with the Yoast SEO plugin v14.4.1 - https:\/\/yoast.com\/wordpress\/plugins\/seo\/ -->\n<title>El Full Energ\u00eda Zaragoza disputar\u00e1 un amistoso ante Osasuna Magna - Entrerr\u00edos Automatizaci\u00f3n<\/title>\n<meta name=\"robots\" content=\"index, follow\" \/>\n<meta name=\"googlebot\" content=\"index, follow, max-snippet:-1, max-image-preview:large, max-video-preview:-1\" \/>\n<meta name=\"bingbot\" content=\"index, follow, max-snippet:-1, max-image-preview:large, max-video-preview:-1\" \/>\n<link rel=\"canonical\" href=\"http:\/\/www.colocolofs.es\/web\/el-full-energia-zaragoza-disputara-un-amistoso-ante-osasuna-magna\/\" \/>\n<meta property=\"og:locale\" content=\"es_ES\" \/>\n<meta property=\"og:type\" content=\"article\" \/>\n<meta property=\"og:title\" content=\"El Full Energ\u00eda Zaragoza disputar\u00e1 un amistoso ante Osasuna Magna - Entrerr\u00edos Automatizaci\u00f3n\" \/>\n<meta property=\"og:description\" content=\"El Ful Energ\u00eda Zaragoza se enfrentar\u00e1 a Osasuna Magna este s\u00e1bado 12 de septiembre, a partir de las 19:00 horas, en No\u00e1in (Pamplona). El equipo azul\u00f3n lleva entrenando desde el 11 de agosto pero, hasta el momento, no ha podido disputar ning\u00fan encuentro de preparaci\u00f3n.&nbsp; Frente a Osasuna Magna son baja Santi Basmalis -por motivos [&hellip;]\" \/>\n<meta property=\"og:url\" content=\"http:\/\/www.colocolofs.es\/web\/el-full-energia-zaragoza-disputara-un-amistoso-ante-osasuna-magna\/\" \/>\n<meta property=\"og:site_name\" content=\"Entrerr\u00edos Automatizaci\u00f3n\" \/>\n<meta property=\"article:published_time\" content=\"2020-09-11T08:15:42+00:00\" \/>\n<meta property=\"article:modified_time\" content=\"2020-09-12T04:26:56+00:00\" \/>\n<meta property=\"og:image\" content=\"https:\/\/www.colocolofs.es\/web\/wp-content\/uploads\/2020\/09\/Foto-1-buena.jpg\" \/>\n\t<meta property=\"og:image:width\" content=\"1200\" \/>\n\t<meta property=\"og:image:height\" content=\"743\" \/>\n<meta name=\"twitter:card\" content=\"summary_large_image\" \/>\n<script type=\"application\/ld+json\" class=\"yoast-schema-graph\">{\"@context\":\"https:\/\/schema.org\",\"@graph\":[{\"@type\":\"WebSite\",\"@id\":\"https:\/\/www.colocolofs.es\/web\/#website\",\"url\":\"https:\/\/www.colocolofs.es\/web\/\",\"name\":\"Entrerr\\u00edos Automatizaci\\u00f3n\",\"description\":\"Web oficial\",\"potentialAction\":[{\"@type\":\"SearchAction\",\"target\":\"https:\/\/www.colocolofs.es\/web\/?s={search_term_string}\",\"query-input\":\"required name=search_term_string\"}],\"inLanguage\":\"es\"},{\"@type\":\"ImageObject\",\"@id\":\"http:\/\/www.colocolofs.es\/web\/el-full-energia-zaragoza-disputara-un-amistoso-ante-osasuna-magna\/#primaryimage\",\"inLanguage\":\"es\",\"url\":\"https:\/\/www.colocolofs.es\/web\/wp-content\/uploads\/2020\/09\/Foto-1-buena.jpg\",\"width\":1200,\"height\":743,\"caption\":\"Los jugadores del Full Energ\\u00eda Zaragoza reciben indicaciones de Alfonso Rodr\\u00edguez en un entrenamiento | Foto: Pedro Luis Serrano\"},{\"@type\":\"WebPage\",\"@id\":\"http:\/\/www.colocolofs.es\/web\/el-full-energia-zaragoza-disputara-un-amistoso-ante-osasuna-magna\/#webpage\",\"url\":\"http:\/\/www.colocolofs.es\/web\/el-full-energia-zaragoza-disputara-un-amistoso-ante-osasuna-magna\/\",\"name\":\"El Full Energ\\u00eda Zaragoza disputar\\u00e1 un amistoso ante Osasuna Magna - Entrerr\\u00edos Automatizaci\\u00f3n\",\"isPartOf\":{\"@id\":\"https:\/\/www.colocolofs.es\/web\/#website\"},\"primaryImageOfPage\":{\"@id\":\"http:\/\/www.colocolofs.es\/web\/el-full-energia-zaragoza-disputara-un-amistoso-ante-osasuna-magna\/#primaryimage\"},\"datePublished\":\"2020-09-11T08:15:42+00:00\",\"dateModified\":\"2020-09-12T04:26:56+00:00\",\"author\":{\"@id\":\"https:\/\/www.colocolofs.es\/web\/#\/schema\/person\/1be91002ad639bd282f9d860b6eb7584\"},\"inLanguage\":\"es\",\"potentialAction\":[{\"@type\":\"ReadAction\",\"target\":[\"http:\/\/www.colocolofs.es\/web\/el-full-energia-zaragoza-disputara-un-amistoso-ante-osasuna-magna\/\"]}]},{\"@type\":[\"Person\"],\"@id\":\"https:\/\/www.colocolofs.es\/web\/#\/schema\/person\/1be91002ad639bd282f9d860b6eb7584\",\"name\":\"admin\"}]}<\/script>\n<!-- \/ Yoast SEO plugin. -->","_links":{"self":[{"href":"https:\/\/www.colocolofs.es\/web\/wp-json\/wp\/v2\/posts\/12113","targetHints":{"allow":["GET"]}}],"collection":[{"href":"https:\/\/www.colocolofs.es\/web\/wp-json\/wp\/v2\/posts"}],"about":[{"href":"https:\/\/www.colocolofs.es\/web\/wp-json\/wp\/v2\/types\/post"}],"author":[{"embeddable":true,"href":"https:\/\/www.colocolofs.es\/web\/wp-json\/wp\/v2\/users\/1"}],"replies":[{"embeddable":true,"href":"https:\/\/www.colocolofs.es\/web\/wp-json\/wp\/v2\/comments?post=12113"}],"version-history":[{"count":2,"href":"https:\/\/www.colocolofs.es\/web\/wp-json\/wp\/v2\/posts\/12113\/revisions"}],"predecessor-version":[{"id":12154,"href":"https:\/\/www.colocolofs.es\/web\/wp-json\/wp\/v2\/posts\/12113\/revisions\/12154"}],"wp:featuredmedia":[{"embeddable":true,"href":"https:\/\/www.colocolofs.es\/web\/wp-json\/wp\/v2\/media\/12114"}],"wp:attachment":[{"href":"https:\/\/www.colocolofs.es\/web\/wp-json\/wp\/v2\/media?parent=12113"}],"wp:term":[{"taxonomy":"category","embeddable":true,"href":"https:\/\/www.colocolofs.es\/web\/wp-json\/wp\/v2\/categories?post=12113"},{"taxonomy":"post_tag","embeddable":true,"href":"https:\/\/www.colocolofs.es\/web\/wp-json\/wp\/v2\/tags?post=12113"}],"curies":[{"name":"wp","href":"https:\/\/api.w.org\/{rel}","templated":true}]}}