{"id":12160,"date":"2020-09-14T07:12:57","date_gmt":"2020-09-14T07:12:57","guid":{"rendered":"http:\/\/www.colocolofs.es\/web\/?p=12160"},"modified":"2020-09-14T07:13:12","modified_gmt":"2020-09-14T07:13:12","slug":"los-equipos-de-las-categorias-inferiores-vuelven-a-entrenar","status":"publish","type":"post","link":"https:\/\/www.colocolofs.es\/web\/los-equipos-de-las-categorias-inferiores-vuelven-a-entrenar\/","title":{"rendered":"Los equipos de las categor\u00edas inferiores vuelven a entrenar"},"content":{"rendered":"\n<p>Esta semana, todos los equipos de las categor\u00edas inferiores del Colo retoman su actividad y volver\u00e1n a entrenar en distintos pabellones de Zaragoza. <\/p>\n\n\n\n<p>El Club ha elaborado un protocolo de seguridad para garantizar, en la medida de lo posible, la salud tanto de los\/las jugadores\/as como de entrenadores y entrenadoras de los equipos.<\/p>\n\n\n\n<p>Para la temporada 2020\/2021, el Colo contar\u00e1 con un equipo en \u2018Iniciaci\u00f3n\u2019, dos en \u2018Benjam\u00edn\u2019, tres en \u2018Alev\u00edn\u2019, tres en \u2018Infantil\u2019, tres en \u2018Cadete\u2019, tres en \u2018Juvenil\u2019 y uno en Tercera Divisi\u00f3n. Adem\u00e1s del femenino, inscrito en Primera Auton\u00f3mica.<\/p>\n","protected":false},"excerpt":{"rendered":"<p>Esta semana, todos los equipos de las categor\u00edas inferiores del Colo retoman su actividad y volver\u00e1n a entrenar en distintos pabellones de Zaragoza. El Club ha elaborado un protocolo de seguridad para garantizar, en la medida de lo posible, la salud tanto de los\/las jugadores\/as como de entrenadores y entrenadoras de los equipos. Para la [&hellip;]<\/p>\n","protected":false},"author":1,"featured_media":12161,"comment_status":"closed","ping_status":"closed","sticky":false,"template":"","format":"standard","meta":{"footnotes":""},"categories":[6],"tags":[],"class_list":["post-12160","post","type-post","status-publish","format-standard","has-post-thumbnail","hentry","category-categorias-base"],"jetpack_featured_media_url":"https:\/\/www.colocolofs.es\/web\/wp-content\/uploads\/2020\/09\/Entrenamiento.jpg","yoast_head":"<!-- This site is optimized with the Yoast SEO plugin v14.4.1 - https:\/\/yoast.com\/wordpress\/plugins\/seo\/ -->\n<title>Los equipos de las categor\u00edas inferiores vuelven a entrenar - Entrerr\u00edos Automatizaci\u00f3n<\/title>\n<meta name=\"robots\" content=\"index, follow\" \/>\n<meta name=\"googlebot\" content=\"index, follow, max-snippet:-1, max-image-preview:large, max-video-preview:-1\" \/>\n<meta name=\"bingbot\" content=\"index, follow, max-snippet:-1, max-image-preview:large, max-video-preview:-1\" \/>\n<link rel=\"canonical\" href=\"http:\/\/www.colocolofs.es\/web\/los-equipos-de-las-categorias-inferiores-vuelven-a-entrenar\/\" \/>\n<meta property=\"og:locale\" content=\"es_ES\" \/>\n<meta property=\"og:type\" content=\"article\" \/>\n<meta property=\"og:title\" content=\"Los equipos de las categor\u00edas inferiores vuelven a entrenar - Entrerr\u00edos Automatizaci\u00f3n\" \/>\n<meta property=\"og:description\" content=\"Esta semana, todos los equipos de las categor\u00edas inferiores del Colo retoman su actividad y volver\u00e1n a entrenar en distintos pabellones de Zaragoza. El Club ha elaborado un protocolo de seguridad para garantizar, en la medida de lo posible, la salud tanto de los\/las jugadores\/as como de entrenadores y entrenadoras de los equipos. Para la [&hellip;]\" \/>\n<meta property=\"og:url\" content=\"http:\/\/www.colocolofs.es\/web\/los-equipos-de-las-categorias-inferiores-vuelven-a-entrenar\/\" \/>\n<meta property=\"og:site_name\" content=\"Entrerr\u00edos Automatizaci\u00f3n\" \/>\n<meta property=\"article:published_time\" content=\"2020-09-14T07:12:57+00:00\" \/>\n<meta property=\"article:modified_time\" content=\"2020-09-14T07:13:12+00:00\" \/>\n<meta property=\"og:image\" content=\"https:\/\/www.colocolofs.es\/web\/wp-content\/uploads\/2020\/09\/Entrenamiento.jpg\" \/>\n\t<meta property=\"og:image:width\" content=\"1984\" \/>\n\t<meta property=\"og:image:height\" content=\"914\" \/>\n<meta name=\"twitter:card\" content=\"summary_large_image\" \/>\n<script type=\"application\/ld+json\" class=\"yoast-schema-graph\">{\"@context\":\"https:\/\/schema.org\",\"@graph\":[{\"@type\":\"WebSite\",\"@id\":\"https:\/\/www.colocolofs.es\/web\/#website\",\"url\":\"https:\/\/www.colocolofs.es\/web\/\",\"name\":\"Entrerr\\u00edos Automatizaci\\u00f3n\",\"description\":\"Web oficial\",\"potentialAction\":[{\"@type\":\"SearchAction\",\"target\":\"https:\/\/www.colocolofs.es\/web\/?s={search_term_string}\",\"query-input\":\"required name=search_term_string\"}],\"inLanguage\":\"es\"},{\"@type\":\"ImageObject\",\"@id\":\"http:\/\/www.colocolofs.es\/web\/los-equipos-de-las-categorias-inferiores-vuelven-a-entrenar\/#primaryimage\",\"inLanguage\":\"es\",\"url\":\"https:\/\/www.colocolofs.es\/web\/wp-content\/uploads\/2020\/09\/Entrenamiento.jpg\",\"width\":1984,\"height\":914},{\"@type\":\"WebPage\",\"@id\":\"http:\/\/www.colocolofs.es\/web\/los-equipos-de-las-categorias-inferiores-vuelven-a-entrenar\/#webpage\",\"url\":\"http:\/\/www.colocolofs.es\/web\/los-equipos-de-las-categorias-inferiores-vuelven-a-entrenar\/\",\"name\":\"Los equipos de las categor\\u00edas inferiores vuelven a entrenar - Entrerr\\u00edos Automatizaci\\u00f3n\",\"isPartOf\":{\"@id\":\"https:\/\/www.colocolofs.es\/web\/#website\"},\"primaryImageOfPage\":{\"@id\":\"http:\/\/www.colocolofs.es\/web\/los-equipos-de-las-categorias-inferiores-vuelven-a-entrenar\/#primaryimage\"},\"datePublished\":\"2020-09-14T07:12:57+00:00\",\"dateModified\":\"2020-09-14T07:13:12+00:00\",\"author\":{\"@id\":\"https:\/\/www.colocolofs.es\/web\/#\/schema\/person\/1be91002ad639bd282f9d860b6eb7584\"},\"inLanguage\":\"es\",\"potentialAction\":[{\"@type\":\"ReadAction\",\"target\":[\"http:\/\/www.colocolofs.es\/web\/los-equipos-de-las-categorias-inferiores-vuelven-a-entrenar\/\"]}]},{\"@type\":[\"Person\"],\"@id\":\"https:\/\/www.colocolofs.es\/web\/#\/schema\/person\/1be91002ad639bd282f9d860b6eb7584\",\"name\":\"admin\"}]}<\/script>\n<!-- \/ Yoast SEO plugin. -->","_links":{"self":[{"href":"https:\/\/www.colocolofs.es\/web\/wp-json\/wp\/v2\/posts\/12160","targetHints":{"allow":["GET"]}}],"collection":[{"href":"https:\/\/www.colocolofs.es\/web\/wp-json\/wp\/v2\/posts"}],"about":[{"href":"https:\/\/www.colocolofs.es\/web\/wp-json\/wp\/v2\/types\/post"}],"author":[{"embeddable":true,"href":"https:\/\/www.colocolofs.es\/web\/wp-json\/wp\/v2\/users\/1"}],"replies":[{"embeddable":true,"href":"https:\/\/www.colocolofs.es\/web\/wp-json\/wp\/v2\/comments?post=12160"}],"version-history":[{"count":1,"href":"https:\/\/www.colocolofs.es\/web\/wp-json\/wp\/v2\/posts\/12160\/revisions"}],"predecessor-version":[{"id":12162,"href":"https:\/\/www.colocolofs.es\/web\/wp-json\/wp\/v2\/posts\/12160\/revisions\/12162"}],"wp:featuredmedia":[{"embeddable":true,"href":"https:\/\/www.colocolofs.es\/web\/wp-json\/wp\/v2\/media\/12161"}],"wp:attachment":[{"href":"https:\/\/www.colocolofs.es\/web\/wp-json\/wp\/v2\/media?parent=12160"}],"wp:term":[{"taxonomy":"category","embeddable":true,"href":"https:\/\/www.colocolofs.es\/web\/wp-json\/wp\/v2\/categories?post=12160"},{"taxonomy":"post_tag","embeddable":true,"href":"https:\/\/www.colocolofs.es\/web\/wp-json\/wp\/v2\/tags?post=12160"}],"curies":[{"name":"wp","href":"https:\/\/api.w.org\/{rel}","templated":true}]}}