{"id":12163,"date":"2020-09-15T08:52:03","date_gmt":"2020-09-15T08:52:03","guid":{"rendered":"http:\/\/www.colocolofs.es\/web\/?p=12163"},"modified":"2020-09-15T09:20:43","modified_gmt":"2020-09-15T09:20:43","slug":"nano-modrego-somos-ambiciosos-pero-solo-pensamos-en-la-primera-jornada-de-liga","status":"publish","type":"post","link":"https:\/\/www.colocolofs.es\/web\/nano-modrego-somos-ambiciosos-pero-solo-pensamos-en-la-primera-jornada-de-liga\/","title":{"rendered":"Nano Modrego: \u201cSomos ambiciosos pero solo pensamos en la primera jornada de Liga\u201d"},"content":{"rendered":"\n<p>Avanza la pretemporada y ya queda menos para que inicie la Liga. Nano Modrego asegura que el equipo \u201cse ha marcado competir cada d\u00eda al m\u00e1ximo\u201d y cree que \u201csomos un vestuario ambicioso pero, a d\u00eda de hoy, tenemos la mente en la primera jornada de Liga. El transcurso de los partidos ser\u00e1 lo que nos marque los objetivos\u201d.&nbsp;<\/p>\n\n\n\n<p>El p\u00edvot zaragozano considera que \u201ctenemos mucho margen de mejora\u201d, destacando el buen rendimiento que ofrece el equipo: \u201cEstamos compitiendo muy bien y el nivel de los entrenamientos es cada vez m\u00e1s alto\u201d.<\/p>\n\n\n\n<p>A nivel personal, Nano se ve \u201cmejor f\u00edsicamente con el paso de los d\u00edas ya que, despu\u00e9s de estar seis meses sin jugar, cuesta volver a poner el cuerpo a punto. A\u00fan queda un mes por delante para trabajar y llegar en el mejor estado de forma posible al inicio de Liga\u201d. En relaci\u00f3n a lo que espera de la temporada, el \u201815\u2019 del Full Energ\u00eda Zaragoza lo tiene claro: \u201cQuiero disfrutar del f\u00fatbol sala. S\u00e9 que me queda poco en este deporte y, la experiencia de la pasada campa\u00f1a con el Covid, me hace darme cuenta de que cada partido puede que sea el \u00faltimo\u201d.<\/p>\n\n\n\n<p>Sobre el encuentro disputado frente a Osasuna Magna, Nano hace el siguiente an\u00e1lisis: \u201cHicimos unos 30 primeros minutos muy buenos, pero debemos de ser constantes hasta el final si realmente queremos ser competitivos\u201d.<\/p>\n\n\n\n<p>Nano tambi\u00e9n valora el formato de competici\u00f3n para la Liga, con dos grupos: \u201cDe primeras, los desplazamientos van a ser algo m\u00e1s livianos. Aunque, en la segunda fase, quiz\u00e1s no sea as\u00ed. A d\u00eda de hoy, a los jugadores lo que menos nos preocupa es el formato de competici\u00f3n. Realmente, lo que queremos es empezar a jugar con unas garant\u00edas de seguridad y que, todo esto que nos ha tocado vivir, termine cuanto antes de la mejor manera posible\u201d.<\/p>\n","protected":false},"excerpt":{"rendered":"<p>Avanza la pretemporada y ya queda menos para que inicie la Liga. Nano Modrego asegura que el equipo \u201cse ha marcado competir cada d\u00eda al m\u00e1ximo\u201d y cree que \u201csomos un vestuario ambicioso pero, a d\u00eda de hoy, tenemos la mente en la primera jornada de Liga. El transcurso de los partidos ser\u00e1 lo que [&hellip;]<\/p>\n","protected":false},"author":1,"featured_media":12164,"comment_status":"closed","ping_status":"closed","sticky":false,"template":"","format":"standard","meta":{"footnotes":""},"categories":[5],"tags":[],"class_list":["post-12163","post","type-post","status-publish","format-standard","has-post-thumbnail","hentry","category-primer-equipo"],"jetpack_featured_media_url":"https:\/\/www.colocolofs.es\/web\/wp-content\/uploads\/2020\/09\/NANO-FOTO1.jpg","yoast_head":"<!-- This site is optimized with the Yoast SEO plugin v14.4.1 - https:\/\/yoast.com\/wordpress\/plugins\/seo\/ -->\n<title>Nano Modrego: \u201cSomos ambiciosos pero solo pensamos en la primera jornada de Liga\u201d - Entrerr\u00edos Automatizaci\u00f3n<\/title>\n<meta name=\"robots\" content=\"index, follow\" \/>\n<meta name=\"googlebot\" content=\"index, follow, max-snippet:-1, max-image-preview:large, max-video-preview:-1\" \/>\n<meta name=\"bingbot\" content=\"index, follow, max-snippet:-1, max-image-preview:large, max-video-preview:-1\" \/>\n<link rel=\"canonical\" href=\"http:\/\/www.colocolofs.es\/web\/nano-modrego-somos-ambiciosos-pero-solo-pensamos-en-la-primera-jornada-de-liga\/\" \/>\n<meta property=\"og:locale\" content=\"es_ES\" \/>\n<meta property=\"og:type\" content=\"article\" \/>\n<meta property=\"og:title\" content=\"Nano Modrego: \u201cSomos ambiciosos pero solo pensamos en la primera jornada de Liga\u201d - Entrerr\u00edos Automatizaci\u00f3n\" \/>\n<meta property=\"og:description\" content=\"Avanza la pretemporada y ya queda menos para que inicie la Liga. Nano Modrego asegura que el equipo \u201cse ha marcado competir cada d\u00eda al m\u00e1ximo\u201d y cree que \u201csomos un vestuario ambicioso pero, a d\u00eda de hoy, tenemos la mente en la primera jornada de Liga. El transcurso de los partidos ser\u00e1 lo que [&hellip;]\" \/>\n<meta property=\"og:url\" content=\"http:\/\/www.colocolofs.es\/web\/nano-modrego-somos-ambiciosos-pero-solo-pensamos-en-la-primera-jornada-de-liga\/\" \/>\n<meta property=\"og:site_name\" content=\"Entrerr\u00edos Automatizaci\u00f3n\" \/>\n<meta property=\"article:published_time\" content=\"2020-09-15T08:52:03+00:00\" \/>\n<meta property=\"article:modified_time\" content=\"2020-09-15T09:20:43+00:00\" \/>\n<meta property=\"og:image\" content=\"https:\/\/www.colocolofs.es\/web\/wp-content\/uploads\/2020\/09\/NANO-FOTO1.jpg\" \/>\n\t<meta property=\"og:image:width\" content=\"1022\" \/>\n\t<meta property=\"og:image:height\" content=\"608\" \/>\n<meta name=\"twitter:card\" content=\"summary_large_image\" \/>\n<script type=\"application\/ld+json\" class=\"yoast-schema-graph\">{\"@context\":\"https:\/\/schema.org\",\"@graph\":[{\"@type\":\"WebSite\",\"@id\":\"https:\/\/www.colocolofs.es\/web\/#website\",\"url\":\"https:\/\/www.colocolofs.es\/web\/\",\"name\":\"Entrerr\\u00edos Automatizaci\\u00f3n\",\"description\":\"Web oficial\",\"potentialAction\":[{\"@type\":\"SearchAction\",\"target\":\"https:\/\/www.colocolofs.es\/web\/?s={search_term_string}\",\"query-input\":\"required name=search_term_string\"}],\"inLanguage\":\"es\"},{\"@type\":\"ImageObject\",\"@id\":\"http:\/\/www.colocolofs.es\/web\/nano-modrego-somos-ambiciosos-pero-solo-pensamos-en-la-primera-jornada-de-liga\/#primaryimage\",\"inLanguage\":\"es\",\"url\":\"https:\/\/www.colocolofs.es\/web\/wp-content\/uploads\/2020\/09\/NANO-FOTO1.jpg\",\"width\":1022,\"height\":608,\"caption\":\"Foto: Israel Cuesta\"},{\"@type\":\"WebPage\",\"@id\":\"http:\/\/www.colocolofs.es\/web\/nano-modrego-somos-ambiciosos-pero-solo-pensamos-en-la-primera-jornada-de-liga\/#webpage\",\"url\":\"http:\/\/www.colocolofs.es\/web\/nano-modrego-somos-ambiciosos-pero-solo-pensamos-en-la-primera-jornada-de-liga\/\",\"name\":\"Nano Modrego: \\u201cSomos ambiciosos pero solo pensamos en la primera jornada de Liga\\u201d - Entrerr\\u00edos Automatizaci\\u00f3n\",\"isPartOf\":{\"@id\":\"https:\/\/www.colocolofs.es\/web\/#website\"},\"primaryImageOfPage\":{\"@id\":\"http:\/\/www.colocolofs.es\/web\/nano-modrego-somos-ambiciosos-pero-solo-pensamos-en-la-primera-jornada-de-liga\/#primaryimage\"},\"datePublished\":\"2020-09-15T08:52:03+00:00\",\"dateModified\":\"2020-09-15T09:20:43+00:00\",\"author\":{\"@id\":\"https:\/\/www.colocolofs.es\/web\/#\/schema\/person\/1be91002ad639bd282f9d860b6eb7584\"},\"inLanguage\":\"es\",\"potentialAction\":[{\"@type\":\"ReadAction\",\"target\":[\"http:\/\/www.colocolofs.es\/web\/nano-modrego-somos-ambiciosos-pero-solo-pensamos-en-la-primera-jornada-de-liga\/\"]}]},{\"@type\":[\"Person\"],\"@id\":\"https:\/\/www.colocolofs.es\/web\/#\/schema\/person\/1be91002ad639bd282f9d860b6eb7584\",\"name\":\"admin\"}]}<\/script>\n<!-- \/ Yoast SEO plugin. -->","_links":{"self":[{"href":"https:\/\/www.colocolofs.es\/web\/wp-json\/wp\/v2\/posts\/12163","targetHints":{"allow":["GET"]}}],"collection":[{"href":"https:\/\/www.colocolofs.es\/web\/wp-json\/wp\/v2\/posts"}],"about":[{"href":"https:\/\/www.colocolofs.es\/web\/wp-json\/wp\/v2\/types\/post"}],"author":[{"embeddable":true,"href":"https:\/\/www.colocolofs.es\/web\/wp-json\/wp\/v2\/users\/1"}],"replies":[{"embeddable":true,"href":"https:\/\/www.colocolofs.es\/web\/wp-json\/wp\/v2\/comments?post=12163"}],"version-history":[{"count":2,"href":"https:\/\/www.colocolofs.es\/web\/wp-json\/wp\/v2\/posts\/12163\/revisions"}],"predecessor-version":[{"id":12166,"href":"https:\/\/www.colocolofs.es\/web\/wp-json\/wp\/v2\/posts\/12163\/revisions\/12166"}],"wp:featuredmedia":[{"embeddable":true,"href":"https:\/\/www.colocolofs.es\/web\/wp-json\/wp\/v2\/media\/12164"}],"wp:attachment":[{"href":"https:\/\/www.colocolofs.es\/web\/wp-json\/wp\/v2\/media?parent=12163"}],"wp:term":[{"taxonomy":"category","embeddable":true,"href":"https:\/\/www.colocolofs.es\/web\/wp-json\/wp\/v2\/categories?post=12163"},{"taxonomy":"post_tag","embeddable":true,"href":"https:\/\/www.colocolofs.es\/web\/wp-json\/wp\/v2\/tags?post=12163"}],"curies":[{"name":"wp","href":"https:\/\/api.w.org\/{rel}","templated":true}]}}