{"id":12395,"date":"2020-10-11T20:41:18","date_gmt":"2020-10-11T20:41:18","guid":{"rendered":"http:\/\/www.colocolofs.es\/web\/?p=12395"},"modified":"2020-10-11T20:42:07","modified_gmt":"2020-10-11T20:42:07","slug":"gran-imagen-del-aldro-colo-san-mateo-en-su-primer-amistoso","status":"publish","type":"post","link":"https:\/\/www.colocolofs.es\/web\/gran-imagen-del-aldro-colo-san-mateo-en-su-primer-amistoso\/","title":{"rendered":"Gran imagen del Aldro Colo San Mateo en su primer amistoso"},"content":{"rendered":"\n<p>Gran imagen del Aldro Colo San Mateo en su primer amistoso, disputado en La Granja frente al Sala Zaragoza. Las azulonas han ido de menos a m\u00e1s, compitiendo durante todo el encuentro ante un equipo de su misma categor\u00eda.<\/p>\n\n\n\n<p>El Aldro Colo San Mateo ha pagado caros sus errores e impresiones durante el primer tiempo, ya que el Sala Zaragoza los aprovechaba para marcar tres goles e irse con una ventaja clara al descanso. <\/p>\n\n\n\n<p>Ya en el segundo per\u00edodo, el Aldro Colo San Mateo mejor\u00f3 su imagen sobre la pista, ejerciendo una alta presi\u00f3n en la salida de bal\u00f3n del rival. Andrea firmaba un doblete que recortaba diferencias en el marcador. El 3-1 lleg\u00f3 tras un disparo desde unos 12 metros, y el 3-2 al aprovechar un bal\u00f3n rechazado por la guardameta en el interior del \u00e1rea. Sin embargo, las jugadoras dirigidas por Sergio Molina no pudieron lograr el empate.<\/p>\n\n\n\n<p>Por parte del Aldro Colo San Mateo jugaron: Alicia Blasco, Mar\u00eda Gonz\u00e1lez, Ainhoa Gimeno, Marta Cotilla, Lena Gil, Denia Tobajas, Julia Vallesp\u00edn, Mar\u00eda Andr\u00e9s, Lorena Herrando, Paola Guerrero y Andrea Redrado.<\/p>\n\n\n\n<p><\/p>\n","protected":false},"excerpt":{"rendered":"<p>Gran imagen del Aldro Colo San Mateo en su primer amistoso, disputado en La Granja frente al Sala Zaragoza. Las azulonas han ido de menos a m\u00e1s, compitiendo durante todo el encuentro ante un equipo de su misma categor\u00eda. El Aldro Colo San Mateo ha pagado caros sus errores e impresiones durante el primer tiempo, [&hellip;]<\/p>\n","protected":false},"author":1,"featured_media":12396,"comment_status":"closed","ping_status":"closed","sticky":false,"template":"","format":"standard","meta":{"footnotes":""},"categories":[8],"tags":[],"class_list":["post-12395","post","type-post","status-publish","format-standard","has-post-thumbnail","hentry","category-colo-colo-femenino"],"jetpack_featured_media_url":"https:\/\/www.colocolofs.es\/web\/wp-content\/uploads\/2020\/10\/WhatsApp-Image-2020-10-11-at-15.23.03.jpeg","yoast_head":"<!-- This site is optimized with the Yoast SEO plugin v14.4.1 - https:\/\/yoast.com\/wordpress\/plugins\/seo\/ -->\n<title>Gran imagen del Aldro Colo San Mateo en su primer amistoso - Entrerr\u00edos Automatizaci\u00f3n<\/title>\n<meta name=\"robots\" content=\"index, follow\" \/>\n<meta name=\"googlebot\" content=\"index, follow, max-snippet:-1, max-image-preview:large, max-video-preview:-1\" \/>\n<meta name=\"bingbot\" content=\"index, follow, max-snippet:-1, max-image-preview:large, max-video-preview:-1\" \/>\n<link rel=\"canonical\" href=\"http:\/\/www.colocolofs.es\/web\/gran-imagen-del-aldro-colo-san-mateo-en-su-primer-amistoso\/\" \/>\n<meta property=\"og:locale\" content=\"es_ES\" \/>\n<meta property=\"og:type\" content=\"article\" \/>\n<meta property=\"og:title\" content=\"Gran imagen del Aldro Colo San Mateo en su primer amistoso - Entrerr\u00edos Automatizaci\u00f3n\" \/>\n<meta property=\"og:description\" content=\"Gran imagen del Aldro Colo San Mateo en su primer amistoso, disputado en La Granja frente al Sala Zaragoza. Las azulonas han ido de menos a m\u00e1s, compitiendo durante todo el encuentro ante un equipo de su misma categor\u00eda. El Aldro Colo San Mateo ha pagado caros sus errores e impresiones durante el primer tiempo, [&hellip;]\" \/>\n<meta property=\"og:url\" content=\"http:\/\/www.colocolofs.es\/web\/gran-imagen-del-aldro-colo-san-mateo-en-su-primer-amistoso\/\" \/>\n<meta property=\"og:site_name\" content=\"Entrerr\u00edos Automatizaci\u00f3n\" \/>\n<meta property=\"article:published_time\" content=\"2020-10-11T20:41:18+00:00\" \/>\n<meta property=\"article:modified_time\" content=\"2020-10-11T20:42:07+00:00\" \/>\n<meta property=\"og:image\" content=\"https:\/\/www.colocolofs.es\/web\/wp-content\/uploads\/2020\/10\/WhatsApp-Image-2020-10-11-at-15.23.03.jpeg\" \/>\n\t<meta property=\"og:image:width\" content=\"1600\" \/>\n\t<meta property=\"og:image:height\" content=\"1295\" \/>\n<meta name=\"twitter:card\" content=\"summary_large_image\" \/>\n<script type=\"application\/ld+json\" class=\"yoast-schema-graph\">{\"@context\":\"https:\/\/schema.org\",\"@graph\":[{\"@type\":\"WebSite\",\"@id\":\"https:\/\/www.colocolofs.es\/web\/#website\",\"url\":\"https:\/\/www.colocolofs.es\/web\/\",\"name\":\"Entrerr\\u00edos Automatizaci\\u00f3n\",\"description\":\"Web oficial\",\"potentialAction\":[{\"@type\":\"SearchAction\",\"target\":\"https:\/\/www.colocolofs.es\/web\/?s={search_term_string}\",\"query-input\":\"required name=search_term_string\"}],\"inLanguage\":\"es\"},{\"@type\":\"ImageObject\",\"@id\":\"http:\/\/www.colocolofs.es\/web\/gran-imagen-del-aldro-colo-san-mateo-en-su-primer-amistoso\/#primaryimage\",\"inLanguage\":\"es\",\"url\":\"https:\/\/www.colocolofs.es\/web\/wp-content\/uploads\/2020\/10\/WhatsApp-Image-2020-10-11-at-15.23.03.jpeg\",\"width\":1600,\"height\":1295},{\"@type\":\"WebPage\",\"@id\":\"http:\/\/www.colocolofs.es\/web\/gran-imagen-del-aldro-colo-san-mateo-en-su-primer-amistoso\/#webpage\",\"url\":\"http:\/\/www.colocolofs.es\/web\/gran-imagen-del-aldro-colo-san-mateo-en-su-primer-amistoso\/\",\"name\":\"Gran imagen del Aldro Colo San Mateo en su primer amistoso - Entrerr\\u00edos Automatizaci\\u00f3n\",\"isPartOf\":{\"@id\":\"https:\/\/www.colocolofs.es\/web\/#website\"},\"primaryImageOfPage\":{\"@id\":\"http:\/\/www.colocolofs.es\/web\/gran-imagen-del-aldro-colo-san-mateo-en-su-primer-amistoso\/#primaryimage\"},\"datePublished\":\"2020-10-11T20:41:18+00:00\",\"dateModified\":\"2020-10-11T20:42:07+00:00\",\"author\":{\"@id\":\"https:\/\/www.colocolofs.es\/web\/#\/schema\/person\/1be91002ad639bd282f9d860b6eb7584\"},\"inLanguage\":\"es\",\"potentialAction\":[{\"@type\":\"ReadAction\",\"target\":[\"http:\/\/www.colocolofs.es\/web\/gran-imagen-del-aldro-colo-san-mateo-en-su-primer-amistoso\/\"]}]},{\"@type\":[\"Person\"],\"@id\":\"https:\/\/www.colocolofs.es\/web\/#\/schema\/person\/1be91002ad639bd282f9d860b6eb7584\",\"name\":\"admin\"}]}<\/script>\n<!-- \/ Yoast SEO plugin. -->","_links":{"self":[{"href":"https:\/\/www.colocolofs.es\/web\/wp-json\/wp\/v2\/posts\/12395","targetHints":{"allow":["GET"]}}],"collection":[{"href":"https:\/\/www.colocolofs.es\/web\/wp-json\/wp\/v2\/posts"}],"about":[{"href":"https:\/\/www.colocolofs.es\/web\/wp-json\/wp\/v2\/types\/post"}],"author":[{"embeddable":true,"href":"https:\/\/www.colocolofs.es\/web\/wp-json\/wp\/v2\/users\/1"}],"replies":[{"embeddable":true,"href":"https:\/\/www.colocolofs.es\/web\/wp-json\/wp\/v2\/comments?post=12395"}],"version-history":[{"count":1,"href":"https:\/\/www.colocolofs.es\/web\/wp-json\/wp\/v2\/posts\/12395\/revisions"}],"predecessor-version":[{"id":12397,"href":"https:\/\/www.colocolofs.es\/web\/wp-json\/wp\/v2\/posts\/12395\/revisions\/12397"}],"wp:featuredmedia":[{"embeddable":true,"href":"https:\/\/www.colocolofs.es\/web\/wp-json\/wp\/v2\/media\/12396"}],"wp:attachment":[{"href":"https:\/\/www.colocolofs.es\/web\/wp-json\/wp\/v2\/media?parent=12395"}],"wp:term":[{"taxonomy":"category","embeddable":true,"href":"https:\/\/www.colocolofs.es\/web\/wp-json\/wp\/v2\/categories?post=12395"},{"taxonomy":"post_tag","embeddable":true,"href":"https:\/\/www.colocolofs.es\/web\/wp-json\/wp\/v2\/tags?post=12395"}],"curies":[{"name":"wp","href":"https:\/\/api.w.org\/{rel}","templated":true}]}}