{"id":12425,"date":"2020-10-16T04:07:19","date_gmt":"2020-10-16T04:07:19","guid":{"rendered":"http:\/\/www.colocolofs.es\/web\/?p=12425"},"modified":"2020-10-16T08:45:47","modified_gmt":"2020-10-16T08:45:47","slug":"primera-parada-murcia","status":"publish","type":"post","link":"https:\/\/www.colocolofs.es\/web\/primera-parada-murcia\/","title":{"rendered":"Primera parada: Murcia"},"content":{"rendered":"\n<p>La Segunda Divisi\u00f3n de f\u00fatbol sala arranca este fin de semana para los nueve equipos que componen el \u2018Grupo 1\u2019.<\/p>\n\n\n\n<p>La primera parada del Full Energ\u00eda Zaragoza ser\u00e1 Murcia. Los azulones se medir\u00e1n a ElPozo Ciudad de Murcia en el Palacio de los Deportes de Murcia (17\/10\/2020) a partir de las 17:00 horas. El partido ser\u00e1 ofrecido en \u2018streaming\u2019 en www.laligaesportstv.com y en la APP &#8216;La Liga Sports TV&#8217;.<\/p>\n\n\n\n<p>En pretemporada, el equipo dirigido por Alfonso Rodr\u00edguez no ha conseguido ning\u00fan triunfo aunque ha ofrecido un buen nivel en todos los encuentros. Pese a acabar siendo derrotados, contra Ribera Navarra, Ciudad de M\u00f3stoles y Bisontes Castell\u00f3n, el Full Energ\u00eda Zaragoza fue por delante en el marcador durante buena parte del partido por lo que la plantilla es consciente de que si mantiene un nivel de competitividad alto sobre la pista tiene muchas posibilidades de ganar a cualquier equipo.<\/p>\n\n\n\n<p>Para el duelo en Murcia, Alfonso Rodr\u00edguez tiene las bajas de Fran Tabuenca y Pablo Trasobares. Los convocados por el t\u00e9cnico azul\u00f3n son los siguientes jugadores: Sergio Eguiz\u00e1bal, Guille Vela, Aitor Abenia, Marcos Forga, Jorge Tabuenca, Juan Muniesa, Zucho, Diego Pardo, \u00c1lex Pasam\u00f3n, Nano Modrego y Carlos Garc\u00eda.<\/p>\n\n\n\n<p>ElPozo Ciudad de Murcia, rival del Full Energ\u00eda Zaragoza, destaca por tener una plantilla joven y de mucho talento, de la que probablemente saldr\u00e1n jugadores que en un futuro jueguen en Primera Divisi\u00f3n. Dirigido por Guillermo Mart\u00ednez, debutante en la categor\u00eda, el filial charcutero cuenta en sus filas con internacionales como Antonio Navarro,\u00a0 C\u00e1mara, Altamirano (Baja por lesi\u00f3n) o Cristian Povea.<\/p>\n\n\n\n<p>Para la temporada 2020\/21 se han reforzado con Nacho G\u00f3mez (Levante UD), David Iniesta (CD Murcia),&nbsp; V\u00edctor Cecilia (Santa Coloma) y el jap\u00f3nes Otawa Masashi.&nbsp;<\/p>\n\n\n\n<p>El \u00fanico enfrentamiento entre el Full Energ\u00eda Zaragoza y ElPozo Ciudad de Murcia en el Palacio de los Deportes fue en la temporada 2018\/19, con resultado favorable a los locales. En el pasado curso, el choque en Murcia no se disput\u00f3 debido a la suspensi\u00f3n del campeonato.<\/p>\n","protected":false},"excerpt":{"rendered":"<p>La Segunda Divisi\u00f3n de f\u00fatbol sala arranca este fin de semana para los nueve equipos que componen el \u2018Grupo 1\u2019. La primera parada del Full Energ\u00eda Zaragoza ser\u00e1 Murcia. Los azulones se medir\u00e1n a ElPozo Ciudad de Murcia en el Palacio de los Deportes de Murcia (17\/10\/2020) a partir de las 17:00 horas. El partido [&hellip;]<\/p>\n","protected":false},"author":1,"featured_media":12426,"comment_status":"closed","ping_status":"closed","sticky":false,"template":"","format":"standard","meta":{"footnotes":""},"categories":[5],"tags":[],"class_list":["post-12425","post","type-post","status-publish","format-standard","has-post-thumbnail","hentry","category-primer-equipo"],"jetpack_featured_media_url":"https:\/\/www.colocolofs.es\/web\/wp-content\/uploads\/2020\/10\/2020-10-17-EL-POZO-FEZ-RRSS.jpg","yoast_head":"<!-- This site is optimized with the Yoast SEO plugin v14.4.1 - https:\/\/yoast.com\/wordpress\/plugins\/seo\/ -->\n<title>Primera parada: Murcia - Entrerr\u00edos Automatizaci\u00f3n<\/title>\n<meta name=\"robots\" content=\"index, follow\" \/>\n<meta name=\"googlebot\" content=\"index, follow, max-snippet:-1, max-image-preview:large, max-video-preview:-1\" \/>\n<meta name=\"bingbot\" content=\"index, follow, max-snippet:-1, max-image-preview:large, max-video-preview:-1\" \/>\n<link rel=\"canonical\" href=\"http:\/\/www.colocolofs.es\/web\/primera-parada-murcia\/\" \/>\n<meta property=\"og:locale\" content=\"es_ES\" \/>\n<meta property=\"og:type\" content=\"article\" \/>\n<meta property=\"og:title\" content=\"Primera parada: Murcia - Entrerr\u00edos Automatizaci\u00f3n\" \/>\n<meta property=\"og:description\" content=\"La Segunda Divisi\u00f3n de f\u00fatbol sala arranca este fin de semana para los nueve equipos que componen el \u2018Grupo 1\u2019. La primera parada del Full Energ\u00eda Zaragoza ser\u00e1 Murcia. Los azulones se medir\u00e1n a ElPozo Ciudad de Murcia en el Palacio de los Deportes de Murcia (17\/10\/2020) a partir de las 17:00 horas. El partido [&hellip;]\" \/>\n<meta property=\"og:url\" content=\"http:\/\/www.colocolofs.es\/web\/primera-parada-murcia\/\" \/>\n<meta property=\"og:site_name\" content=\"Entrerr\u00edos Automatizaci\u00f3n\" \/>\n<meta property=\"article:published_time\" content=\"2020-10-16T04:07:19+00:00\" \/>\n<meta property=\"article:modified_time\" content=\"2020-10-16T08:45:47+00:00\" \/>\n<meta property=\"og:image\" content=\"https:\/\/www.colocolofs.es\/web\/wp-content\/uploads\/2020\/10\/2020-10-17-EL-POZO-FEZ-RRSS.jpg\" \/>\n\t<meta property=\"og:image:width\" content=\"1600\" \/>\n\t<meta property=\"og:image:height\" content=\"900\" \/>\n<meta name=\"twitter:card\" content=\"summary_large_image\" \/>\n<script type=\"application\/ld+json\" class=\"yoast-schema-graph\">{\"@context\":\"https:\/\/schema.org\",\"@graph\":[{\"@type\":\"WebSite\",\"@id\":\"https:\/\/www.colocolofs.es\/web\/#website\",\"url\":\"https:\/\/www.colocolofs.es\/web\/\",\"name\":\"Entrerr\\u00edos Automatizaci\\u00f3n\",\"description\":\"Web oficial\",\"potentialAction\":[{\"@type\":\"SearchAction\",\"target\":\"https:\/\/www.colocolofs.es\/web\/?s={search_term_string}\",\"query-input\":\"required name=search_term_string\"}],\"inLanguage\":\"es\"},{\"@type\":\"ImageObject\",\"@id\":\"http:\/\/www.colocolofs.es\/web\/primera-parada-murcia\/#primaryimage\",\"inLanguage\":\"es\",\"url\":\"https:\/\/www.colocolofs.es\/web\/wp-content\/uploads\/2020\/10\/2020-10-17-EL-POZO-FEZ-RRSS.jpg\",\"width\":1600,\"height\":900},{\"@type\":\"WebPage\",\"@id\":\"http:\/\/www.colocolofs.es\/web\/primera-parada-murcia\/#webpage\",\"url\":\"http:\/\/www.colocolofs.es\/web\/primera-parada-murcia\/\",\"name\":\"Primera parada: Murcia - Entrerr\\u00edos Automatizaci\\u00f3n\",\"isPartOf\":{\"@id\":\"https:\/\/www.colocolofs.es\/web\/#website\"},\"primaryImageOfPage\":{\"@id\":\"http:\/\/www.colocolofs.es\/web\/primera-parada-murcia\/#primaryimage\"},\"datePublished\":\"2020-10-16T04:07:19+00:00\",\"dateModified\":\"2020-10-16T08:45:47+00:00\",\"author\":{\"@id\":\"https:\/\/www.colocolofs.es\/web\/#\/schema\/person\/1be91002ad639bd282f9d860b6eb7584\"},\"inLanguage\":\"es\",\"potentialAction\":[{\"@type\":\"ReadAction\",\"target\":[\"http:\/\/www.colocolofs.es\/web\/primera-parada-murcia\/\"]}]},{\"@type\":[\"Person\"],\"@id\":\"https:\/\/www.colocolofs.es\/web\/#\/schema\/person\/1be91002ad639bd282f9d860b6eb7584\",\"name\":\"admin\"}]}<\/script>\n<!-- \/ Yoast SEO plugin. -->","_links":{"self":[{"href":"https:\/\/www.colocolofs.es\/web\/wp-json\/wp\/v2\/posts\/12425","targetHints":{"allow":["GET"]}}],"collection":[{"href":"https:\/\/www.colocolofs.es\/web\/wp-json\/wp\/v2\/posts"}],"about":[{"href":"https:\/\/www.colocolofs.es\/web\/wp-json\/wp\/v2\/types\/post"}],"author":[{"embeddable":true,"href":"https:\/\/www.colocolofs.es\/web\/wp-json\/wp\/v2\/users\/1"}],"replies":[{"embeddable":true,"href":"https:\/\/www.colocolofs.es\/web\/wp-json\/wp\/v2\/comments?post=12425"}],"version-history":[{"count":2,"href":"https:\/\/www.colocolofs.es\/web\/wp-json\/wp\/v2\/posts\/12425\/revisions"}],"predecessor-version":[{"id":12428,"href":"https:\/\/www.colocolofs.es\/web\/wp-json\/wp\/v2\/posts\/12425\/revisions\/12428"}],"wp:featuredmedia":[{"embeddable":true,"href":"https:\/\/www.colocolofs.es\/web\/wp-json\/wp\/v2\/media\/12426"}],"wp:attachment":[{"href":"https:\/\/www.colocolofs.es\/web\/wp-json\/wp\/v2\/media?parent=12425"}],"wp:term":[{"taxonomy":"category","embeddable":true,"href":"https:\/\/www.colocolofs.es\/web\/wp-json\/wp\/v2\/categories?post=12425"},{"taxonomy":"post_tag","embeddable":true,"href":"https:\/\/www.colocolofs.es\/web\/wp-json\/wp\/v2\/tags?post=12425"}],"curies":[{"name":"wp","href":"https:\/\/api.w.org\/{rel}","templated":true}]}}