{"id":12465,"date":"2020-10-23T08:36:42","date_gmt":"2020-10-23T08:36:42","guid":{"rendered":"http:\/\/www.colocolofs.es\/web\/?p=12465"},"modified":"2020-10-23T08:37:03","modified_gmt":"2020-10-23T08:37:03","slug":"lorena-quiero-aportar-al-equipo-mi-experiencia-y-compromiso","status":"publish","type":"post","link":"https:\/\/www.colocolofs.es\/web\/lorena-quiero-aportar-al-equipo-mi-experiencia-y-compromiso\/","title":{"rendered":"Lorena: \u201cQuiero aportar al equipo mi experiencia y compromiso\u201d"},"content":{"rendered":"\n<p>Lorena Herrando decidi\u00f3 volver a coger las zapatillas para unirse al Aldro Colo\u00a0 &#8211; San Mateo. Despu\u00e9s de casi dos a\u00f1os sin jugar en ning\u00fan equipo, la jugadora zaragozana aceptaba la propuesta del equipo azul\u00f3n: \u201cLo que me ha llevado a fichar por el Aldro Colo &#8211; San Mateo es la oportunidad de poder unirme a un proyecto que empieza desde cero, con gente nueva con la que nunca he compartido vestuario\u201d, explica.\u00a0<\/p>\n\n\n\n<p>Para Lorena, que ha jugado tanto en Primera como en Segunda Divisi\u00f3n, hacerlo ahora en Primera Auton\u00f3mica con el Aldro Colo &#8211; San Mateo es \u201ces una experiencia nueva y tan ilusionante como cualquier otra que he podido vivir anteriormente\u201d.<\/p>\n\n\n\n<p>Lorena considera que sus principales virtudes sobre la pista son \u201cel control de juego y la velocidad\u201d, y conf\u00eda en \u201caportar mi experiencia y compromiso al equipo\u201d.&nbsp;<\/p>\n\n\n\n<p>Sobre las sensaciones del equipo, tras varias semanas de pretemporada y dos amistosos disputados, la \u20188\u2019 del Aldro Colo San Mateo explica lo siguiente: \u201cHay ilusi\u00f3n por el nuevo reto que tenemos por delante, compromiso, entrega y ganas de luchar. En los partidos jugados se va notando el trabajo realizado en los entrenamientos y se nota que somos un equipo m\u00e1s seguro y asentado en la pista\u201d. Aunque Lorena es consciente de que \u201cqueda mucho trabajo por delante, pero vamos por el buen camino y ante el Avenida Alag\u00f3n se demostr\u00f3\u201d.<\/p>\n","protected":false},"excerpt":{"rendered":"<p>Lorena Herrando decidi\u00f3 volver a coger las zapatillas para unirse al Aldro Colo\u00a0 &#8211; San Mateo. Despu\u00e9s de casi dos a\u00f1os sin jugar en ning\u00fan equipo, la jugadora zaragozana aceptaba la propuesta del equipo azul\u00f3n: \u201cLo que me ha llevado a fichar por el Aldro Colo &#8211; San Mateo es la oportunidad de poder unirme [&hellip;]<\/p>\n","protected":false},"author":1,"featured_media":12466,"comment_status":"closed","ping_status":"closed","sticky":false,"template":"","format":"standard","meta":{"footnotes":""},"categories":[8],"tags":[],"class_list":["post-12465","post","type-post","status-publish","format-standard","has-post-thumbnail","hentry","category-colo-colo-femenino"],"jetpack_featured_media_url":"https:\/\/www.colocolofs.es\/web\/wp-content\/uploads\/2020\/10\/WhatsApp-Image-2020-10-19-at-11.37.03.jpeg","yoast_head":"<!-- This site is optimized with the Yoast SEO plugin v14.4.1 - https:\/\/yoast.com\/wordpress\/plugins\/seo\/ -->\n<title>Lorena: \u201cQuiero aportar al equipo mi experiencia y compromiso\u201d - Entrerr\u00edos Automatizaci\u00f3n<\/title>\n<meta name=\"robots\" content=\"index, follow\" \/>\n<meta name=\"googlebot\" content=\"index, follow, max-snippet:-1, max-image-preview:large, max-video-preview:-1\" \/>\n<meta name=\"bingbot\" content=\"index, follow, max-snippet:-1, max-image-preview:large, max-video-preview:-1\" \/>\n<link rel=\"canonical\" href=\"http:\/\/www.colocolofs.es\/web\/lorena-quiero-aportar-al-equipo-mi-experiencia-y-compromiso\/\" \/>\n<meta property=\"og:locale\" content=\"es_ES\" \/>\n<meta property=\"og:type\" content=\"article\" \/>\n<meta property=\"og:title\" content=\"Lorena: \u201cQuiero aportar al equipo mi experiencia y compromiso\u201d - Entrerr\u00edos Automatizaci\u00f3n\" \/>\n<meta property=\"og:description\" content=\"Lorena Herrando decidi\u00f3 volver a coger las zapatillas para unirse al Aldro Colo\u00a0 &#8211; San Mateo. Despu\u00e9s de casi dos a\u00f1os sin jugar en ning\u00fan equipo, la jugadora zaragozana aceptaba la propuesta del equipo azul\u00f3n: \u201cLo que me ha llevado a fichar por el Aldro Colo &#8211; San Mateo es la oportunidad de poder unirme [&hellip;]\" \/>\n<meta property=\"og:url\" content=\"http:\/\/www.colocolofs.es\/web\/lorena-quiero-aportar-al-equipo-mi-experiencia-y-compromiso\/\" \/>\n<meta property=\"og:site_name\" content=\"Entrerr\u00edos Automatizaci\u00f3n\" \/>\n<meta property=\"article:published_time\" content=\"2020-10-23T08:36:42+00:00\" \/>\n<meta property=\"article:modified_time\" content=\"2020-10-23T08:37:03+00:00\" \/>\n<meta property=\"og:image\" content=\"https:\/\/www.colocolofs.es\/web\/wp-content\/uploads\/2020\/10\/WhatsApp-Image-2020-10-19-at-11.37.03.jpeg\" \/>\n\t<meta property=\"og:image:width\" content=\"1500\" \/>\n\t<meta property=\"og:image:height\" content=\"1000\" \/>\n<meta name=\"twitter:card\" content=\"summary_large_image\" \/>\n<script type=\"application\/ld+json\" class=\"yoast-schema-graph\">{\"@context\":\"https:\/\/schema.org\",\"@graph\":[{\"@type\":\"WebSite\",\"@id\":\"https:\/\/www.colocolofs.es\/web\/#website\",\"url\":\"https:\/\/www.colocolofs.es\/web\/\",\"name\":\"Entrerr\\u00edos Automatizaci\\u00f3n\",\"description\":\"Web oficial\",\"potentialAction\":[{\"@type\":\"SearchAction\",\"target\":\"https:\/\/www.colocolofs.es\/web\/?s={search_term_string}\",\"query-input\":\"required name=search_term_string\"}],\"inLanguage\":\"es\"},{\"@type\":\"ImageObject\",\"@id\":\"http:\/\/www.colocolofs.es\/web\/lorena-quiero-aportar-al-equipo-mi-experiencia-y-compromiso\/#primaryimage\",\"inLanguage\":\"es\",\"url\":\"https:\/\/www.colocolofs.es\/web\/wp-content\/uploads\/2020\/10\/WhatsApp-Image-2020-10-19-at-11.37.03.jpeg\",\"width\":1500,\"height\":1000},{\"@type\":\"WebPage\",\"@id\":\"http:\/\/www.colocolofs.es\/web\/lorena-quiero-aportar-al-equipo-mi-experiencia-y-compromiso\/#webpage\",\"url\":\"http:\/\/www.colocolofs.es\/web\/lorena-quiero-aportar-al-equipo-mi-experiencia-y-compromiso\/\",\"name\":\"Lorena: \\u201cQuiero aportar al equipo mi experiencia y compromiso\\u201d - Entrerr\\u00edos Automatizaci\\u00f3n\",\"isPartOf\":{\"@id\":\"https:\/\/www.colocolofs.es\/web\/#website\"},\"primaryImageOfPage\":{\"@id\":\"http:\/\/www.colocolofs.es\/web\/lorena-quiero-aportar-al-equipo-mi-experiencia-y-compromiso\/#primaryimage\"},\"datePublished\":\"2020-10-23T08:36:42+00:00\",\"dateModified\":\"2020-10-23T08:37:03+00:00\",\"author\":{\"@id\":\"https:\/\/www.colocolofs.es\/web\/#\/schema\/person\/1be91002ad639bd282f9d860b6eb7584\"},\"inLanguage\":\"es\",\"potentialAction\":[{\"@type\":\"ReadAction\",\"target\":[\"http:\/\/www.colocolofs.es\/web\/lorena-quiero-aportar-al-equipo-mi-experiencia-y-compromiso\/\"]}]},{\"@type\":[\"Person\"],\"@id\":\"https:\/\/www.colocolofs.es\/web\/#\/schema\/person\/1be91002ad639bd282f9d860b6eb7584\",\"name\":\"admin\"}]}<\/script>\n<!-- \/ Yoast SEO plugin. -->","_links":{"self":[{"href":"https:\/\/www.colocolofs.es\/web\/wp-json\/wp\/v2\/posts\/12465","targetHints":{"allow":["GET"]}}],"collection":[{"href":"https:\/\/www.colocolofs.es\/web\/wp-json\/wp\/v2\/posts"}],"about":[{"href":"https:\/\/www.colocolofs.es\/web\/wp-json\/wp\/v2\/types\/post"}],"author":[{"embeddable":true,"href":"https:\/\/www.colocolofs.es\/web\/wp-json\/wp\/v2\/users\/1"}],"replies":[{"embeddable":true,"href":"https:\/\/www.colocolofs.es\/web\/wp-json\/wp\/v2\/comments?post=12465"}],"version-history":[{"count":1,"href":"https:\/\/www.colocolofs.es\/web\/wp-json\/wp\/v2\/posts\/12465\/revisions"}],"predecessor-version":[{"id":12467,"href":"https:\/\/www.colocolofs.es\/web\/wp-json\/wp\/v2\/posts\/12465\/revisions\/12467"}],"wp:featuredmedia":[{"embeddable":true,"href":"https:\/\/www.colocolofs.es\/web\/wp-json\/wp\/v2\/media\/12466"}],"wp:attachment":[{"href":"https:\/\/www.colocolofs.es\/web\/wp-json\/wp\/v2\/media?parent=12465"}],"wp:term":[{"taxonomy":"category","embeddable":true,"href":"https:\/\/www.colocolofs.es\/web\/wp-json\/wp\/v2\/categories?post=12465"},{"taxonomy":"post_tag","embeddable":true,"href":"https:\/\/www.colocolofs.es\/web\/wp-json\/wp\/v2\/tags?post=12465"}],"curies":[{"name":"wp","href":"https:\/\/api.w.org\/{rel}","templated":true}]}}