{"id":12486,"date":"2020-10-28T10:53:52","date_gmt":"2020-10-28T10:53:52","guid":{"rendered":"http:\/\/www.colocolofs.es\/web\/?p=12486"},"modified":"2020-10-28T12:07:46","modified_gmt":"2020-10-28T12:07:46","slug":"andrea-redrado-cierra-la-plantilla-del-aldro-colo-san-mateo","status":"publish","type":"post","link":"https:\/\/www.colocolofs.es\/web\/andrea-redrado-cierra-la-plantilla-del-aldro-colo-san-mateo\/","title":{"rendered":"Andrea Redrado cierra la plantilla del Aldro Colo San Mateo"},"content":{"rendered":"\n<p>Andrea Redrado (Zaragoza, 6\/11\/1991) es el decimotercer, y \u00faltimo, fichaje del Aldro Colo San Mateo para la temporada 2020\/2021.<\/p>\n\n\n\n<p>Andrea puede jugar tanto de ala como de p\u00edvot, y en las \u00faltimas cinco campa\u00f1as ha militado en el CD Delicias de f\u00fatbol once. En el Aldro Colo San Mateo vivir\u00e1 su primera experiencia en el f\u00fatbol sala.<\/p>\n","protected":false},"excerpt":{"rendered":"<p>Andrea Redrado (Zaragoza, 6\/11\/1991) es el decimotercer, y \u00faltimo, fichaje del Aldro Colo San Mateo para la temporada 2020\/2021. Andrea puede jugar tanto de ala como de p\u00edvot, y en las \u00faltimas cinco campa\u00f1as ha militado en el CD Delicias de f\u00fatbol once. En el Aldro Colo San Mateo vivir\u00e1 su primera experiencia en el [&hellip;]<\/p>\n","protected":false},"author":1,"featured_media":12487,"comment_status":"closed","ping_status":"closed","sticky":false,"template":"","format":"standard","meta":{"footnotes":""},"categories":[8],"tags":[],"class_list":["post-12486","post","type-post","status-publish","format-standard","has-post-thumbnail","hentry","category-colo-colo-femenino"],"jetpack_featured_media_url":"https:\/\/www.colocolofs.es\/web\/wp-content\/uploads\/2020\/10\/ANDREA.jpg","yoast_head":"<!-- This site is optimized with the Yoast SEO plugin v14.4.1 - https:\/\/yoast.com\/wordpress\/plugins\/seo\/ -->\n<title>Andrea Redrado cierra la plantilla del Aldro Colo San Mateo - Entrerr\u00edos Automatizaci\u00f3n<\/title>\n<meta name=\"robots\" content=\"index, follow\" \/>\n<meta name=\"googlebot\" content=\"index, follow, max-snippet:-1, max-image-preview:large, max-video-preview:-1\" \/>\n<meta name=\"bingbot\" content=\"index, follow, max-snippet:-1, max-image-preview:large, max-video-preview:-1\" \/>\n<link rel=\"canonical\" href=\"http:\/\/www.colocolofs.es\/web\/andrea-redrado-cierra-la-plantilla-del-aldro-colo-san-mateo\/\" \/>\n<meta property=\"og:locale\" content=\"es_ES\" \/>\n<meta property=\"og:type\" content=\"article\" \/>\n<meta property=\"og:title\" content=\"Andrea Redrado cierra la plantilla del Aldro Colo San Mateo - Entrerr\u00edos Automatizaci\u00f3n\" \/>\n<meta property=\"og:description\" content=\"Andrea Redrado (Zaragoza, 6\/11\/1991) es el decimotercer, y \u00faltimo, fichaje del Aldro Colo San Mateo para la temporada 2020\/2021. Andrea puede jugar tanto de ala como de p\u00edvot, y en las \u00faltimas cinco campa\u00f1as ha militado en el CD Delicias de f\u00fatbol once. En el Aldro Colo San Mateo vivir\u00e1 su primera experiencia en el [&hellip;]\" \/>\n<meta property=\"og:url\" content=\"http:\/\/www.colocolofs.es\/web\/andrea-redrado-cierra-la-plantilla-del-aldro-colo-san-mateo\/\" \/>\n<meta property=\"og:site_name\" content=\"Entrerr\u00edos Automatizaci\u00f3n\" \/>\n<meta property=\"article:published_time\" content=\"2020-10-28T10:53:52+00:00\" \/>\n<meta property=\"article:modified_time\" content=\"2020-10-28T12:07:46+00:00\" \/>\n<meta property=\"og:image\" content=\"https:\/\/www.colocolofs.es\/web\/wp-content\/uploads\/2020\/10\/ANDREA.jpg\" \/>\n\t<meta property=\"og:image:width\" content=\"2048\" \/>\n\t<meta property=\"og:image:height\" content=\"1024\" \/>\n<meta name=\"twitter:card\" content=\"summary_large_image\" \/>\n<script type=\"application\/ld+json\" class=\"yoast-schema-graph\">{\"@context\":\"https:\/\/schema.org\",\"@graph\":[{\"@type\":\"WebSite\",\"@id\":\"https:\/\/www.colocolofs.es\/web\/#website\",\"url\":\"https:\/\/www.colocolofs.es\/web\/\",\"name\":\"Entrerr\\u00edos Automatizaci\\u00f3n\",\"description\":\"Web oficial\",\"potentialAction\":[{\"@type\":\"SearchAction\",\"target\":\"https:\/\/www.colocolofs.es\/web\/?s={search_term_string}\",\"query-input\":\"required name=search_term_string\"}],\"inLanguage\":\"es\"},{\"@type\":\"ImageObject\",\"@id\":\"http:\/\/www.colocolofs.es\/web\/andrea-redrado-cierra-la-plantilla-del-aldro-colo-san-mateo\/#primaryimage\",\"inLanguage\":\"es\",\"url\":\"https:\/\/www.colocolofs.es\/web\/wp-content\/uploads\/2020\/10\/ANDREA.jpg\",\"width\":2048,\"height\":1024},{\"@type\":\"WebPage\",\"@id\":\"http:\/\/www.colocolofs.es\/web\/andrea-redrado-cierra-la-plantilla-del-aldro-colo-san-mateo\/#webpage\",\"url\":\"http:\/\/www.colocolofs.es\/web\/andrea-redrado-cierra-la-plantilla-del-aldro-colo-san-mateo\/\",\"name\":\"Andrea Redrado cierra la plantilla del Aldro Colo San Mateo - Entrerr\\u00edos Automatizaci\\u00f3n\",\"isPartOf\":{\"@id\":\"https:\/\/www.colocolofs.es\/web\/#website\"},\"primaryImageOfPage\":{\"@id\":\"http:\/\/www.colocolofs.es\/web\/andrea-redrado-cierra-la-plantilla-del-aldro-colo-san-mateo\/#primaryimage\"},\"datePublished\":\"2020-10-28T10:53:52+00:00\",\"dateModified\":\"2020-10-28T12:07:46+00:00\",\"author\":{\"@id\":\"https:\/\/www.colocolofs.es\/web\/#\/schema\/person\/1be91002ad639bd282f9d860b6eb7584\"},\"inLanguage\":\"es\",\"potentialAction\":[{\"@type\":\"ReadAction\",\"target\":[\"http:\/\/www.colocolofs.es\/web\/andrea-redrado-cierra-la-plantilla-del-aldro-colo-san-mateo\/\"]}]},{\"@type\":[\"Person\"],\"@id\":\"https:\/\/www.colocolofs.es\/web\/#\/schema\/person\/1be91002ad639bd282f9d860b6eb7584\",\"name\":\"admin\"}]}<\/script>\n<!-- \/ Yoast SEO plugin. -->","_links":{"self":[{"href":"https:\/\/www.colocolofs.es\/web\/wp-json\/wp\/v2\/posts\/12486","targetHints":{"allow":["GET"]}}],"collection":[{"href":"https:\/\/www.colocolofs.es\/web\/wp-json\/wp\/v2\/posts"}],"about":[{"href":"https:\/\/www.colocolofs.es\/web\/wp-json\/wp\/v2\/types\/post"}],"author":[{"embeddable":true,"href":"https:\/\/www.colocolofs.es\/web\/wp-json\/wp\/v2\/users\/1"}],"replies":[{"embeddable":true,"href":"https:\/\/www.colocolofs.es\/web\/wp-json\/wp\/v2\/comments?post=12486"}],"version-history":[{"count":2,"href":"https:\/\/www.colocolofs.es\/web\/wp-json\/wp\/v2\/posts\/12486\/revisions"}],"predecessor-version":[{"id":12489,"href":"https:\/\/www.colocolofs.es\/web\/wp-json\/wp\/v2\/posts\/12486\/revisions\/12489"}],"wp:featuredmedia":[{"embeddable":true,"href":"https:\/\/www.colocolofs.es\/web\/wp-json\/wp\/v2\/media\/12487"}],"wp:attachment":[{"href":"https:\/\/www.colocolofs.es\/web\/wp-json\/wp\/v2\/media?parent=12486"}],"wp:term":[{"taxonomy":"category","embeddable":true,"href":"https:\/\/www.colocolofs.es\/web\/wp-json\/wp\/v2\/categories?post=12486"},{"taxonomy":"post_tag","embeddable":true,"href":"https:\/\/www.colocolofs.es\/web\/wp-json\/wp\/v2\/tags?post=12486"}],"curies":[{"name":"wp","href":"https:\/\/api.w.org\/{rel}","templated":true}]}}