{"id":12827,"date":"2020-12-03T05:02:19","date_gmt":"2020-12-03T05:02:19","guid":{"rendered":"http:\/\/www.colocolofs.es\/web\/?p=12827"},"modified":"2020-12-03T05:02:35","modified_gmt":"2020-12-03T05:02:35","slug":"carlos-garcia-queremos-disfrutar-de-la-categoria-sin-ir-asfixiados-por-el-descenso","status":"publish","type":"post","link":"https:\/\/www.colocolofs.es\/web\/carlos-garcia-queremos-disfrutar-de-la-categoria-sin-ir-asfixiados-por-el-descenso\/","title":{"rendered":"Carlos Garc\u00eda: \u201cQueremos disfrutar de la categor\u00eda sin ir asfixiados por el descenso\u201d"},"content":{"rendered":"\n<p>El Full Energ\u00eda Zaragoza vive su tercera temporada en Segunda Divisi\u00f3n, y la meta del equipo es mantener la categor\u00eda sin pasar los apuros de otras campa\u00f1as.<\/p>\n\n\n\n<p>Carlos Garc\u00eda asegura que \u201cel objetivo sigue siendo la permanencia y dejar de sufrir en Segunda Divisi\u00f3n. Los dos primeros a\u00f1os fueron de mucha tensi\u00f3n, y ahora queremos disfrutar de la categor\u00eda sin ir asfixiados por el descenso\u201d.<\/p>\n\n\n\n<p>El equipo tiene claro que \u201clas claves de un Club como el nuestro son mantener la ilusi\u00f3n y la constancia para competir los 40 minutos de cada partido. Y, como dice nuestro entrenador, tenemos que seguir siendo alegres en ataque para hacer los partidos m\u00e1s atractivos\u201d, y as\u00ed lo explica el \u201821\u2019 del Full Energ\u00eda Zaragoza.&nbsp;<\/p>\n\n\n\n<p>De momento, parece ser que los azulones van bien encaminados hacia esa tranquilidad, despu\u00e9s de llevar tres partidos seguidos sin conocer la derrota. Pese a todo, Carlos Garc\u00eda mantiene la calma ya que a\u00fan queda mucha temporada por delante: \u201cEl estado de \u00e1nimo es bueno. Estamos teniendo una buena cohesi\u00f3n de grupo y eso se ve reflejado en la pista. Hay que tener prudencia y trabajar con humildad para seguir logrando resultados positivos\u201d.<\/p>\n\n\n\n<p>La pr\u00f3xima oportunidad para seguir con esa buena din\u00e1mica en Liga ser\u00e1 en Castell\u00f3n, donde el Full Energ\u00eda Zaragoza jugar\u00e1 ante Bisontes, equipo en el que milita milita Diego Sancho, exjugador azul\u00f3n: \u201cOjal\u00e1 lo pudi\u00e9ramos disfrutar en nuestro equipo\u2026Este s\u00e1bado me tocar\u00e1 enfadarme con \u00e9l y tener un partido duro. Ser\u00e1 una bonita guerra cierre-p\u00edvot\u201d, indica Carlos. Sobre Bisontes, destaca que \u201cllevan una racha muy positiva. Nos vamos a encontrar a un equipo joven que realiza una presi\u00f3n intensa de bal\u00f3n y eso nos va a dificultar elaborar jugadas desde atr\u00e1s\u201d. Por ello, el cierre cree que \u201cla clave del partido ser\u00e1 la estrategia, donde tendremos que ejecutar bien los movimientos para atacar su defensa individual\u201d.<\/p>\n\n\n\n<p>Otro de los factores a tener en cuenta es mantener el buen hacer defensivo de estas primeras jornadas: \u201cEs verdad que en Liga, el equipo est\u00e1 encajando menos goles que otras temporadas, pero a\u00fan es pronto para decir que somos s\u00f3lidos atr\u00e1s\u201d, apunta Carlos, que resalta el buen rendimiento de ambos porteros: \u201cTanto Sergio como Guille est\u00e1n a un nivel muy alto\u201d.&nbsp;<\/p>\n\n\n\n<p>Para finalizar el repaso a la actualidad del equipo, Carlos comenta c\u00f3mo afrontan diciembre, ya que tendr\u00e1n que disputar hasta cinco partidos: \u201cVa a ser un mes muy exigente con una alta carga de encuentros. Por ello, la preparaci\u00f3n f\u00edsica jugar\u00e1 un papel fundamental. Tenemos una plantilla muy completa y larga para afrontar estos partidos. Tambi\u00e9n, hay que mencionar la presencia de jugadores del Juvenil como Nogueras o Yang, que nos ayudan para poder realizar entrenamientos m\u00e1s completos\u201d.<\/p>\n","protected":false},"excerpt":{"rendered":"<p>El Full Energ\u00eda Zaragoza vive su tercera temporada en Segunda Divisi\u00f3n, y la meta del equipo es mantener la categor\u00eda sin pasar los apuros de otras campa\u00f1as. Carlos Garc\u00eda asegura que \u201cel objetivo sigue siendo la permanencia y dejar de sufrir en Segunda Divisi\u00f3n. Los dos primeros a\u00f1os fueron de mucha tensi\u00f3n, y ahora queremos [&hellip;]<\/p>\n","protected":false},"author":1,"featured_media":12828,"comment_status":"closed","ping_status":"closed","sticky":false,"template":"","format":"standard","meta":{"footnotes":""},"categories":[5],"tags":[],"class_list":["post-12827","post","type-post","status-publish","format-standard","has-post-thumbnail","hentry","category-primer-equipo"],"jetpack_featured_media_url":"https:\/\/www.colocolofs.es\/web\/wp-content\/uploads\/2020\/12\/carlos.jpg","yoast_head":"<!-- This site is optimized with the Yoast SEO plugin v14.4.1 - https:\/\/yoast.com\/wordpress\/plugins\/seo\/ -->\n<title>Carlos Garc\u00eda: \u201cQueremos disfrutar de la categor\u00eda sin ir asfixiados por el descenso\u201d - Entrerr\u00edos Automatizaci\u00f3n<\/title>\n<meta name=\"robots\" content=\"index, follow\" \/>\n<meta name=\"googlebot\" content=\"index, follow, max-snippet:-1, max-image-preview:large, max-video-preview:-1\" \/>\n<meta name=\"bingbot\" content=\"index, follow, max-snippet:-1, max-image-preview:large, max-video-preview:-1\" \/>\n<link rel=\"canonical\" href=\"http:\/\/www.colocolofs.es\/web\/carlos-garcia-queremos-disfrutar-de-la-categoria-sin-ir-asfixiados-por-el-descenso\/\" \/>\n<meta property=\"og:locale\" content=\"es_ES\" \/>\n<meta property=\"og:type\" content=\"article\" \/>\n<meta property=\"og:title\" content=\"Carlos Garc\u00eda: \u201cQueremos disfrutar de la categor\u00eda sin ir asfixiados por el descenso\u201d - Entrerr\u00edos Automatizaci\u00f3n\" \/>\n<meta property=\"og:description\" content=\"El Full Energ\u00eda Zaragoza vive su tercera temporada en Segunda Divisi\u00f3n, y la meta del equipo es mantener la categor\u00eda sin pasar los apuros de otras campa\u00f1as. Carlos Garc\u00eda asegura que \u201cel objetivo sigue siendo la permanencia y dejar de sufrir en Segunda Divisi\u00f3n. Los dos primeros a\u00f1os fueron de mucha tensi\u00f3n, y ahora queremos [&hellip;]\" \/>\n<meta property=\"og:url\" content=\"http:\/\/www.colocolofs.es\/web\/carlos-garcia-queremos-disfrutar-de-la-categoria-sin-ir-asfixiados-por-el-descenso\/\" \/>\n<meta property=\"og:site_name\" content=\"Entrerr\u00edos Automatizaci\u00f3n\" \/>\n<meta property=\"article:published_time\" content=\"2020-12-03T05:02:19+00:00\" \/>\n<meta property=\"article:modified_time\" content=\"2020-12-03T05:02:35+00:00\" \/>\n<meta property=\"og:image\" content=\"https:\/\/www.colocolofs.es\/web\/wp-content\/uploads\/2020\/12\/carlos.jpg\" \/>\n\t<meta property=\"og:image:width\" content=\"1991\" \/>\n\t<meta property=\"og:image:height\" content=\"1120\" \/>\n<meta name=\"twitter:card\" content=\"summary_large_image\" \/>\n<script type=\"application\/ld+json\" class=\"yoast-schema-graph\">{\"@context\":\"https:\/\/schema.org\",\"@graph\":[{\"@type\":\"WebSite\",\"@id\":\"https:\/\/www.colocolofs.es\/web\/#website\",\"url\":\"https:\/\/www.colocolofs.es\/web\/\",\"name\":\"Entrerr\\u00edos Automatizaci\\u00f3n\",\"description\":\"Web oficial\",\"potentialAction\":[{\"@type\":\"SearchAction\",\"target\":\"https:\/\/www.colocolofs.es\/web\/?s={search_term_string}\",\"query-input\":\"required name=search_term_string\"}],\"inLanguage\":\"es\"},{\"@type\":\"ImageObject\",\"@id\":\"http:\/\/www.colocolofs.es\/web\/carlos-garcia-queremos-disfrutar-de-la-categoria-sin-ir-asfixiados-por-el-descenso\/#primaryimage\",\"inLanguage\":\"es\",\"url\":\"https:\/\/www.colocolofs.es\/web\/wp-content\/uploads\/2020\/12\/carlos.jpg\",\"width\":1991,\"height\":1120,\"caption\":\"Carlos, durante un partido (Foto: Andrea Royo L\\u00f3pez)\"},{\"@type\":\"WebPage\",\"@id\":\"http:\/\/www.colocolofs.es\/web\/carlos-garcia-queremos-disfrutar-de-la-categoria-sin-ir-asfixiados-por-el-descenso\/#webpage\",\"url\":\"http:\/\/www.colocolofs.es\/web\/carlos-garcia-queremos-disfrutar-de-la-categoria-sin-ir-asfixiados-por-el-descenso\/\",\"name\":\"Carlos Garc\\u00eda: \\u201cQueremos disfrutar de la categor\\u00eda sin ir asfixiados por el descenso\\u201d - Entrerr\\u00edos Automatizaci\\u00f3n\",\"isPartOf\":{\"@id\":\"https:\/\/www.colocolofs.es\/web\/#website\"},\"primaryImageOfPage\":{\"@id\":\"http:\/\/www.colocolofs.es\/web\/carlos-garcia-queremos-disfrutar-de-la-categoria-sin-ir-asfixiados-por-el-descenso\/#primaryimage\"},\"datePublished\":\"2020-12-03T05:02:19+00:00\",\"dateModified\":\"2020-12-03T05:02:35+00:00\",\"author\":{\"@id\":\"https:\/\/www.colocolofs.es\/web\/#\/schema\/person\/1be91002ad639bd282f9d860b6eb7584\"},\"inLanguage\":\"es\",\"potentialAction\":[{\"@type\":\"ReadAction\",\"target\":[\"http:\/\/www.colocolofs.es\/web\/carlos-garcia-queremos-disfrutar-de-la-categoria-sin-ir-asfixiados-por-el-descenso\/\"]}]},{\"@type\":[\"Person\"],\"@id\":\"https:\/\/www.colocolofs.es\/web\/#\/schema\/person\/1be91002ad639bd282f9d860b6eb7584\",\"name\":\"admin\"}]}<\/script>\n<!-- \/ Yoast SEO plugin. -->","_links":{"self":[{"href":"https:\/\/www.colocolofs.es\/web\/wp-json\/wp\/v2\/posts\/12827","targetHints":{"allow":["GET"]}}],"collection":[{"href":"https:\/\/www.colocolofs.es\/web\/wp-json\/wp\/v2\/posts"}],"about":[{"href":"https:\/\/www.colocolofs.es\/web\/wp-json\/wp\/v2\/types\/post"}],"author":[{"embeddable":true,"href":"https:\/\/www.colocolofs.es\/web\/wp-json\/wp\/v2\/users\/1"}],"replies":[{"embeddable":true,"href":"https:\/\/www.colocolofs.es\/web\/wp-json\/wp\/v2\/comments?post=12827"}],"version-history":[{"count":1,"href":"https:\/\/www.colocolofs.es\/web\/wp-json\/wp\/v2\/posts\/12827\/revisions"}],"predecessor-version":[{"id":12829,"href":"https:\/\/www.colocolofs.es\/web\/wp-json\/wp\/v2\/posts\/12827\/revisions\/12829"}],"wp:featuredmedia":[{"embeddable":true,"href":"https:\/\/www.colocolofs.es\/web\/wp-json\/wp\/v2\/media\/12828"}],"wp:attachment":[{"href":"https:\/\/www.colocolofs.es\/web\/wp-json\/wp\/v2\/media?parent=12827"}],"wp:term":[{"taxonomy":"category","embeddable":true,"href":"https:\/\/www.colocolofs.es\/web\/wp-json\/wp\/v2\/categories?post=12827"},{"taxonomy":"post_tag","embeddable":true,"href":"https:\/\/www.colocolofs.es\/web\/wp-json\/wp\/v2\/tags?post=12827"}],"curies":[{"name":"wp","href":"https:\/\/api.w.org\/{rel}","templated":true}]}}