{"id":12876,"date":"2020-12-08T15:43:45","date_gmt":"2020-12-08T15:43:45","guid":{"rendered":"http:\/\/www.colocolofs.es\/web\/?p=12876"},"modified":"2020-12-08T21:47:08","modified_gmt":"2020-12-08T21:47:08","slug":"victoria-y-liderato-para-el-sanantur-colo-colo","status":"publish","type":"post","link":"https:\/\/www.colocolofs.es\/web\/victoria-y-liderato-para-el-sanantur-colo-colo\/","title":{"rendered":"Victoria y liderato para el Sanantur Colo Colo"},"content":{"rendered":"\n<p>El Sanantur Colo Colo no ha desaprovechado la oportunidad de ponerse l\u00edder. Los de Antonio Albero se han impuesto por 6-0 a los Wikys Gelsa, en el partido aplazado de la jornada dos disputado en el Pabell\u00f3n de Torrero.&nbsp;<\/p>\n\n\n\n<p>El duelo arranc\u00f3 seg\u00fan lo esperado: el Sanantur Colo Colo ten\u00eda la posesi\u00f3n del bal\u00f3n y los Wikys esperaban en media pista. Hasta el minuto once los azulones no lograron marcar. Fue gracias a Javier Barcelona, el autor del 1-0. Los de la Ribera Baja del Ebro empezaban a crear peligro, pero una gran acci\u00f3n de Dani Meseguer supon\u00eda el 2-0.<\/p>\n\n\n\n<p>En la segunda parte, el Sanantur Colo Colo aprovechaba los espacios que dejaban los Wikys y los goles se fueron sucediendo: Sampe, Jacobo, Nogueras -que se estrenaba con el filial- y Razquin, contribuyeron en el triunfo azul\u00f3n.<\/p>\n\n\n\n<p>Transcurridas cuatro jornadas, el Sanantur Colo Colo es l\u00edder con 12 puntos tras ganar los cuatro partidos que ha disputado. En la pr\u00f3xima jornada, los de Albero se desplazar\u00e1n hasta Alca\u00f1iz para enfrentarse a un Intersala que ha arrancado muy bien la temporada.<\/p>\n","protected":false},"excerpt":{"rendered":"<p>El Sanantur Colo Colo no ha desaprovechado la oportunidad de ponerse l\u00edder. Los de Antonio Albero se han impuesto por 6-0 a los Wikys Gelsa, en el partido aplazado de la jornada dos disputado en el Pabell\u00f3n de Torrero.&nbsp; El duelo arranc\u00f3 seg\u00fan lo esperado: el Sanantur Colo Colo ten\u00eda la posesi\u00f3n del bal\u00f3n y [&hellip;]<\/p>\n","protected":false},"author":1,"featured_media":12874,"comment_status":"closed","ping_status":"closed","sticky":false,"template":"","format":"standard","meta":{"footnotes":""},"categories":[6],"tags":[],"class_list":["post-12876","post","type-post","status-publish","format-standard","has-post-thumbnail","hentry","category-categorias-base"],"jetpack_featured_media_url":"https:\/\/www.colocolofs.es\/web\/wp-content\/uploads\/2020\/12\/50657705613_f7029a92f5_c.jpg","yoast_head":"<!-- This site is optimized with the Yoast SEO plugin v14.4.1 - https:\/\/yoast.com\/wordpress\/plugins\/seo\/ -->\n<title>Victoria y liderato para el Sanantur Colo Colo - Entrerr\u00edos Automatizaci\u00f3n<\/title>\n<meta name=\"robots\" content=\"index, follow\" \/>\n<meta name=\"googlebot\" content=\"index, follow, max-snippet:-1, max-image-preview:large, max-video-preview:-1\" \/>\n<meta name=\"bingbot\" content=\"index, follow, max-snippet:-1, max-image-preview:large, max-video-preview:-1\" \/>\n<link rel=\"canonical\" href=\"http:\/\/www.colocolofs.es\/web\/victoria-y-liderato-para-el-sanantur-colo-colo\/\" \/>\n<meta property=\"og:locale\" content=\"es_ES\" \/>\n<meta property=\"og:type\" content=\"article\" \/>\n<meta property=\"og:title\" content=\"Victoria y liderato para el Sanantur Colo Colo - Entrerr\u00edos Automatizaci\u00f3n\" \/>\n<meta property=\"og:description\" content=\"El Sanantur Colo Colo no ha desaprovechado la oportunidad de ponerse l\u00edder. Los de Antonio Albero se han impuesto por 6-0 a los Wikys Gelsa, en el partido aplazado de la jornada dos disputado en el Pabell\u00f3n de Torrero.&nbsp; El duelo arranc\u00f3 seg\u00fan lo esperado: el Sanantur Colo Colo ten\u00eda la posesi\u00f3n del bal\u00f3n y [&hellip;]\" \/>\n<meta property=\"og:url\" content=\"http:\/\/www.colocolofs.es\/web\/victoria-y-liderato-para-el-sanantur-colo-colo\/\" \/>\n<meta property=\"og:site_name\" content=\"Entrerr\u00edos Automatizaci\u00f3n\" \/>\n<meta property=\"article:published_time\" content=\"2020-12-08T15:43:45+00:00\" \/>\n<meta property=\"article:modified_time\" content=\"2020-12-08T21:47:08+00:00\" \/>\n<meta property=\"og:image\" content=\"https:\/\/www.colocolofs.es\/web\/wp-content\/uploads\/2020\/12\/50657705613_f7029a92f5_c.jpg\" \/>\n\t<meta property=\"og:image:width\" content=\"799\" \/>\n\t<meta property=\"og:image:height\" content=\"533\" \/>\n<meta name=\"twitter:card\" content=\"summary_large_image\" \/>\n<script type=\"application\/ld+json\" class=\"yoast-schema-graph\">{\"@context\":\"https:\/\/schema.org\",\"@graph\":[{\"@type\":\"WebSite\",\"@id\":\"https:\/\/www.colocolofs.es\/web\/#website\",\"url\":\"https:\/\/www.colocolofs.es\/web\/\",\"name\":\"Entrerr\\u00edos Automatizaci\\u00f3n\",\"description\":\"Web oficial\",\"potentialAction\":[{\"@type\":\"SearchAction\",\"target\":\"https:\/\/www.colocolofs.es\/web\/?s={search_term_string}\",\"query-input\":\"required name=search_term_string\"}],\"inLanguage\":\"es\"},{\"@type\":\"ImageObject\",\"@id\":\"http:\/\/www.colocolofs.es\/web\/victoria-y-liderato-para-el-sanantur-colo-colo\/#primaryimage\",\"inLanguage\":\"es\",\"url\":\"https:\/\/www.colocolofs.es\/web\/wp-content\/uploads\/2020\/12\/50657705613_f7029a92f5_c.jpg\",\"width\":799,\"height\":533,\"caption\":\"Razquin, durante un partido | Foto: Andrea Royo L\\u00f3pez\"},{\"@type\":\"WebPage\",\"@id\":\"http:\/\/www.colocolofs.es\/web\/victoria-y-liderato-para-el-sanantur-colo-colo\/#webpage\",\"url\":\"http:\/\/www.colocolofs.es\/web\/victoria-y-liderato-para-el-sanantur-colo-colo\/\",\"name\":\"Victoria y liderato para el Sanantur Colo Colo - Entrerr\\u00edos Automatizaci\\u00f3n\",\"isPartOf\":{\"@id\":\"https:\/\/www.colocolofs.es\/web\/#website\"},\"primaryImageOfPage\":{\"@id\":\"http:\/\/www.colocolofs.es\/web\/victoria-y-liderato-para-el-sanantur-colo-colo\/#primaryimage\"},\"datePublished\":\"2020-12-08T15:43:45+00:00\",\"dateModified\":\"2020-12-08T21:47:08+00:00\",\"author\":{\"@id\":\"https:\/\/www.colocolofs.es\/web\/#\/schema\/person\/1be91002ad639bd282f9d860b6eb7584\"},\"inLanguage\":\"es\",\"potentialAction\":[{\"@type\":\"ReadAction\",\"target\":[\"http:\/\/www.colocolofs.es\/web\/victoria-y-liderato-para-el-sanantur-colo-colo\/\"]}]},{\"@type\":[\"Person\"],\"@id\":\"https:\/\/www.colocolofs.es\/web\/#\/schema\/person\/1be91002ad639bd282f9d860b6eb7584\",\"name\":\"admin\"}]}<\/script>\n<!-- \/ Yoast SEO plugin. -->","_links":{"self":[{"href":"https:\/\/www.colocolofs.es\/web\/wp-json\/wp\/v2\/posts\/12876","targetHints":{"allow":["GET"]}}],"collection":[{"href":"https:\/\/www.colocolofs.es\/web\/wp-json\/wp\/v2\/posts"}],"about":[{"href":"https:\/\/www.colocolofs.es\/web\/wp-json\/wp\/v2\/types\/post"}],"author":[{"embeddable":true,"href":"https:\/\/www.colocolofs.es\/web\/wp-json\/wp\/v2\/users\/1"}],"replies":[{"embeddable":true,"href":"https:\/\/www.colocolofs.es\/web\/wp-json\/wp\/v2\/comments?post=12876"}],"version-history":[{"count":3,"href":"https:\/\/www.colocolofs.es\/web\/wp-json\/wp\/v2\/posts\/12876\/revisions"}],"predecessor-version":[{"id":12883,"href":"https:\/\/www.colocolofs.es\/web\/wp-json\/wp\/v2\/posts\/12876\/revisions\/12883"}],"wp:featuredmedia":[{"embeddable":true,"href":"https:\/\/www.colocolofs.es\/web\/wp-json\/wp\/v2\/media\/12874"}],"wp:attachment":[{"href":"https:\/\/www.colocolofs.es\/web\/wp-json\/wp\/v2\/media?parent=12876"}],"wp:term":[{"taxonomy":"category","embeddable":true,"href":"https:\/\/www.colocolofs.es\/web\/wp-json\/wp\/v2\/categories?post=12876"},{"taxonomy":"post_tag","embeddable":true,"href":"https:\/\/www.colocolofs.es\/web\/wp-json\/wp\/v2\/tags?post=12876"}],"curies":[{"name":"wp","href":"https:\/\/api.w.org\/{rel}","templated":true}]}}