{"id":12952,"date":"2020-12-15T17:31:14","date_gmt":"2020-12-15T17:31:14","guid":{"rendered":"http:\/\/www.colocolofs.es\/web\/?p=12952"},"modified":"2020-12-15T22:10:38","modified_gmt":"2020-12-15T22:10:38","slug":"el-aldro-colo-san-mateo-sigue-con-su-dinamica-de-entrenamientos","status":"publish","type":"post","link":"https:\/\/www.colocolofs.es\/web\/el-aldro-colo-san-mateo-sigue-con-su-dinamica-de-entrenamientos\/","title":{"rendered":"El Aldro Colo San Mateo sigue con su din\u00e1mica de entrenamientos"},"content":{"rendered":"\n<p>Pese a no saber si finalmente habr\u00e1 competici\u00f3n en la temporada 2020\/2021, el Aldro Colo San Mateo sigue con su din\u00e1mica de entrenamientos (dos sesiones por semana en la pista exterior de la Granja y siguiendo las medidas sanitarias) y lo hacen con la ilusi\u00f3n de mejorar y seguir progresando sobre el 40&#215;20. <\/p>\n\n\n\n<p>Lena Gil, una de las jugadoras del equipo, comenta c\u00f3mo est\u00e1n viviendo esta situaci\u00f3n: \u201cSabemos que lo que pasa es algo excepcional y lo hemos tenido presente a la hora de entrenar. Debido al confinamiento de Zaragoza, algunas compa\u00f1eras no pod\u00edan venir entrenar, aunque ahora ya s\u00ed y eso nos permite seguir creciendo\u201d.&nbsp;<\/p>\n\n\n\n<p>Lena ve la parte positiva a la paralizaci\u00f3n del campeonato: \u201cSiendo un equipo nuevo en pr\u00e1cticamente su totalidad, tenemos m\u00e1s tiempo para entrenar y conocernos m\u00e1s entre nosotras\u201d. Adem\u00e1s, destaca que \u201cel ambiente que hay en el equipo es muy bueno. Hay un grupo de grandes jugadoras y personas\u201d.&nbsp;<\/p>\n\n\n\n<p>La azulona valora de la siguiente forma las sensaciones que le transmite el equipo: \u201cContra el Sala Zaragoza nos cost\u00f3 mucho entrar en el partido, y cuando lo hicimos fue dif\u00edcil remontar. En Alag\u00f3n, fue un encuentro m\u00e1s igualado y vi a un equipo m\u00e1s unido y con m\u00e1s fuerza sobre la pista. Est\u00e1bamos en una din\u00e1mica muy buena que seguro que retomaremos cuando volvamos a competir. Tenemos mucha confianza y estamos preparadas para dar mucha guerra\u201d<\/p>\n\n\n\n<p>Por \u00faltimo, Lena explica qu\u00e9 supone para ella pertenecer al Colo: \u201cEstoy orgullosa de que un Club tan importante en Zaragoza apueste por el f\u00fatbol sala femenino. Gracias al acuerdo que han alcanzado con el San Mateo, podemos seguir aprendiendo y disfrutando del f\u00fatbol sala\u201d.&nbsp;<\/p>\n","protected":false},"excerpt":{"rendered":"<p>Pese a no saber si finalmente habr\u00e1 competici\u00f3n en la temporada 2020\/2021, el Aldro Colo San Mateo sigue con su din\u00e1mica de entrenamientos (dos sesiones por semana en la pista exterior de la Granja y siguiendo las medidas sanitarias) y lo hacen con la ilusi\u00f3n de mejorar y seguir progresando sobre el 40&#215;20. Lena Gil, [&hellip;]<\/p>\n","protected":false},"author":1,"featured_media":12956,"comment_status":"closed","ping_status":"closed","sticky":false,"template":"","format":"standard","meta":{"footnotes":""},"categories":[8],"tags":[],"class_list":["post-12952","post","type-post","status-publish","format-standard","has-post-thumbnail","hentry","category-colo-colo-femenino"],"jetpack_featured_media_url":"https:\/\/www.colocolofs.es\/web\/wp-content\/uploads\/2020\/12\/footbuenafem.jpg","yoast_head":"<!-- This site is optimized with the Yoast SEO plugin v14.4.1 - https:\/\/yoast.com\/wordpress\/plugins\/seo\/ -->\n<title>El Aldro Colo San Mateo sigue con su din\u00e1mica de entrenamientos - Entrerr\u00edos Automatizaci\u00f3n<\/title>\n<meta name=\"robots\" content=\"index, follow\" \/>\n<meta name=\"googlebot\" content=\"index, follow, max-snippet:-1, max-image-preview:large, max-video-preview:-1\" \/>\n<meta name=\"bingbot\" content=\"index, follow, max-snippet:-1, max-image-preview:large, max-video-preview:-1\" \/>\n<link rel=\"canonical\" href=\"http:\/\/www.colocolofs.es\/web\/el-aldro-colo-san-mateo-sigue-con-su-dinamica-de-entrenamientos\/\" \/>\n<meta property=\"og:locale\" content=\"es_ES\" \/>\n<meta property=\"og:type\" content=\"article\" \/>\n<meta property=\"og:title\" content=\"El Aldro Colo San Mateo sigue con su din\u00e1mica de entrenamientos - Entrerr\u00edos Automatizaci\u00f3n\" \/>\n<meta property=\"og:description\" content=\"Pese a no saber si finalmente habr\u00e1 competici\u00f3n en la temporada 2020\/2021, el Aldro Colo San Mateo sigue con su din\u00e1mica de entrenamientos (dos sesiones por semana en la pista exterior de la Granja y siguiendo las medidas sanitarias) y lo hacen con la ilusi\u00f3n de mejorar y seguir progresando sobre el 40&#215;20. Lena Gil, [&hellip;]\" \/>\n<meta property=\"og:url\" content=\"http:\/\/www.colocolofs.es\/web\/el-aldro-colo-san-mateo-sigue-con-su-dinamica-de-entrenamientos\/\" \/>\n<meta property=\"og:site_name\" content=\"Entrerr\u00edos Automatizaci\u00f3n\" \/>\n<meta property=\"article:published_time\" content=\"2020-12-15T17:31:14+00:00\" \/>\n<meta property=\"article:modified_time\" content=\"2020-12-15T22:10:38+00:00\" \/>\n<meta property=\"og:image\" content=\"https:\/\/www.colocolofs.es\/web\/wp-content\/uploads\/2020\/12\/footbuenafem.jpg\" \/>\n\t<meta property=\"og:image:width\" content=\"1939\" \/>\n\t<meta property=\"og:image:height\" content=\"1091\" \/>\n<meta name=\"twitter:card\" content=\"summary_large_image\" \/>\n<script type=\"application\/ld+json\" class=\"yoast-schema-graph\">{\"@context\":\"https:\/\/schema.org\",\"@graph\":[{\"@type\":\"WebSite\",\"@id\":\"https:\/\/www.colocolofs.es\/web\/#website\",\"url\":\"https:\/\/www.colocolofs.es\/web\/\",\"name\":\"Entrerr\\u00edos Automatizaci\\u00f3n\",\"description\":\"Web oficial\",\"potentialAction\":[{\"@type\":\"SearchAction\",\"target\":\"https:\/\/www.colocolofs.es\/web\/?s={search_term_string}\",\"query-input\":\"required name=search_term_string\"}],\"inLanguage\":\"es\"},{\"@type\":\"ImageObject\",\"@id\":\"http:\/\/www.colocolofs.es\/web\/el-aldro-colo-san-mateo-sigue-con-su-dinamica-de-entrenamientos\/#primaryimage\",\"inLanguage\":\"es\",\"url\":\"https:\/\/www.colocolofs.es\/web\/wp-content\/uploads\/2020\/12\/footbuenafem.jpg\",\"width\":1939,\"height\":1091},{\"@type\":\"WebPage\",\"@id\":\"http:\/\/www.colocolofs.es\/web\/el-aldro-colo-san-mateo-sigue-con-su-dinamica-de-entrenamientos\/#webpage\",\"url\":\"http:\/\/www.colocolofs.es\/web\/el-aldro-colo-san-mateo-sigue-con-su-dinamica-de-entrenamientos\/\",\"name\":\"El Aldro Colo San Mateo sigue con su din\\u00e1mica de entrenamientos - Entrerr\\u00edos Automatizaci\\u00f3n\",\"isPartOf\":{\"@id\":\"https:\/\/www.colocolofs.es\/web\/#website\"},\"primaryImageOfPage\":{\"@id\":\"http:\/\/www.colocolofs.es\/web\/el-aldro-colo-san-mateo-sigue-con-su-dinamica-de-entrenamientos\/#primaryimage\"},\"datePublished\":\"2020-12-15T17:31:14+00:00\",\"dateModified\":\"2020-12-15T22:10:38+00:00\",\"author\":{\"@id\":\"https:\/\/www.colocolofs.es\/web\/#\/schema\/person\/1be91002ad639bd282f9d860b6eb7584\"},\"inLanguage\":\"es\",\"potentialAction\":[{\"@type\":\"ReadAction\",\"target\":[\"http:\/\/www.colocolofs.es\/web\/el-aldro-colo-san-mateo-sigue-con-su-dinamica-de-entrenamientos\/\"]}]},{\"@type\":[\"Person\"],\"@id\":\"https:\/\/www.colocolofs.es\/web\/#\/schema\/person\/1be91002ad639bd282f9d860b6eb7584\",\"name\":\"admin\"}]}<\/script>\n<!-- \/ Yoast SEO plugin. -->","_links":{"self":[{"href":"https:\/\/www.colocolofs.es\/web\/wp-json\/wp\/v2\/posts\/12952","targetHints":{"allow":["GET"]}}],"collection":[{"href":"https:\/\/www.colocolofs.es\/web\/wp-json\/wp\/v2\/posts"}],"about":[{"href":"https:\/\/www.colocolofs.es\/web\/wp-json\/wp\/v2\/types\/post"}],"author":[{"embeddable":true,"href":"https:\/\/www.colocolofs.es\/web\/wp-json\/wp\/v2\/users\/1"}],"replies":[{"embeddable":true,"href":"https:\/\/www.colocolofs.es\/web\/wp-json\/wp\/v2\/comments?post=12952"}],"version-history":[{"count":2,"href":"https:\/\/www.colocolofs.es\/web\/wp-json\/wp\/v2\/posts\/12952\/revisions"}],"predecessor-version":[{"id":12955,"href":"https:\/\/www.colocolofs.es\/web\/wp-json\/wp\/v2\/posts\/12952\/revisions\/12955"}],"wp:featuredmedia":[{"embeddable":true,"href":"https:\/\/www.colocolofs.es\/web\/wp-json\/wp\/v2\/media\/12956"}],"wp:attachment":[{"href":"https:\/\/www.colocolofs.es\/web\/wp-json\/wp\/v2\/media?parent=12952"}],"wp:term":[{"taxonomy":"category","embeddable":true,"href":"https:\/\/www.colocolofs.es\/web\/wp-json\/wp\/v2\/categories?post=12952"},{"taxonomy":"post_tag","embeddable":true,"href":"https:\/\/www.colocolofs.es\/web\/wp-json\/wp\/v2\/tags?post=12952"}],"curies":[{"name":"wp","href":"https:\/\/api.w.org\/{rel}","templated":true}]}}