{"id":13068,"date":"2020-12-28T08:44:59","date_gmt":"2020-12-28T08:44:59","guid":{"rendered":"http:\/\/www.colocolofs.es\/web\/?p=13068"},"modified":"2020-12-28T22:14:40","modified_gmt":"2020-12-28T22:14:40","slug":"carlos-garcia-causa-baja-indefinida-en-el-full-energia-zaragoza","status":"publish","type":"post","link":"https:\/\/www.colocolofs.es\/web\/carlos-garcia-causa-baja-indefinida-en-el-full-energia-zaragoza\/","title":{"rendered":"Carlos Garc\u00eda causa baja indefinida en el Full Energ\u00eda Zaragoza (\u00a1Feliz d\u00eda de los inocentes!)"},"content":{"rendered":"\n<p><em>Noticia publicada con motivo del d\u00eda de los inocentes:<\/em><\/p>\n\n\n\n<p>Carlos Garc\u00eda ha comunicado al Club su decisi\u00f3n de dejar, temporalmente, la pr\u00e1ctica del f\u00fatbol sala por incompatibilidad laboral. El hasta ahora cierre azul\u00f3n ejerce como enfermero en un centro de salud de Zaragoza y, durante las \u00faltimas semanas, apenas se ha podido ejercitar con el equipo por temas de trabajo.\u00a0<\/p>\n\n\n\n<p>Carlos Garc\u00eda, formado en las categor\u00edas inferiores del Club, ha sido un jugador muy importante para el Full Energ\u00eda Zaragoza en estas tres temporadas que el conjunto dirigido por Alfonso Rodr\u00edguez lleva en Segunda Divisi\u00f3n.<\/p>\n\n\n\n<p>Con el \u201821\u2019 a la espalda, Carlos ha acumulado una gran cantidad de minutos repartidos en 67 partidos, logrando marcar 37 goles. Especialmente recordado ser\u00e1 el tanto anotado frente al Elche en La Granja en la temporada 2019\/2020.&nbsp;<\/p>\n\n\n\n<p>Desde el Club lamentamos profundamente la baja de Carlos aunque le entendemos y apoyamos, dada la situaci\u00f3n actual que est\u00e1n viviendo las personas que trabajan en centros de salud, hospitales\u2026<\/p>\n\n\n\n<p>Carlos, tienes las puertas abiertas del equipo para regresar cuando quieras. Mientras tanto, solo podemos darte las gracias por todo lo que nos has dado.&nbsp;<\/p>\n\n\n\n<p>Tambi\u00e9n informamos que la direcci\u00f3n deportiva del Club trabaja en la posible incorporaci\u00f3n de un jugador para suplir la vacante dejada por Carlos Garc\u00eda.<\/p>\n","protected":false},"excerpt":{"rendered":"<p>Noticia publicada con motivo del d\u00eda de los inocentes: Carlos Garc\u00eda ha comunicado al Club su decisi\u00f3n de dejar, temporalmente, la pr\u00e1ctica del f\u00fatbol sala por incompatibilidad laboral. El hasta ahora cierre azul\u00f3n ejerce como enfermero en un centro de salud de Zaragoza y, durante las \u00faltimas semanas, apenas se ha podido ejercitar con el [&hellip;]<\/p>\n","protected":false},"author":1,"featured_media":13069,"comment_status":"closed","ping_status":"closed","sticky":false,"template":"","format":"standard","meta":{"footnotes":""},"categories":[5],"tags":[],"class_list":["post-13068","post","type-post","status-publish","format-standard","has-post-thumbnail","hentry","category-primer-equipo"],"jetpack_featured_media_url":"https:\/\/www.colocolofs.es\/web\/wp-content\/uploads\/2020\/12\/carlos-1.jpg","yoast_head":"<!-- This site is optimized with the Yoast SEO plugin v14.4.1 - https:\/\/yoast.com\/wordpress\/plugins\/seo\/ -->\n<title>Carlos Garc\u00eda causa baja indefinida en el Full Energ\u00eda Zaragoza (\u00a1Feliz d\u00eda de los inocentes!) - Entrerr\u00edos Automatizaci\u00f3n<\/title>\n<meta name=\"robots\" content=\"index, follow\" \/>\n<meta name=\"googlebot\" content=\"index, follow, max-snippet:-1, max-image-preview:large, max-video-preview:-1\" \/>\n<meta name=\"bingbot\" content=\"index, follow, max-snippet:-1, max-image-preview:large, max-video-preview:-1\" \/>\n<link rel=\"canonical\" href=\"http:\/\/www.colocolofs.es\/web\/carlos-garcia-causa-baja-indefinida-en-el-full-energia-zaragoza\/\" \/>\n<meta property=\"og:locale\" content=\"es_ES\" \/>\n<meta property=\"og:type\" content=\"article\" \/>\n<meta property=\"og:title\" content=\"Carlos Garc\u00eda causa baja indefinida en el Full Energ\u00eda Zaragoza (\u00a1Feliz d\u00eda de los inocentes!) - Entrerr\u00edos Automatizaci\u00f3n\" \/>\n<meta property=\"og:description\" content=\"Noticia publicada con motivo del d\u00eda de los inocentes: Carlos Garc\u00eda ha comunicado al Club su decisi\u00f3n de dejar, temporalmente, la pr\u00e1ctica del f\u00fatbol sala por incompatibilidad laboral. El hasta ahora cierre azul\u00f3n ejerce como enfermero en un centro de salud de Zaragoza y, durante las \u00faltimas semanas, apenas se ha podido ejercitar con el [&hellip;]\" \/>\n<meta property=\"og:url\" content=\"http:\/\/www.colocolofs.es\/web\/carlos-garcia-causa-baja-indefinida-en-el-full-energia-zaragoza\/\" \/>\n<meta property=\"og:site_name\" content=\"Entrerr\u00edos Automatizaci\u00f3n\" \/>\n<meta property=\"article:published_time\" content=\"2020-12-28T08:44:59+00:00\" \/>\n<meta property=\"article:modified_time\" content=\"2020-12-28T22:14:40+00:00\" \/>\n<meta property=\"og:image\" content=\"https:\/\/www.colocolofs.es\/web\/wp-content\/uploads\/2020\/12\/carlos-1.jpg\" \/>\n\t<meta property=\"og:image:width\" content=\"1700\" \/>\n\t<meta property=\"og:image:height\" content=\"850\" \/>\n<meta name=\"twitter:card\" content=\"summary_large_image\" \/>\n<script type=\"application\/ld+json\" class=\"yoast-schema-graph\">{\"@context\":\"https:\/\/schema.org\",\"@graph\":[{\"@type\":\"WebSite\",\"@id\":\"https:\/\/www.colocolofs.es\/web\/#website\",\"url\":\"https:\/\/www.colocolofs.es\/web\/\",\"name\":\"Entrerr\\u00edos Automatizaci\\u00f3n\",\"description\":\"Web oficial\",\"potentialAction\":[{\"@type\":\"SearchAction\",\"target\":\"https:\/\/www.colocolofs.es\/web\/?s={search_term_string}\",\"query-input\":\"required name=search_term_string\"}],\"inLanguage\":\"es\"},{\"@type\":\"ImageObject\",\"@id\":\"http:\/\/www.colocolofs.es\/web\/carlos-garcia-causa-baja-indefinida-en-el-full-energia-zaragoza\/#primaryimage\",\"inLanguage\":\"es\",\"url\":\"https:\/\/www.colocolofs.es\/web\/wp-content\/uploads\/2020\/12\/carlos-1.jpg\",\"width\":1700,\"height\":850,\"caption\":\"Carlos Garc\\u00eda, durante un partido de esta temporada (Foto: Andrea Royo L\\u00f3pez)\"},{\"@type\":\"WebPage\",\"@id\":\"http:\/\/www.colocolofs.es\/web\/carlos-garcia-causa-baja-indefinida-en-el-full-energia-zaragoza\/#webpage\",\"url\":\"http:\/\/www.colocolofs.es\/web\/carlos-garcia-causa-baja-indefinida-en-el-full-energia-zaragoza\/\",\"name\":\"Carlos Garc\\u00eda causa baja indefinida en el Full Energ\\u00eda Zaragoza (\\u00a1Feliz d\\u00eda de los inocentes!) - Entrerr\\u00edos Automatizaci\\u00f3n\",\"isPartOf\":{\"@id\":\"https:\/\/www.colocolofs.es\/web\/#website\"},\"primaryImageOfPage\":{\"@id\":\"http:\/\/www.colocolofs.es\/web\/carlos-garcia-causa-baja-indefinida-en-el-full-energia-zaragoza\/#primaryimage\"},\"datePublished\":\"2020-12-28T08:44:59+00:00\",\"dateModified\":\"2020-12-28T22:14:40+00:00\",\"author\":{\"@id\":\"https:\/\/www.colocolofs.es\/web\/#\/schema\/person\/1be91002ad639bd282f9d860b6eb7584\"},\"inLanguage\":\"es\",\"potentialAction\":[{\"@type\":\"ReadAction\",\"target\":[\"http:\/\/www.colocolofs.es\/web\/carlos-garcia-causa-baja-indefinida-en-el-full-energia-zaragoza\/\"]}]},{\"@type\":[\"Person\"],\"@id\":\"https:\/\/www.colocolofs.es\/web\/#\/schema\/person\/1be91002ad639bd282f9d860b6eb7584\",\"name\":\"admin\"}]}<\/script>\n<!-- \/ Yoast SEO plugin. -->","_links":{"self":[{"href":"https:\/\/www.colocolofs.es\/web\/wp-json\/wp\/v2\/posts\/13068","targetHints":{"allow":["GET"]}}],"collection":[{"href":"https:\/\/www.colocolofs.es\/web\/wp-json\/wp\/v2\/posts"}],"about":[{"href":"https:\/\/www.colocolofs.es\/web\/wp-json\/wp\/v2\/types\/post"}],"author":[{"embeddable":true,"href":"https:\/\/www.colocolofs.es\/web\/wp-json\/wp\/v2\/users\/1"}],"replies":[{"embeddable":true,"href":"https:\/\/www.colocolofs.es\/web\/wp-json\/wp\/v2\/comments?post=13068"}],"version-history":[{"count":2,"href":"https:\/\/www.colocolofs.es\/web\/wp-json\/wp\/v2\/posts\/13068\/revisions"}],"predecessor-version":[{"id":13072,"href":"https:\/\/www.colocolofs.es\/web\/wp-json\/wp\/v2\/posts\/13068\/revisions\/13072"}],"wp:featuredmedia":[{"embeddable":true,"href":"https:\/\/www.colocolofs.es\/web\/wp-json\/wp\/v2\/media\/13069"}],"wp:attachment":[{"href":"https:\/\/www.colocolofs.es\/web\/wp-json\/wp\/v2\/media?parent=13068"}],"wp:term":[{"taxonomy":"category","embeddable":true,"href":"https:\/\/www.colocolofs.es\/web\/wp-json\/wp\/v2\/categories?post=13068"},{"taxonomy":"post_tag","embeddable":true,"href":"https:\/\/www.colocolofs.es\/web\/wp-json\/wp\/v2\/tags?post=13068"}],"curies":[{"name":"wp","href":"https:\/\/api.w.org\/{rel}","templated":true}]}}