{"id":13147,"date":"2021-01-10T13:26:33","date_gmt":"2021-01-10T13:26:33","guid":{"rendered":"http:\/\/www.colocolofs.es\/web\/?p=13147"},"modified":"2021-01-10T17:03:58","modified_gmt":"2021-01-10T17:03:58","slug":"conociendo-a-juan-muniesa","status":"publish","type":"post","link":"https:\/\/www.colocolofs.es\/web\/conociendo-a-juan-muniesa\/","title":{"rendered":"Conociendo a Juan Muniesa"},"content":{"rendered":"\n<p>Juan Muniesa lleg\u00f3 al Colo en 2012 procedente del Ebrosala y desde la pasada temporada es el capit\u00e1n del equipo azul\u00f3n, con el que ha logrado tres ligas de Segunda Divisi\u00f3n \u2018B\u2019 y un ascenso a Segunda Divisi\u00f3n. Con el \u20187\u2019 a la espalda, Muniesa es el m\u00e1ximo goleador del Full Energ\u00eda Zaragoza en Segunda Divisi\u00f3n con 54 tantos.&nbsp;<\/p>\n\n\n\n<p><strong>PERSONAL:<\/strong><\/p>\n\n\n\n<ul class=\"wp-block-list\"><li>\u00bfC\u00f3mo eres fuera de la pista? Bastante m\u00e1s tranquilo y calmado de lo que transmito dentro de ella.<\/li><li>\u00bfCu\u00e1l es tu comida favorita? Pechugas a la naranja<\/li><li>\u00bfUna serie o pel\u00edcula favorita? Braveheart<\/li><li>\u00bfQu\u00e9 cancion te motiva antes de los partidos? Un paseo \u2013 Estopa<\/li><li>\u00bfQu\u00e9 pa\u00eds te gustar\u00eda visitar? Per\u00fa<\/li><li>Si tuvieras que elegir un deporte que no fuera el f\u00fatbol sala, \u00bfCu\u00e1l ser\u00eda? Por semejanza supongo que f\u00fatbol once, aunque el balonmano y el voleibol tambi\u00e9n me gusta.<\/li><li>Un viaje que hayas hecho y que repetir\u00edas. Ir en coche por el centro de Europa: Alemania, Rep\u00fablica Checa, Eslovenia, Hungr\u00eda, Eslovaquia, Croacia y Austria.<\/li><li>\u00bfQu\u00e9 haces en tu tiempo libre? Intento viajar siempre que puedo y, en Zaragoza, quedar con los amigos.<\/li><li>\u00bfQu\u00e9 prefieres? \u00bfViajar al pasado o saber qu\u00e9 ocurrir\u00e1 en el futuro? Saber lo que ocurrir\u00e1 en el futuro.<\/li><li>\u00bfQu\u00e9 prefieres: Ser invisible o poder leer la mente de las personas? Poder leer la mente de las personas.<\/li><li>\u00bfTienes alguna fobia? No.<\/li><li>\u00bfA qu\u00e9 te dedicas? Soy ingeniero en una f\u00e1brica de papel.<\/li><li>Def\u00ednete en tres palabras: Optimista, responsable y sincero.<\/li><\/ul>\n\n\n\n<p><strong>F\u00daTBOL SALA:<\/strong><\/p>\n\n\n\n<ul class=\"wp-block-list\"><li>\u00bfCu\u00e1les fueron tus inicios en el f\u00fatbol sala? En el equipo del colegio (La Salle Gran V\u00eda) hasta que en juveniles me fui a La Muela.<\/li><li>Partido de tu debut en la Liga Nacional de F\u00fatbol Sala: Fue con La Muela, en 2009, contra el Extremadura C\u00e1ceres.<\/li><li>Primer gol en la LNFS: Ante el Gran Canaria, en la temporada 2018\/2019.&nbsp;<\/li><li>Mejor recuerdo que tengas de tu trayectoria: La Liga ganado en juveniles con La Muela y el ascenso a Segunda Divisi\u00f3n con el Colo.<\/li><li>\u00bfY el peor recuerdo? La eliminaci\u00f3n en el campeonato juvenil que jugu\u00e9 en Las Rozas.<\/li><li>\u00bfCu\u00e1l ser\u00eda tu quinteto ideal de compa\u00f1eros con los que hayas compartido vestuario? Basmalis, Carlos Alquezar, Carlos Garc\u00eda, Pablo Trasobares y Carlos San Miguel.<\/li><li>\u00bfQu\u00e9 partido te gustar\u00eda volver a jugar? Tengo dos: el Zierbana \u2013 Ebrosala (Temporada 2011-2012). Nos jug\u00e1bamos la Liga y fue un partido muy disputado al que llegamos con empate en los \u00faltimos minutos. Nos expulsaron a un jugador cuando quedaba 1:30 para el final y conseguimos el gol estando en inferioridad. Tambi\u00e9n el Talavera \u2013 Colo de la campa\u00f1a 2018\/2019. Estando la permanencia en juego, conseguimos una gran victoria.<\/li><li>\u00bfCu\u00e1l es el mejor pabell\u00f3n en el que has jugado? El Ciutat de Castell\u00f3.<\/li><li>Si pudieras tener en tu equipo a uno de estos dos jugadores, \u00bfA cu\u00e1l eliges? \u00bfRicardinho o Ferrao? Ferrao.<\/li><li>Un sue\u00f1o que hayas cumplido: Jugar en Segunda Divisi\u00f3n.<\/li><li>Un sue\u00f1o que te quede por cumplir: Jugar en Primera Divisi\u00f3n.<\/li><li>\u00bfCu\u00e1l es tu jugador referente? Ferrao<\/li><li>Una an\u00e9cdota que te haya pasado en un partido: Tener que hacerme unas espinilleras con una botella de agua porque se me hab\u00edan olvidado.<\/li><li>\u00bfQu\u00e9 significa el Colo para ti? La constancia para lograr unos objetivos y el \u00e9xito de llegar a ellos.<\/li><\/ul>\n\n\n\n<p><strong>EN EL VESTUARIO:<\/strong><\/p>\n\n\n\n<ul class=\"wp-block-list\"><li>\u00bfQui\u00e9n es el m\u00e1s presumido? Carlos Garc\u00eda<\/li><li>\u00bfQui\u00e9n es el m\u00e1s puntual? Fran Tabuenca<\/li><li>\u00bfQui\u00e9n es el m\u00e1s bromista? Pasam\u00f3n<\/li><li>\u00bfQui\u00e9n es el que llega m\u00e1s tarde? Javi Rodr\u00edguez\u2026aunque como ya no est\u00e1, ahora es Aitor.<\/li><li>\u00bfQui\u00e9n es el m\u00e1s timido? Aitor<\/li><li>\u00bfQui\u00e9n es el m\u00e1s dormil\u00f3n en los viajes? Nano<\/li><\/ul>\n\n\n\n<p><strong>PREGUNTAS DE LA AFICI\u00d3N:<\/strong><\/p>\n\n\n\n<ul class=\"wp-block-list\"><li>\u00bfCu\u00e1l ha sido el momento m\u00e1s feliz que has vivido en el Colo? El partido del ascenso frente al Manresa en La Granja.<\/li><li>\u00bfCu\u00e1l es tu secreto para llegar a todos los balones a\u00e9reos? Tener fe.<\/li><li>Con los puntos que llev\u00e1is a d\u00eda de hoy, \u00bfQu\u00e9 expectativas ten\u00e9is para esta temporada? El objetivo es la permanencia y la mejor forma de conseguirlo es acabar la primera fase entre los cuatro primeros. Si conseguimos meternos en la fase de ascenso, ya pensaremos en otros objetivos.<\/li><\/ul>\n\n\n\n<div class=\"wp-block-image\"><figure class=\"aligncenter size-large\"><img decoding=\"async\" src=\"https:\/\/www.colocolofs.es\/web\/wp-content\/uploads\/2020\/04\/Voltamper.jpg\" alt=\"\" class=\"wp-image-10256\"\/><figcaption><em>Contenido patrocinado por Voltamper (C\/Charles Sauria, n\u00ba11-13 \u2013 Zaragoza \u2013 Tlf: 976 10 63 23). Electricidad, electr\u00f3nica y mec\u00e1nica del autom\u00f3vil.<\/em><\/figcaption><\/figure><\/div>\n","protected":false},"excerpt":{"rendered":"<p>Juan Muniesa lleg\u00f3 al Colo en 2012 procedente del Ebrosala y desde la pasada temporada es el capit\u00e1n del equipo azul\u00f3n, con el que ha logrado tres ligas de Segunda Divisi\u00f3n \u2018B\u2019 y un ascenso a Segunda Divisi\u00f3n. Con el \u20187\u2019 a la espalda, Muniesa es el m\u00e1ximo goleador del Full Energ\u00eda Zaragoza en Segunda [&hellip;]<\/p>\n","protected":false},"author":1,"featured_media":13141,"comment_status":"closed","ping_status":"closed","sticky":false,"template":"","format":"standard","meta":{"footnotes":""},"categories":[5],"tags":[],"class_list":["post-13147","post","type-post","status-publish","format-standard","has-post-thumbnail","hentry","category-primer-equipo"],"jetpack_featured_media_url":"https:\/\/www.colocolofs.es\/web\/wp-content\/uploads\/2021\/01\/muniesa.jpg","yoast_head":"<!-- This site is optimized with the Yoast SEO plugin v14.4.1 - https:\/\/yoast.com\/wordpress\/plugins\/seo\/ -->\n<title>Conociendo a Juan Muniesa - Entrerr\u00edos Automatizaci\u00f3n<\/title>\n<meta name=\"robots\" content=\"index, follow\" \/>\n<meta name=\"googlebot\" content=\"index, follow, max-snippet:-1, max-image-preview:large, max-video-preview:-1\" \/>\n<meta name=\"bingbot\" content=\"index, follow, max-snippet:-1, max-image-preview:large, max-video-preview:-1\" \/>\n<link rel=\"canonical\" href=\"http:\/\/www.colocolofs.es\/web\/conociendo-a-juan-muniesa\/\" \/>\n<meta property=\"og:locale\" content=\"es_ES\" \/>\n<meta property=\"og:type\" content=\"article\" \/>\n<meta property=\"og:title\" content=\"Conociendo a Juan Muniesa - Entrerr\u00edos Automatizaci\u00f3n\" \/>\n<meta property=\"og:description\" content=\"Juan Muniesa lleg\u00f3 al Colo en 2012 procedente del Ebrosala y desde la pasada temporada es el capit\u00e1n del equipo azul\u00f3n, con el que ha logrado tres ligas de Segunda Divisi\u00f3n \u2018B\u2019 y un ascenso a Segunda Divisi\u00f3n. Con el \u20187\u2019 a la espalda, Muniesa es el m\u00e1ximo goleador del Full Energ\u00eda Zaragoza en Segunda [&hellip;]\" \/>\n<meta property=\"og:url\" content=\"http:\/\/www.colocolofs.es\/web\/conociendo-a-juan-muniesa\/\" \/>\n<meta property=\"og:site_name\" content=\"Entrerr\u00edos Automatizaci\u00f3n\" \/>\n<meta property=\"article:published_time\" content=\"2021-01-10T13:26:33+00:00\" \/>\n<meta property=\"article:modified_time\" content=\"2021-01-10T17:03:58+00:00\" \/>\n<meta property=\"og:image\" content=\"https:\/\/www.colocolofs.es\/web\/wp-content\/uploads\/2021\/01\/muniesa.jpg\" \/>\n\t<meta property=\"og:image:width\" content=\"1750\" \/>\n\t<meta property=\"og:image:height\" content=\"1040\" \/>\n<meta name=\"twitter:card\" content=\"summary_large_image\" \/>\n<script type=\"application\/ld+json\" class=\"yoast-schema-graph\">{\"@context\":\"https:\/\/schema.org\",\"@graph\":[{\"@type\":\"WebSite\",\"@id\":\"https:\/\/www.colocolofs.es\/web\/#website\",\"url\":\"https:\/\/www.colocolofs.es\/web\/\",\"name\":\"Entrerr\\u00edos Automatizaci\\u00f3n\",\"description\":\"Web oficial\",\"potentialAction\":[{\"@type\":\"SearchAction\",\"target\":\"https:\/\/www.colocolofs.es\/web\/?s={search_term_string}\",\"query-input\":\"required name=search_term_string\"}],\"inLanguage\":\"es\"},{\"@type\":\"ImageObject\",\"@id\":\"http:\/\/www.colocolofs.es\/web\/conociendo-a-juan-muniesa\/#primaryimage\",\"inLanguage\":\"es\",\"url\":\"https:\/\/www.colocolofs.es\/web\/wp-content\/uploads\/2021\/01\/muniesa.jpg\",\"width\":1750,\"height\":1040,\"caption\":\"Foto: Andrea Royo L\\u00f3pez\"},{\"@type\":\"WebPage\",\"@id\":\"http:\/\/www.colocolofs.es\/web\/conociendo-a-juan-muniesa\/#webpage\",\"url\":\"http:\/\/www.colocolofs.es\/web\/conociendo-a-juan-muniesa\/\",\"name\":\"Conociendo a Juan Muniesa - Entrerr\\u00edos Automatizaci\\u00f3n\",\"isPartOf\":{\"@id\":\"https:\/\/www.colocolofs.es\/web\/#website\"},\"primaryImageOfPage\":{\"@id\":\"http:\/\/www.colocolofs.es\/web\/conociendo-a-juan-muniesa\/#primaryimage\"},\"datePublished\":\"2021-01-10T13:26:33+00:00\",\"dateModified\":\"2021-01-10T17:03:58+00:00\",\"author\":{\"@id\":\"https:\/\/www.colocolofs.es\/web\/#\/schema\/person\/1be91002ad639bd282f9d860b6eb7584\"},\"inLanguage\":\"es\",\"potentialAction\":[{\"@type\":\"ReadAction\",\"target\":[\"http:\/\/www.colocolofs.es\/web\/conociendo-a-juan-muniesa\/\"]}]},{\"@type\":[\"Person\"],\"@id\":\"https:\/\/www.colocolofs.es\/web\/#\/schema\/person\/1be91002ad639bd282f9d860b6eb7584\",\"name\":\"admin\"}]}<\/script>\n<!-- \/ Yoast SEO plugin. -->","_links":{"self":[{"href":"https:\/\/www.colocolofs.es\/web\/wp-json\/wp\/v2\/posts\/13147","targetHints":{"allow":["GET"]}}],"collection":[{"href":"https:\/\/www.colocolofs.es\/web\/wp-json\/wp\/v2\/posts"}],"about":[{"href":"https:\/\/www.colocolofs.es\/web\/wp-json\/wp\/v2\/types\/post"}],"author":[{"embeddable":true,"href":"https:\/\/www.colocolofs.es\/web\/wp-json\/wp\/v2\/users\/1"}],"replies":[{"embeddable":true,"href":"https:\/\/www.colocolofs.es\/web\/wp-json\/wp\/v2\/comments?post=13147"}],"version-history":[{"count":4,"href":"https:\/\/www.colocolofs.es\/web\/wp-json\/wp\/v2\/posts\/13147\/revisions"}],"predecessor-version":[{"id":13151,"href":"https:\/\/www.colocolofs.es\/web\/wp-json\/wp\/v2\/posts\/13147\/revisions\/13151"}],"wp:featuredmedia":[{"embeddable":true,"href":"https:\/\/www.colocolofs.es\/web\/wp-json\/wp\/v2\/media\/13141"}],"wp:attachment":[{"href":"https:\/\/www.colocolofs.es\/web\/wp-json\/wp\/v2\/media?parent=13147"}],"wp:term":[{"taxonomy":"category","embeddable":true,"href":"https:\/\/www.colocolofs.es\/web\/wp-json\/wp\/v2\/categories?post=13147"},{"taxonomy":"post_tag","embeddable":true,"href":"https:\/\/www.colocolofs.es\/web\/wp-json\/wp\/v2\/tags?post=13147"}],"curies":[{"name":"wp","href":"https:\/\/api.w.org\/{rel}","templated":true}]}}