{"id":13161,"date":"2021-01-14T07:35:03","date_gmt":"2021-01-14T07:35:03","guid":{"rendered":"http:\/\/www.colocolofs.es\/web\/?p=13161"},"modified":"2021-01-14T09:47:03","modified_gmt":"2021-01-14T09:47:03","slug":"alberto-meseguer-repasa-en-radio-marca-la-actualidad-del-club","status":"publish","type":"post","link":"https:\/\/www.colocolofs.es\/web\/alberto-meseguer-repasa-en-radio-marca-la-actualidad-del-club\/","title":{"rendered":"Alberto Meseguer repasa en Radio MARCA la actualidad del Club"},"content":{"rendered":"\n<p>Alberto Meseguer fue entrevistado este mi\u00e9rcoles 13 de enero por Pablo Carreras en Radio Marca Zaragoza. El presidente azul\u00f3n analiz\u00f3 la actualidad del Club, desde lo deportivo hasta temas institucionales.<\/p>\n\n\n\n<p>Respecto al Full Energ\u00eda Zaragoza, Alberto comentaba c\u00f3mo puede afectar al equipo estar dos semanas sin competir, recordando lo sucedido tras el duelo ante ElPozo Ciudad de Murcia en la jornada uno: \u00abEs preocupante tener un par\u00f3n. Ya nos pas\u00f3 en la primera vuelta y, por entonces, nos fue bien ya que ganamos tres partidos seguidos. Espero que ahora volvamos a obtener resultados positivos\u00bb. El m\u00e1ximo mandatario del Colo destac\u00f3 que \u00abel equipo ha ganado algunos partidos con solvencia, es el que m\u00e1s marca de Segunda Divisi\u00f3n pero tenemos que ser m\u00e1s regulares\u00bb.<\/p>\n\n\n\n<p>Alberto tambi\u00e9n explicaba el aplazamiento del duelo en Alzira: \u00abDebido a la previsi\u00f3n meteorol\u00f3gica, el jueves cambiamos el plan de viaje. Adelantamos la hora de salida dos horas para ir por la autopista aunque, debido a la nieve, la AP-2 por donde \u00edbamos ten\u00eda un tramo cortado para veh\u00edculos pesados. La mejor soluci\u00f3n era no salir de Zaragoza\u00bb.<\/p>\n\n\n\n<p>En el plano extra deportivo, el presidente del Colo habl\u00f3 sobre las multas impuestas por la RFEF al no llevar su parche en la camiseta y s\u00ed el de la LNFS: \u00abLa RFEF, en esta lucha que tiene por tomar el poder del f\u00fatbol sala, lanz\u00f3 unas normas y una de ellas era que en las equipaciones ten\u00edamos que llevar su logo y ninguno de otra asociaci\u00f3n. Es decir, te obligan a poner el suyo y te impiden poner otros\u00bb. Ante esta situaci\u00f3n, Alberto indica que \u00ablos clubes que pertenecemos a la LNFS nos rebelamos y pusimos el parche de la LNFS. Y a partir de la tercera jornada nos fueron llegando multas de 100\u20ac, 150\u20ac, 175\u20ac, 200\u20ac&#8230;hasta la \u00faltima que es de 1.000\u20ac. Arrastro ya unos 3.000\u20ac de sanci\u00f3n\u00bb.\u00a0<\/p>\n\n\n\n<p>Debido a esto, y a la espera de que el caso se resuelva en los tribunales, los clubes de la LNFS han decidido ponerse el parche de la RFEF: \u00abSi la RFEF tiene la raz\u00f3n, que espero que no, esas multas habr\u00e1 que pagarlas. Por ello, tenemos que cortar esa sangr\u00eda ya que la sanci\u00f3n puede llegar a ser de hasta 20.000\u20ac\u00bb.<\/p>\n\n\n\n<p>Alberto alega que \u00abnuestra defensa es que la camiseta es una propiedad privada y nadie tiene que meterse en ella. Si la RFEF quiere que llevemos su parche, que nos pague\u00bb.&nbsp;<\/p>\n\n\n\n<p>Por \u00faltimo, dio algunos detalles sobre los preparativos del Club ante los 50 a\u00f1os de historia que cumple en este 2021: \u00abEstamos recogiendo ideas y haremos algo especial. Son 50 a\u00f1os, aunque no todos de f\u00fatbol sala ya que los inicios fueron en f\u00fatbol once en Helios. Queremos que otros clubes de Zaragoza participen en nuestro aniversario y nuestro objetivo es generar ilusi\u00f3n por el f\u00fatbol sala\u00bb.<\/p>\n\n\n\n<p>La entrevista a Alberto Meseguer se puede escuchar pulsando <a href=\"https:\/\/www.ivoox.com\/directo-marca-zaragoza-13-01-2021-audios-mp3_rf_63874029_1.html\" target=\"_blank\" aria-label=\"undefined (abre en una nueva pesta\u00f1a)\" rel=\"noreferrer noopener\">aqu\u00ed<\/a> (A partir del minuto 63:00).<\/p>\n","protected":false},"excerpt":{"rendered":"<p>Alberto Meseguer fue entrevistado este mi\u00e9rcoles 13 de enero por Pablo Carreras en Radio Marca Zaragoza. El presidente azul\u00f3n analiz\u00f3 la actualidad del Club, desde lo deportivo hasta temas institucionales. Respecto al Full Energ\u00eda Zaragoza, Alberto comentaba c\u00f3mo puede afectar al equipo estar dos semanas sin competir, recordando lo sucedido tras el duelo ante ElPozo [&hellip;]<\/p>\n","protected":false},"author":1,"featured_media":13158,"comment_status":"closed","ping_status":"closed","sticky":false,"template":"","format":"standard","meta":{"footnotes":""},"categories":[5],"tags":[],"class_list":["post-13161","post","type-post","status-publish","format-standard","has-post-thumbnail","hentry","category-primer-equipo"],"jetpack_featured_media_url":"https:\/\/www.colocolofs.es\/web\/wp-content\/uploads\/2021\/01\/50604244016_4bdc5e7c3f_k.jpg","yoast_head":"<!-- This site is optimized with the Yoast SEO plugin v14.4.1 - https:\/\/yoast.com\/wordpress\/plugins\/seo\/ -->\n<title>Alberto Meseguer repasa en Radio MARCA la actualidad del Club - Entrerr\u00edos Automatizaci\u00f3n<\/title>\n<meta name=\"robots\" content=\"index, follow\" \/>\n<meta name=\"googlebot\" content=\"index, follow, max-snippet:-1, max-image-preview:large, max-video-preview:-1\" \/>\n<meta name=\"bingbot\" content=\"index, follow, max-snippet:-1, max-image-preview:large, max-video-preview:-1\" \/>\n<link rel=\"canonical\" href=\"http:\/\/www.colocolofs.es\/web\/alberto-meseguer-repasa-en-radio-marca-la-actualidad-del-club\/\" \/>\n<meta property=\"og:locale\" content=\"es_ES\" \/>\n<meta property=\"og:type\" content=\"article\" \/>\n<meta property=\"og:title\" content=\"Alberto Meseguer repasa en Radio MARCA la actualidad del Club - Entrerr\u00edos Automatizaci\u00f3n\" \/>\n<meta property=\"og:description\" content=\"Alberto Meseguer fue entrevistado este mi\u00e9rcoles 13 de enero por Pablo Carreras en Radio Marca Zaragoza. El presidente azul\u00f3n analiz\u00f3 la actualidad del Club, desde lo deportivo hasta temas institucionales. Respecto al Full Energ\u00eda Zaragoza, Alberto comentaba c\u00f3mo puede afectar al equipo estar dos semanas sin competir, recordando lo sucedido tras el duelo ante ElPozo [&hellip;]\" \/>\n<meta property=\"og:url\" content=\"http:\/\/www.colocolofs.es\/web\/alberto-meseguer-repasa-en-radio-marca-la-actualidad-del-club\/\" \/>\n<meta property=\"og:site_name\" content=\"Entrerr\u00edos Automatizaci\u00f3n\" \/>\n<meta property=\"article:published_time\" content=\"2021-01-14T07:35:03+00:00\" \/>\n<meta property=\"article:modified_time\" content=\"2021-01-14T09:47:03+00:00\" \/>\n<meta property=\"og:image\" content=\"https:\/\/www.colocolofs.es\/web\/wp-content\/uploads\/2021\/01\/50604244016_4bdc5e7c3f_k.jpg\" \/>\n\t<meta property=\"og:image:width\" content=\"2048\" \/>\n\t<meta property=\"og:image:height\" content=\"1365\" \/>\n<meta name=\"twitter:card\" content=\"summary_large_image\" \/>\n<script type=\"application\/ld+json\" class=\"yoast-schema-graph\">{\"@context\":\"https:\/\/schema.org\",\"@graph\":[{\"@type\":\"WebSite\",\"@id\":\"https:\/\/www.colocolofs.es\/web\/#website\",\"url\":\"https:\/\/www.colocolofs.es\/web\/\",\"name\":\"Entrerr\\u00edos Automatizaci\\u00f3n\",\"description\":\"Web oficial\",\"potentialAction\":[{\"@type\":\"SearchAction\",\"target\":\"https:\/\/www.colocolofs.es\/web\/?s={search_term_string}\",\"query-input\":\"required name=search_term_string\"}],\"inLanguage\":\"es\"},{\"@type\":\"ImageObject\",\"@id\":\"http:\/\/www.colocolofs.es\/web\/alberto-meseguer-repasa-en-radio-marca-la-actualidad-del-club\/#primaryimage\",\"inLanguage\":\"es\",\"url\":\"https:\/\/www.colocolofs.es\/web\/wp-content\/uploads\/2021\/01\/50604244016_4bdc5e7c3f_k.jpg\",\"width\":2048,\"height\":1365,\"caption\":\"Alberto Meseguer (Foto: Andrea Royo L\\u00f3pez)\"},{\"@type\":\"WebPage\",\"@id\":\"http:\/\/www.colocolofs.es\/web\/alberto-meseguer-repasa-en-radio-marca-la-actualidad-del-club\/#webpage\",\"url\":\"http:\/\/www.colocolofs.es\/web\/alberto-meseguer-repasa-en-radio-marca-la-actualidad-del-club\/\",\"name\":\"Alberto Meseguer repasa en Radio MARCA la actualidad del Club - Entrerr\\u00edos Automatizaci\\u00f3n\",\"isPartOf\":{\"@id\":\"https:\/\/www.colocolofs.es\/web\/#website\"},\"primaryImageOfPage\":{\"@id\":\"http:\/\/www.colocolofs.es\/web\/alberto-meseguer-repasa-en-radio-marca-la-actualidad-del-club\/#primaryimage\"},\"datePublished\":\"2021-01-14T07:35:03+00:00\",\"dateModified\":\"2021-01-14T09:47:03+00:00\",\"author\":{\"@id\":\"https:\/\/www.colocolofs.es\/web\/#\/schema\/person\/1be91002ad639bd282f9d860b6eb7584\"},\"inLanguage\":\"es\",\"potentialAction\":[{\"@type\":\"ReadAction\",\"target\":[\"http:\/\/www.colocolofs.es\/web\/alberto-meseguer-repasa-en-radio-marca-la-actualidad-del-club\/\"]}]},{\"@type\":[\"Person\"],\"@id\":\"https:\/\/www.colocolofs.es\/web\/#\/schema\/person\/1be91002ad639bd282f9d860b6eb7584\",\"name\":\"admin\"}]}<\/script>\n<!-- \/ Yoast SEO plugin. -->","_links":{"self":[{"href":"https:\/\/www.colocolofs.es\/web\/wp-json\/wp\/v2\/posts\/13161","targetHints":{"allow":["GET"]}}],"collection":[{"href":"https:\/\/www.colocolofs.es\/web\/wp-json\/wp\/v2\/posts"}],"about":[{"href":"https:\/\/www.colocolofs.es\/web\/wp-json\/wp\/v2\/types\/post"}],"author":[{"embeddable":true,"href":"https:\/\/www.colocolofs.es\/web\/wp-json\/wp\/v2\/users\/1"}],"replies":[{"embeddable":true,"href":"https:\/\/www.colocolofs.es\/web\/wp-json\/wp\/v2\/comments?post=13161"}],"version-history":[{"count":4,"href":"https:\/\/www.colocolofs.es\/web\/wp-json\/wp\/v2\/posts\/13161\/revisions"}],"predecessor-version":[{"id":13165,"href":"https:\/\/www.colocolofs.es\/web\/wp-json\/wp\/v2\/posts\/13161\/revisions\/13165"}],"wp:featuredmedia":[{"embeddable":true,"href":"https:\/\/www.colocolofs.es\/web\/wp-json\/wp\/v2\/media\/13158"}],"wp:attachment":[{"href":"https:\/\/www.colocolofs.es\/web\/wp-json\/wp\/v2\/media?parent=13161"}],"wp:term":[{"taxonomy":"category","embeddable":true,"href":"https:\/\/www.colocolofs.es\/web\/wp-json\/wp\/v2\/categories?post=13161"},{"taxonomy":"post_tag","embeddable":true,"href":"https:\/\/www.colocolofs.es\/web\/wp-json\/wp\/v2\/tags?post=13161"}],"curies":[{"name":"wp","href":"https:\/\/api.w.org\/{rel}","templated":true}]}}