{"id":13180,"date":"2021-01-17T14:18:45","date_gmt":"2021-01-17T14:18:45","guid":{"rendered":"http:\/\/www.colocolofs.es\/web\/?p=13180"},"modified":"2021-01-17T20:31:58","modified_gmt":"2021-01-17T20:31:58","slug":"conociendo-a-pablo-trasobares","status":"publish","type":"post","link":"https:\/\/www.colocolofs.es\/web\/conociendo-a-pablo-trasobares\/","title":{"rendered":"Conociendo a Pablo Trasobares"},"content":{"rendered":"\n<p>Trasobares fichaba por el Colo en 2012 procedente del Ebrosala, al igual que Juan Muniesa. En 2016 daba el salto a Primera Divisi\u00f3n tras incorporarse al Sala 10 Zaragoza aunque acababa la temporada cedido en el Colo. En el curso 2017\/2018, y siendo jugador del Sala 10, sufre una grave lesi\u00f3n contra el Bar\u00e7a que la mantiene alejado de las pistas durante varios meses. En 2018, y una vez finaliza su contrato con el Sala 10, vuelve a la disciplina del Colo, reci\u00e9n ascendido a Segunda Divisi\u00f3n. Anot\u00f3 25 goles que ayudaron al conjunto azul\u00f3n a mantener la categor\u00eda. Su gran campa\u00f1a provoc\u00f3 que el Sala 10 lo fichara por tercera vez pero en el mercado invernal del 2019 volv\u00eda al Colo.<\/p>\n\n\n\n<p><strong>PERSONAL:<\/strong><\/p>\n\n\n\n<ul class=\"wp-block-list\"><li>\u00bfC\u00f3mo eres fuera de la pista? M\u00e1s calmado que cuando juego.<\/li><li>\u00bfCu\u00e1l es tu comida favorita? Gambones al vapor.<\/li><li>\u00bfUna serie o pel\u00edcula favorita?&nbsp;&nbsp;El golpe.<\/li><li>\u00bfQu\u00e9 cancion te motiva antes de los partidos?&nbsp;Stranger &#8211; David Torts.<\/li><li>\u00bfQu\u00e9 pa\u00eds te gustar\u00eda visitar? Estados Unidos.<\/li><li>Si tuvieras que elegir un deporte que no fuera el f\u00fatbol sala, \u00bfCu\u00e1l ser\u00eda?&nbsp;&nbsp;El P\u00e1del.<\/li><li>Un viaje que hayas hecho y que repetir\u00edas. A Portugal.<\/li><li>\u00bfQu\u00e9 haces en tu tiempo libre? Estar con mis amigos, hacer deporte y jugar al F\u00fatbol Manager.<\/li><li>\u00bfQu\u00e9 prefieres? \u00bfViajar al pasado o saber qu\u00e9 ocurrir\u00e1 en el futuro?&nbsp;&nbsp;Viajar al pasado.<\/li><li>\u00bfQu\u00e9 prefieres: Ser invisible o poder leer la mente de las personas? Poder leer la mente.<\/li><li>\u00bfTienes alguna fobia? Ninguna.<\/li><li>\u00bfA qu\u00e9 te dedicas? Soy profesor de matem\u00e1ticas en secundaria.<\/li><li>Def\u00ednete en tres palabras: Simp\u00e1tico, impuntual y responsable.<\/li><\/ul>\n\n\n\n<p><strong>F\u00daTBOL SALA:<\/strong><\/p>\n\n\n\n<ul class=\"wp-block-list\"><li>\u00bfCu\u00e1les fueron tus inicios en el f\u00fatbol sala? En Luceni, mi pueblo.<\/li><li>Partido de tu debut en la Liga Nacional de F\u00fatbol Sala: El 12 de octubre del 2016, con el Sala 10 contra ElPozo Murcia.<\/li><li>Primer gol en la LNFS: El d\u00eda de mi debut ante ElPozo.<\/li><li>Mejor recuerdo que tengas de tu trayectoria: El d\u00eda de mi debut contra ElPozo Murcia y la salvaci\u00f3n con el Colo de la temporada 2018\/2019.<\/li><li>\u00bfY el peor recuerdo? La lesi\u00f3n que sufri frente al Bar\u00e7a: rotura del ligamento cruzado anterior en la rodilla derecha.<\/li><li>\u00bfCu\u00e1l ser\u00eda tu quinteto ideal de compa\u00f1eros con los que hayas compartido vestuario? Me dejo a muchos, pero hago este: Iv\u00e1n Bernad, Carlos Garc\u00eda, V\u00edctor Tejel, Carlos Retamar y Juan Muniesa.<\/li><li>\u00bfQu\u00e9 partido te gustar\u00eda volver a jugar? El de mi debut y el partido en Talavera con el Colo que ganamos 4-7.<\/li><li>\u00bfCu\u00e1l es el mejor pabell\u00f3n en el que has jugado? El Palau Blaugrana.<\/li><li>Si pudieras tener en tu equipo a uno de estos dos jugadores, \u00bfA cu\u00e1l eliges? \u00bfRicardinho o Ferrao? Ferrao.<\/li><li>Un sue\u00f1o que hayas cumplido: Jugar en Primera Divisi\u00f3n.<\/li><li>Un sue\u00f1o que te quede por cumplir: Ascender a Primera con el Colo. <\/li><li>\u00bfCu\u00e1l es tu jugador referente? Mat\u00edas Lucuix. <\/li><li>Una an\u00e9cdota que te haya pasado en un partido: Varias veces me daban bajones en los partidos y mandaba a mi padre comprarme comida.<\/li><li>\u00bfQu\u00e9 significa el Colo para ti?&nbsp;Una familia.<\/li><\/ul>\n\n\n\n<p><strong>EN EL VESTUARIO:<\/strong><\/p>\n\n\n\n<ul class=\"wp-block-list\"><li>\u00bfQui\u00e9n es el m\u00e1s presumido? Carlos Garc\u00eda.<\/li><li>\u00bfQui\u00e9n es el m\u00e1s puntual? Guille.<\/li><li>\u00bfQui\u00e9n es el m\u00e1s bromista? Pasam\u00f3n.<\/li><li>\u00bfQui\u00e9n es el que llega m\u00e1s tarde? Alfonso Rodr\u00edguez.<\/li><li>\u00bfQui\u00e9n es el m\u00e1s timido? Aitor.<\/li><li>\u00bfQui\u00e9n es el m\u00e1s dormil\u00f3n en los viajes? Nano o yo.<\/li><\/ul>\n\n\n\n<div class=\"wp-block-image\"><figure class=\"aligncenter size-large\"><img loading=\"lazy\" decoding=\"async\" width=\"420\" height=\"520\" src=\"https:\/\/www.colocolofs.es\/web\/wp-content\/uploads\/2020\/04\/AXA.jpg\" alt=\"\" class=\"wp-image-10240\" srcset=\"https:\/\/www.colocolofs.es\/web\/wp-content\/uploads\/2020\/04\/AXA.jpg 420w, https:\/\/www.colocolofs.es\/web\/wp-content\/uploads\/2020\/04\/AXA-242x300.jpg 242w\" sizes=\"auto, (max-width: 420px) 100vw, 420px\" \/><figcaption>Contenido patrocinado por AXA Oficina Las Fuentes (C\/Rodrigo  Rebolledo, n\u00ba27 &#8211; Zaragoza &#8211; Tlf: 976 410 946).  Seguros de hogar, coche, vida.  <\/figcaption><\/figure><\/div>\n","protected":false},"excerpt":{"rendered":"<p>Trasobares fichaba por el Colo en 2012 procedente del Ebrosala, al igual que Juan Muniesa. En 2016 daba el salto a Primera Divisi\u00f3n tras incorporarse al Sala 10 Zaragoza aunque acababa la temporada cedido en el Colo. En el curso 2017\/2018, y siendo jugador del Sala 10, sufre una grave lesi\u00f3n contra el Bar\u00e7a que [&hellip;]<\/p>\n","protected":false},"author":1,"featured_media":13181,"comment_status":"closed","ping_status":"closed","sticky":false,"template":"","format":"standard","meta":{"footnotes":""},"categories":[5],"tags":[],"class_list":["post-13180","post","type-post","status-publish","format-standard","has-post-thumbnail","hentry","category-primer-equipo"],"jetpack_featured_media_url":"https:\/\/www.colocolofs.es\/web\/wp-content\/uploads\/2021\/01\/trasobares.jpg","yoast_head":"<!-- This site is optimized with the Yoast SEO plugin v14.4.1 - https:\/\/yoast.com\/wordpress\/plugins\/seo\/ -->\n<title>Conociendo a Pablo Trasobares - Entrerr\u00edos Automatizaci\u00f3n<\/title>\n<meta name=\"robots\" content=\"index, follow\" \/>\n<meta name=\"googlebot\" content=\"index, follow, max-snippet:-1, max-image-preview:large, max-video-preview:-1\" \/>\n<meta name=\"bingbot\" content=\"index, follow, max-snippet:-1, max-image-preview:large, max-video-preview:-1\" \/>\n<link rel=\"canonical\" href=\"http:\/\/www.colocolofs.es\/web\/conociendo-a-pablo-trasobares\/\" \/>\n<meta property=\"og:locale\" content=\"es_ES\" \/>\n<meta property=\"og:type\" content=\"article\" \/>\n<meta property=\"og:title\" content=\"Conociendo a Pablo Trasobares - Entrerr\u00edos Automatizaci\u00f3n\" \/>\n<meta property=\"og:description\" content=\"Trasobares fichaba por el Colo en 2012 procedente del Ebrosala, al igual que Juan Muniesa. En 2016 daba el salto a Primera Divisi\u00f3n tras incorporarse al Sala 10 Zaragoza aunque acababa la temporada cedido en el Colo. En el curso 2017\/2018, y siendo jugador del Sala 10, sufre una grave lesi\u00f3n contra el Bar\u00e7a que [&hellip;]\" \/>\n<meta property=\"og:url\" content=\"http:\/\/www.colocolofs.es\/web\/conociendo-a-pablo-trasobares\/\" \/>\n<meta property=\"og:site_name\" content=\"Entrerr\u00edos Automatizaci\u00f3n\" \/>\n<meta property=\"article:published_time\" content=\"2021-01-17T14:18:45+00:00\" \/>\n<meta property=\"article:modified_time\" content=\"2021-01-17T20:31:58+00:00\" \/>\n<meta property=\"og:image\" content=\"https:\/\/www.colocolofs.es\/web\/wp-content\/uploads\/2021\/01\/trasobares.jpg\" \/>\n\t<meta property=\"og:image:width\" content=\"1699\" \/>\n\t<meta property=\"og:image:height\" content=\"986\" \/>\n<meta name=\"twitter:card\" content=\"summary_large_image\" \/>\n<script type=\"application\/ld+json\" class=\"yoast-schema-graph\">{\"@context\":\"https:\/\/schema.org\",\"@graph\":[{\"@type\":\"WebSite\",\"@id\":\"https:\/\/www.colocolofs.es\/web\/#website\",\"url\":\"https:\/\/www.colocolofs.es\/web\/\",\"name\":\"Entrerr\\u00edos Automatizaci\\u00f3n\",\"description\":\"Web oficial\",\"potentialAction\":[{\"@type\":\"SearchAction\",\"target\":\"https:\/\/www.colocolofs.es\/web\/?s={search_term_string}\",\"query-input\":\"required name=search_term_string\"}],\"inLanguage\":\"es\"},{\"@type\":\"ImageObject\",\"@id\":\"http:\/\/www.colocolofs.es\/web\/conociendo-a-pablo-trasobares\/#primaryimage\",\"inLanguage\":\"es\",\"url\":\"https:\/\/www.colocolofs.es\/web\/wp-content\/uploads\/2021\/01\/trasobares.jpg\",\"width\":1699,\"height\":986,\"caption\":\"Foto: Andrea Royo L\\u00f3pez\"},{\"@type\":\"WebPage\",\"@id\":\"http:\/\/www.colocolofs.es\/web\/conociendo-a-pablo-trasobares\/#webpage\",\"url\":\"http:\/\/www.colocolofs.es\/web\/conociendo-a-pablo-trasobares\/\",\"name\":\"Conociendo a Pablo Trasobares - Entrerr\\u00edos Automatizaci\\u00f3n\",\"isPartOf\":{\"@id\":\"https:\/\/www.colocolofs.es\/web\/#website\"},\"primaryImageOfPage\":{\"@id\":\"http:\/\/www.colocolofs.es\/web\/conociendo-a-pablo-trasobares\/#primaryimage\"},\"datePublished\":\"2021-01-17T14:18:45+00:00\",\"dateModified\":\"2021-01-17T20:31:58+00:00\",\"author\":{\"@id\":\"https:\/\/www.colocolofs.es\/web\/#\/schema\/person\/1be91002ad639bd282f9d860b6eb7584\"},\"inLanguage\":\"es\",\"potentialAction\":[{\"@type\":\"ReadAction\",\"target\":[\"http:\/\/www.colocolofs.es\/web\/conociendo-a-pablo-trasobares\/\"]}]},{\"@type\":[\"Person\"],\"@id\":\"https:\/\/www.colocolofs.es\/web\/#\/schema\/person\/1be91002ad639bd282f9d860b6eb7584\",\"name\":\"admin\"}]}<\/script>\n<!-- \/ Yoast SEO plugin. -->","_links":{"self":[{"href":"https:\/\/www.colocolofs.es\/web\/wp-json\/wp\/v2\/posts\/13180","targetHints":{"allow":["GET"]}}],"collection":[{"href":"https:\/\/www.colocolofs.es\/web\/wp-json\/wp\/v2\/posts"}],"about":[{"href":"https:\/\/www.colocolofs.es\/web\/wp-json\/wp\/v2\/types\/post"}],"author":[{"embeddable":true,"href":"https:\/\/www.colocolofs.es\/web\/wp-json\/wp\/v2\/users\/1"}],"replies":[{"embeddable":true,"href":"https:\/\/www.colocolofs.es\/web\/wp-json\/wp\/v2\/comments?post=13180"}],"version-history":[{"count":7,"href":"https:\/\/www.colocolofs.es\/web\/wp-json\/wp\/v2\/posts\/13180\/revisions"}],"predecessor-version":[{"id":13188,"href":"https:\/\/www.colocolofs.es\/web\/wp-json\/wp\/v2\/posts\/13180\/revisions\/13188"}],"wp:featuredmedia":[{"embeddable":true,"href":"https:\/\/www.colocolofs.es\/web\/wp-json\/wp\/v2\/media\/13181"}],"wp:attachment":[{"href":"https:\/\/www.colocolofs.es\/web\/wp-json\/wp\/v2\/media?parent=13180"}],"wp:term":[{"taxonomy":"category","embeddable":true,"href":"https:\/\/www.colocolofs.es\/web\/wp-json\/wp\/v2\/categories?post=13180"},{"taxonomy":"post_tag","embeddable":true,"href":"https:\/\/www.colocolofs.es\/web\/wp-json\/wp\/v2\/tags?post=13180"}],"curies":[{"name":"wp","href":"https:\/\/api.w.org\/{rel}","templated":true}]}}