{"id":13215,"date":"2021-01-24T18:12:16","date_gmt":"2021-01-24T18:12:16","guid":{"rendered":"http:\/\/www.colocolofs.es\/web\/?p=13215"},"modified":"2021-01-24T18:39:51","modified_gmt":"2021-01-24T18:39:51","slug":"conociendo-a-alejandro-pasamon","status":"publish","type":"post","link":"https:\/\/www.colocolofs.es\/web\/conociendo-a-alejandro-pasamon\/","title":{"rendered":"Conociendo a Alejandro Pasam\u00f3n"},"content":{"rendered":"\n<p>\u00c1lex Pasam\u00f3n debutaba en Primera Divisi\u00f3n con el Sala 10 Zaragoza con apenas 18 a\u00f1os. Despu\u00e9s tuvo dos experiencias lejos de Arag\u00f3n: Primero en Puertollano y, posteriormente, en el Cidade de Nar\u00f3n. Aunque una lesi\u00f3n cuando estaba en el equipo gallego le hizo regresar a &#8216;casa&#8217;. Fue entonces, en 2017, cuando fich\u00f3 por el Colo, formando parte de la plantilla que ascendi\u00f3 a Segunda Divisi\u00f3n en la temporada 2017\/2018. Pasam\u00f3n es el autor del primer gol azul\u00f3n en la categor\u00eda de plata del f\u00fatbol sala nacional. <\/p>\n\n\n\n<p><strong>PERSONAL:<\/strong><\/p>\n\n\n\n<ul class=\"wp-block-list\"><li>\u00bfC\u00f3mo eres fuera de la pista? Soy muy alegre. Me gusta mucho la broma pero soy buen chico.<\/li><li>\u00bfCu\u00e1l es tu comida favorita?&nbsp;&nbsp;Un buen chulet\u00f3n.<\/li><li>\u00bfUna serie o pel\u00edcula favorita?&nbsp;&nbsp;Soy muy de Marvel.<\/li><li>\u00bfQu\u00e9 canci\u00f3n te motiva antes de los partidos?&nbsp;Me adapto cual camale\u00f3n. Pero que tenga ritmo.<\/li><li>\u00bfQu\u00e9 pa\u00eds te gustar\u00eda visitar? Estados Unidos, especialmente Nueva York.<\/li><li>Si tuvieras que elegir un deporte que no fuera el f\u00fatbol sala, \u00bfCu\u00e1l ser\u00eda?&nbsp;&nbsp;El p\u00e1del. No fallo una.<\/li><li>Un viaje que hayas hecho y que repetir\u00edas. Ninguno. Cuando haga los viajes que tengo pendiente ya si eso repito.<\/li><li>\u00bfQu\u00e9 haces en tu tiempo libre? Tengo poco de eso, pero sobretodo quedar con mi pareja y mis amigos.<\/li><li>\u00bfQu\u00e9 preferir\u00edas? \u00bfViajar al pasado o saber qu\u00e9 ocurrir\u00e1 en el futuro?&nbsp;Viajar al pasado.<\/li><li>\u00bfQu\u00e9 preferir\u00edas? \u00bfSer invisible o poder leer la mente de las personas? Ser insivible. Har\u00eda muchas fechor\u00edas.&nbsp;<\/li><li>\u00bfQu\u00e9 preferir\u00edas? \u00bfLlegar siempre una hora antes, o una hora m\u00e1s tarde? Llegar una hora despu\u00e9s. Lo mejor se hace esperar.<\/li><li>\u00bfQu\u00e9 elegir\u00edas? \u00bfVivir sin sol o sin poder jugar a f\u00fatbol sala? Vivir sin poder jugar a f\u00fatbol sala. Necesito broncearme.<\/li><li>\u00bfPlaya o monta\u00f1a? 60% playa y 40% monta\u00f1a.<\/li><li>\u00bfTienes alguna fobia? S\u00ed, a las restricciones que est\u00e1n poniendo por el coronavirus.<\/li><li>\u00bfA qu\u00e9 te dedicas? Actualmente soy asesor inmobiliario.<\/li><li>Def\u00ednete en tres palabras: Alegr\u00eda, risa y felicidad.<\/li><\/ul>\n\n\n\n<p><strong>F\u00daTBOL SALA:<\/strong><\/p>\n\n\n\n<ul class=\"wp-block-list\"><li>\u00bfCu\u00e1les fueron tus inicios en el f\u00fatbol sala? Empec\u00e9 en el Racing Delicias, con 6 a\u00f1os y mi padre era el entrenador del equipo.<\/li><li>Partido de tu debut en la Liga Nacional de F\u00fatbol Sala: Fue en Primera Divisi\u00f3n, contra Santiago siendo jugador del Sala 10. Era juvenil de tercer a\u00f1o.<\/li><li>Primer gol en la LNFS: Lo marqu\u00e9 ante el Zamora hace 6 temporadas cuando estaba en el Puertollano. En ese partido hice un doblete.&nbsp;<\/li><li>Mejor recuerdo que tengas de tu trayectoria: Cuando fui convocado con la Selecci\u00f3n de Espa\u00f1a Sub-18.<\/li><li>\u00bfY el peor recuerdo? Mi lesi\u00f3n siendo jugador del Cidade de Nar\u00f3n y que fue el motivo por el cu\u00e1l regres\u00e9 a Zaragoza.<\/li><li>\u00bfCu\u00e1l ser\u00eda tu quinteto ideal de compa\u00f1eros con los que hayas compartido vestuario? Iv\u00e1n Bernad, \u00d3scar Villanueva, Carlos Garc\u00eda, Pablo Trasobares y Juan Muniesa.<\/li><li>\u00bfQu\u00e9 partido te gustar\u00eda volver a jugar? El partido de Talavera con el Colo de la temporada 2018\/2019. Ganamos 4-7.<\/li><li>\u00bfCu\u00e1l es el mejor pabell\u00f3n en el que has jugado? El Virgen de la Cabeza (Valdepe\u00f1as). Es fantast\u00edco jugar all\u00ed con toda la grada chill\u00e1ndote.&nbsp;<\/li><li>Si pudieras tener en tu equipo a uno de estos dos jugadores, \u00bfA cu\u00e1l eliges? \u00bfChino (Valdepe\u00f1as) o Adri (O Parrulo)? Adri de O Parrulo\u2026aunque en el Colo tendr\u00eda dif\u00edcil jugar.<\/li><li>Un sue\u00f1o que hayas cumplido: Ir convocado con la Selecci\u00f3n Sub-18 y debutar en Primera Divisi\u00f3n.<\/li><li>Un sue\u00f1o que te quede por cumplir: Ir convocado con la absoluta y consolidarme en Primera Divisi\u00f3n.<\/li><li>\u00bfCu\u00e1l es tu jugador referente? Ninguno.<\/li><li>Una an\u00e9cdota que te haya pasado en un partido: En el primer partido con el Colo en Segunda Divisi\u00f3n ganamos 5-1 a Noia. Cuando quedaban cinco minutos, metimos el quinto y celebr\u00e1ndolo con Santi Basmalis empezamos a decir: \u00bfQu\u00e9 &#8216;facilito&#8217; esto de la Segunda Divisi\u00f3n, no? Esa temporada nos salvamos en la \u00faltima jornada\u2026<\/li><li>\u00bfQu\u00e9 significa el Colo para ti?&nbsp;Aunque siendo juvenil no era muy del Colo, he de reconocer que es un Club ejemplar que hace tres a\u00f1os se tir\u00f3 a la piscina y permiti\u00f3 cumplir el sue\u00f1o de muchos jugadores con un proyecto que hace tiempo se esperaba aqu\u00ed: un equipo formado por todo aragoneses y que est\u00e9 compitiendo en una categor\u00eda tan complicada como es Segunda Divisi\u00f3n.&nbsp;<\/li><\/ul>\n\n\n\n<p><strong>EN EL VESTUARIO:<\/strong><\/p>\n\n\n\n<ul class=\"wp-block-list\"><li>\u00bfQui\u00e9n es el m\u00e1s presumido? Carlos Garc\u00eda. Se hace 57 fotos y las sube a Instagram todos los d\u00edas.<\/li><li>\u00bfQui\u00e9n es el m\u00e1s puntual? Guille, que siempre est\u00e1 ech\u00e1ndose un t\u00e9 rojo.<\/li><li>\u00bfQui\u00e9n es el m\u00e1s bromista? Me r\u00edo mucho con Aitor y Zucho.<\/li><li>\u00bfQui\u00e9n es el que llega m\u00e1s tarde? Alfonso Rodr\u00edguez, sin duda.<\/li><li>\u00bfQui\u00e9n es el m\u00e1s t\u00edmido? Yo. Me cuesta abrirme.\u00a0<\/li><li>\u00bfQui\u00e9n es el m\u00e1s dormil\u00f3n en los viajes? Diego Pardo, que parece que tenga 50 a\u00f1os.\u00a0<\/li><\/ul>\n\n\n\n<div class=\"wp-block-image\"><figure class=\"aligncenter size-large is-resized\"><img loading=\"lazy\" decoding=\"async\" src=\"https:\/\/www.colocolofs.es\/web\/wp-content\/uploads\/2020\/07\/Aldro-Energ\u00eda.png\" alt=\"\" class=\"wp-image-11876\" width=\"301\" height=\"105\"\/><figcaption>Contenido patrocinado por Aldro Energ\u00eda. <\/figcaption><\/figure><\/div>\n","protected":false},"excerpt":{"rendered":"<p>\u00c1lex Pasam\u00f3n debutaba en Primera Divisi\u00f3n con el Sala 10 Zaragoza con apenas 18 a\u00f1os. Despu\u00e9s tuvo dos experiencias lejos de Arag\u00f3n: Primero en Puertollano y, posteriormente, en el Cidade de Nar\u00f3n. Aunque una lesi\u00f3n cuando estaba en el equipo gallego le hizo regresar a &#8216;casa&#8217;. Fue entonces, en 2017, cuando fich\u00f3 por el Colo, [&hellip;]<\/p>\n","protected":false},"author":1,"featured_media":13216,"comment_status":"closed","ping_status":"closed","sticky":false,"template":"","format":"standard","meta":{"footnotes":""},"categories":[5],"tags":[],"class_list":["post-13215","post","type-post","status-publish","format-standard","has-post-thumbnail","hentry","category-primer-equipo"],"jetpack_featured_media_url":"https:\/\/www.colocolofs.es\/web\/wp-content\/uploads\/2021\/01\/pasamon.jpg","yoast_head":"<!-- This site is optimized with the Yoast SEO plugin v14.4.1 - https:\/\/yoast.com\/wordpress\/plugins\/seo\/ -->\n<title>Conociendo a Alejandro Pasam\u00f3n - Entrerr\u00edos Automatizaci\u00f3n<\/title>\n<meta name=\"robots\" content=\"index, follow\" \/>\n<meta name=\"googlebot\" content=\"index, follow, max-snippet:-1, max-image-preview:large, max-video-preview:-1\" \/>\n<meta name=\"bingbot\" content=\"index, follow, max-snippet:-1, max-image-preview:large, max-video-preview:-1\" \/>\n<link rel=\"canonical\" href=\"http:\/\/www.colocolofs.es\/web\/conociendo-a-alejandro-pasamon\/\" \/>\n<meta property=\"og:locale\" content=\"es_ES\" \/>\n<meta property=\"og:type\" content=\"article\" \/>\n<meta property=\"og:title\" content=\"Conociendo a Alejandro Pasam\u00f3n - Entrerr\u00edos Automatizaci\u00f3n\" \/>\n<meta property=\"og:description\" content=\"\u00c1lex Pasam\u00f3n debutaba en Primera Divisi\u00f3n con el Sala 10 Zaragoza con apenas 18 a\u00f1os. Despu\u00e9s tuvo dos experiencias lejos de Arag\u00f3n: Primero en Puertollano y, posteriormente, en el Cidade de Nar\u00f3n. Aunque una lesi\u00f3n cuando estaba en el equipo gallego le hizo regresar a &#8216;casa&#8217;. Fue entonces, en 2017, cuando fich\u00f3 por el Colo, [&hellip;]\" \/>\n<meta property=\"og:url\" content=\"http:\/\/www.colocolofs.es\/web\/conociendo-a-alejandro-pasamon\/\" \/>\n<meta property=\"og:site_name\" content=\"Entrerr\u00edos Automatizaci\u00f3n\" \/>\n<meta property=\"article:published_time\" content=\"2021-01-24T18:12:16+00:00\" \/>\n<meta property=\"article:modified_time\" content=\"2021-01-24T18:39:51+00:00\" \/>\n<meta property=\"og:image\" content=\"https:\/\/www.colocolofs.es\/web\/wp-content\/uploads\/2021\/01\/pasamon.jpg\" \/>\n\t<meta property=\"og:image:width\" content=\"1700\" \/>\n\t<meta property=\"og:image:height\" content=\"894\" \/>\n<meta name=\"twitter:card\" content=\"summary_large_image\" \/>\n<script type=\"application\/ld+json\" class=\"yoast-schema-graph\">{\"@context\":\"https:\/\/schema.org\",\"@graph\":[{\"@type\":\"WebSite\",\"@id\":\"https:\/\/www.colocolofs.es\/web\/#website\",\"url\":\"https:\/\/www.colocolofs.es\/web\/\",\"name\":\"Entrerr\\u00edos Automatizaci\\u00f3n\",\"description\":\"Web oficial\",\"potentialAction\":[{\"@type\":\"SearchAction\",\"target\":\"https:\/\/www.colocolofs.es\/web\/?s={search_term_string}\",\"query-input\":\"required name=search_term_string\"}],\"inLanguage\":\"es\"},{\"@type\":\"ImageObject\",\"@id\":\"http:\/\/www.colocolofs.es\/web\/conociendo-a-alejandro-pasamon\/#primaryimage\",\"inLanguage\":\"es\",\"url\":\"https:\/\/www.colocolofs.es\/web\/wp-content\/uploads\/2021\/01\/pasamon.jpg\",\"width\":1700,\"height\":894,\"caption\":\"(Foto: Andrea Royo L\\u00f3pez)\"},{\"@type\":\"WebPage\",\"@id\":\"http:\/\/www.colocolofs.es\/web\/conociendo-a-alejandro-pasamon\/#webpage\",\"url\":\"http:\/\/www.colocolofs.es\/web\/conociendo-a-alejandro-pasamon\/\",\"name\":\"Conociendo a Alejandro Pasam\\u00f3n - Entrerr\\u00edos Automatizaci\\u00f3n\",\"isPartOf\":{\"@id\":\"https:\/\/www.colocolofs.es\/web\/#website\"},\"primaryImageOfPage\":{\"@id\":\"http:\/\/www.colocolofs.es\/web\/conociendo-a-alejandro-pasamon\/#primaryimage\"},\"datePublished\":\"2021-01-24T18:12:16+00:00\",\"dateModified\":\"2021-01-24T18:39:51+00:00\",\"author\":{\"@id\":\"https:\/\/www.colocolofs.es\/web\/#\/schema\/person\/1be91002ad639bd282f9d860b6eb7584\"},\"inLanguage\":\"es\",\"potentialAction\":[{\"@type\":\"ReadAction\",\"target\":[\"http:\/\/www.colocolofs.es\/web\/conociendo-a-alejandro-pasamon\/\"]}]},{\"@type\":[\"Person\"],\"@id\":\"https:\/\/www.colocolofs.es\/web\/#\/schema\/person\/1be91002ad639bd282f9d860b6eb7584\",\"name\":\"admin\"}]}<\/script>\n<!-- \/ Yoast SEO plugin. -->","_links":{"self":[{"href":"https:\/\/www.colocolofs.es\/web\/wp-json\/wp\/v2\/posts\/13215","targetHints":{"allow":["GET"]}}],"collection":[{"href":"https:\/\/www.colocolofs.es\/web\/wp-json\/wp\/v2\/posts"}],"about":[{"href":"https:\/\/www.colocolofs.es\/web\/wp-json\/wp\/v2\/types\/post"}],"author":[{"embeddable":true,"href":"https:\/\/www.colocolofs.es\/web\/wp-json\/wp\/v2\/users\/1"}],"replies":[{"embeddable":true,"href":"https:\/\/www.colocolofs.es\/web\/wp-json\/wp\/v2\/comments?post=13215"}],"version-history":[{"count":4,"href":"https:\/\/www.colocolofs.es\/web\/wp-json\/wp\/v2\/posts\/13215\/revisions"}],"predecessor-version":[{"id":13220,"href":"https:\/\/www.colocolofs.es\/web\/wp-json\/wp\/v2\/posts\/13215\/revisions\/13220"}],"wp:featuredmedia":[{"embeddable":true,"href":"https:\/\/www.colocolofs.es\/web\/wp-json\/wp\/v2\/media\/13216"}],"wp:attachment":[{"href":"https:\/\/www.colocolofs.es\/web\/wp-json\/wp\/v2\/media?parent=13215"}],"wp:term":[{"taxonomy":"category","embeddable":true,"href":"https:\/\/www.colocolofs.es\/web\/wp-json\/wp\/v2\/categories?post=13215"},{"taxonomy":"post_tag","embeddable":true,"href":"https:\/\/www.colocolofs.es\/web\/wp-json\/wp\/v2\/tags?post=13215"}],"curies":[{"name":"wp","href":"https:\/\/api.w.org\/{rel}","templated":true}]}}