{"id":13229,"date":"2021-01-28T08:43:05","date_gmt":"2021-01-28T08:43:05","guid":{"rendered":"http:\/\/www.colocolofs.es\/web\/?p=13229"},"modified":"2021-01-28T08:46:04","modified_gmt":"2021-01-28T08:46:04","slug":"guille-vela-para-nosotros-es-un-reto-jugar-seis-partidos-en-diecinueve-dias","status":"publish","type":"post","link":"https:\/\/www.colocolofs.es\/web\/guille-vela-para-nosotros-es-un-reto-jugar-seis-partidos-en-diecinueve-dias\/","title":{"rendered":"Guille Vela: \u00abPara nosotros es un reto jugar seis partidos en diecinueve d\u00edas\u00bb"},"content":{"rendered":"\n<p>Los jugadores del Full Energ\u00eda Zaragoza afrontan \u201ccomo un reto jugar seis partidos en diecinueve d\u00edas\u201d. As\u00ed lo asegura Guille Vela, consciente de que \u201cdesde el inicio sab\u00edamos iba a ser una temporada complicada, con muchos parones debido al Covid-19\u201d. Adem\u00e1s, el portero recuerda lo vivido en el arranque del campeonato liguero: \u201cDespu\u00e9s de la primera jornada estuvimos tres semanas sin competir y creo que eso nos sirvi\u00f3 para gestionar estos problemas externos\u201d.<\/p>\n\n\n\n<p>El de \u00c9pila, asegura que el equipo est\u00e1 \u201ccon muchas ganas e ilusi\u00f3n\u201d y espera \u201cunas semanas duras, con muchos partidos y entrenamientos\u201d.<\/p>\n\n\n\n<p>Pese a todo, Guille manda un mensaje que demuestra una vez m\u00e1s la ambici\u00f3n de la plantilla: \u201cTenemos la intenci\u00f3n de conseguir el m\u00e1ximo n\u00famero de puntos posibles y competiremos ante cualquier rival para conseguir los objetivos\u201d.\u00a0<\/p>\n\n\n\n<p>En el plano personal, Guille afirma estar \u201ccon confianza\u201d y destaca la competencia sana que tiene con su compa\u00f1ero de porter\u00eda: \u201cTanto yo como Sergio trabajamos duro en los entrenamientos para mejorar nuestro nivel y ser mejores\u201d.&nbsp;<\/p>\n","protected":false},"excerpt":{"rendered":"<p>Los jugadores del Full Energ\u00eda Zaragoza afrontan \u201ccomo un reto jugar seis partidos en diecinueve d\u00edas\u201d. As\u00ed lo asegura Guille Vela, consciente de que \u201cdesde el inicio sab\u00edamos iba a ser una temporada complicada, con muchos parones debido al Covid-19\u201d. Adem\u00e1s, el portero recuerda lo vivido en el arranque del campeonato liguero: \u201cDespu\u00e9s de la [&hellip;]<\/p>\n","protected":false},"author":1,"featured_media":13230,"comment_status":"closed","ping_status":"closed","sticky":false,"template":"","format":"standard","meta":{"footnotes":""},"categories":[5],"tags":[],"class_list":["post-13229","post","type-post","status-publish","format-standard","has-post-thumbnail","hentry","category-primer-equipo"],"jetpack_featured_media_url":"https:\/\/www.colocolofs.es\/web\/wp-content\/uploads\/2021\/01\/guille.jpg","yoast_head":"<!-- This site is optimized with the Yoast SEO plugin v14.4.1 - https:\/\/yoast.com\/wordpress\/plugins\/seo\/ -->\n<title>Guille Vela: &quot;Para nosotros es un reto jugar seis partidos en diecinueve d\u00edas&quot; - Entrerr\u00edos Automatizaci\u00f3n<\/title>\n<meta name=\"robots\" content=\"index, follow\" \/>\n<meta name=\"googlebot\" content=\"index, follow, max-snippet:-1, max-image-preview:large, max-video-preview:-1\" \/>\n<meta name=\"bingbot\" content=\"index, follow, max-snippet:-1, max-image-preview:large, max-video-preview:-1\" \/>\n<link rel=\"canonical\" href=\"http:\/\/www.colocolofs.es\/web\/guille-vela-para-nosotros-es-un-reto-jugar-seis-partidos-en-diecinueve-dias\/\" \/>\n<meta property=\"og:locale\" content=\"es_ES\" \/>\n<meta property=\"og:type\" content=\"article\" \/>\n<meta property=\"og:title\" content=\"Guille Vela: &quot;Para nosotros es un reto jugar seis partidos en diecinueve d\u00edas&quot; - Entrerr\u00edos Automatizaci\u00f3n\" \/>\n<meta property=\"og:description\" content=\"Los jugadores del Full Energ\u00eda Zaragoza afrontan \u201ccomo un reto jugar seis partidos en diecinueve d\u00edas\u201d. As\u00ed lo asegura Guille Vela, consciente de que \u201cdesde el inicio sab\u00edamos iba a ser una temporada complicada, con muchos parones debido al Covid-19\u201d. Adem\u00e1s, el portero recuerda lo vivido en el arranque del campeonato liguero: \u201cDespu\u00e9s de la [&hellip;]\" \/>\n<meta property=\"og:url\" content=\"http:\/\/www.colocolofs.es\/web\/guille-vela-para-nosotros-es-un-reto-jugar-seis-partidos-en-diecinueve-dias\/\" \/>\n<meta property=\"og:site_name\" content=\"Entrerr\u00edos Automatizaci\u00f3n\" \/>\n<meta property=\"article:published_time\" content=\"2021-01-28T08:43:05+00:00\" \/>\n<meta property=\"article:modified_time\" content=\"2021-01-28T08:46:04+00:00\" \/>\n<meta property=\"og:image\" content=\"https:\/\/www.colocolofs.es\/web\/wp-content\/uploads\/2021\/01\/guille.jpg\" \/>\n\t<meta property=\"og:image:width\" content=\"1700\" \/>\n\t<meta property=\"og:image:height\" content=\"915\" \/>\n<meta name=\"twitter:card\" content=\"summary_large_image\" \/>\n<script type=\"application\/ld+json\" class=\"yoast-schema-graph\">{\"@context\":\"https:\/\/schema.org\",\"@graph\":[{\"@type\":\"WebSite\",\"@id\":\"https:\/\/www.colocolofs.es\/web\/#website\",\"url\":\"https:\/\/www.colocolofs.es\/web\/\",\"name\":\"Entrerr\\u00edos Automatizaci\\u00f3n\",\"description\":\"Web oficial\",\"potentialAction\":[{\"@type\":\"SearchAction\",\"target\":\"https:\/\/www.colocolofs.es\/web\/?s={search_term_string}\",\"query-input\":\"required name=search_term_string\"}],\"inLanguage\":\"es\"},{\"@type\":\"ImageObject\",\"@id\":\"http:\/\/www.colocolofs.es\/web\/guille-vela-para-nosotros-es-un-reto-jugar-seis-partidos-en-diecinueve-dias\/#primaryimage\",\"inLanguage\":\"es\",\"url\":\"https:\/\/www.colocolofs.es\/web\/wp-content\/uploads\/2021\/01\/guille.jpg\",\"width\":1700,\"height\":915,\"caption\":\"Guille Vela (Foto: Andrea Royo L\\u00f3pez)\"},{\"@type\":\"WebPage\",\"@id\":\"http:\/\/www.colocolofs.es\/web\/guille-vela-para-nosotros-es-un-reto-jugar-seis-partidos-en-diecinueve-dias\/#webpage\",\"url\":\"http:\/\/www.colocolofs.es\/web\/guille-vela-para-nosotros-es-un-reto-jugar-seis-partidos-en-diecinueve-dias\/\",\"name\":\"Guille Vela: \\\"Para nosotros es un reto jugar seis partidos en diecinueve d\\u00edas\\\" - Entrerr\\u00edos Automatizaci\\u00f3n\",\"isPartOf\":{\"@id\":\"https:\/\/www.colocolofs.es\/web\/#website\"},\"primaryImageOfPage\":{\"@id\":\"http:\/\/www.colocolofs.es\/web\/guille-vela-para-nosotros-es-un-reto-jugar-seis-partidos-en-diecinueve-dias\/#primaryimage\"},\"datePublished\":\"2021-01-28T08:43:05+00:00\",\"dateModified\":\"2021-01-28T08:46:04+00:00\",\"author\":{\"@id\":\"https:\/\/www.colocolofs.es\/web\/#\/schema\/person\/1be91002ad639bd282f9d860b6eb7584\"},\"inLanguage\":\"es\",\"potentialAction\":[{\"@type\":\"ReadAction\",\"target\":[\"http:\/\/www.colocolofs.es\/web\/guille-vela-para-nosotros-es-un-reto-jugar-seis-partidos-en-diecinueve-dias\/\"]}]},{\"@type\":[\"Person\"],\"@id\":\"https:\/\/www.colocolofs.es\/web\/#\/schema\/person\/1be91002ad639bd282f9d860b6eb7584\",\"name\":\"admin\"}]}<\/script>\n<!-- \/ Yoast SEO plugin. -->","_links":{"self":[{"href":"https:\/\/www.colocolofs.es\/web\/wp-json\/wp\/v2\/posts\/13229","targetHints":{"allow":["GET"]}}],"collection":[{"href":"https:\/\/www.colocolofs.es\/web\/wp-json\/wp\/v2\/posts"}],"about":[{"href":"https:\/\/www.colocolofs.es\/web\/wp-json\/wp\/v2\/types\/post"}],"author":[{"embeddable":true,"href":"https:\/\/www.colocolofs.es\/web\/wp-json\/wp\/v2\/users\/1"}],"replies":[{"embeddable":true,"href":"https:\/\/www.colocolofs.es\/web\/wp-json\/wp\/v2\/comments?post=13229"}],"version-history":[{"count":1,"href":"https:\/\/www.colocolofs.es\/web\/wp-json\/wp\/v2\/posts\/13229\/revisions"}],"predecessor-version":[{"id":13231,"href":"https:\/\/www.colocolofs.es\/web\/wp-json\/wp\/v2\/posts\/13229\/revisions\/13231"}],"wp:featuredmedia":[{"embeddable":true,"href":"https:\/\/www.colocolofs.es\/web\/wp-json\/wp\/v2\/media\/13230"}],"wp:attachment":[{"href":"https:\/\/www.colocolofs.es\/web\/wp-json\/wp\/v2\/media?parent=13229"}],"wp:term":[{"taxonomy":"category","embeddable":true,"href":"https:\/\/www.colocolofs.es\/web\/wp-json\/wp\/v2\/categories?post=13229"},{"taxonomy":"post_tag","embeddable":true,"href":"https:\/\/www.colocolofs.es\/web\/wp-json\/wp\/v2\/tags?post=13229"}],"curies":[{"name":"wp","href":"https:\/\/api.w.org\/{rel}","templated":true}]}}