{"id":13286,"date":"2021-02-05T00:19:47","date_gmt":"2021-02-05T00:19:47","guid":{"rendered":"http:\/\/www.colocolofs.es\/web\/?p=13286"},"modified":"2021-02-05T00:21:46","modified_gmt":"2021-02-05T00:21:46","slug":"fran-tabuenca-el-equipo-confia-en-clasificarse-para-la-liguilla-de-ascenso","status":"publish","type":"post","link":"https:\/\/www.colocolofs.es\/web\/fran-tabuenca-el-equipo-confia-en-clasificarse-para-la-liguilla-de-ascenso\/","title":{"rendered":"Fran Tabuenca: \u00abEl equipo conf\u00eda en clasificarse para la liguilla de ascenso\u00bb"},"content":{"rendered":"\n<p>El Full Energ\u00eda Zaragoza tiene como objetivo principal la permanencia, algo que conseguir\u00eda de forma matem\u00e1tica si consigue acabar la primera fase entre los cuatro primeros.<\/p>\n\n\n\n<p>Fran Tabuenca afirma que \u201cel equipo conf\u00eda en clasificarse para la liguilla de ascenso\u201d, y destaca que est\u00e1n \u201cmuy unidos, en una buena din\u00e1mica, entrenando muy bien y compitiendo al m\u00e1ximo en todos los partidos\u201d.<\/p>\n\n\n\n<p>El pr\u00f3ximo fin de semana, el Full Energ\u00eda Zaragoza tendr\u00e1 que jugar contra el Dur\u00e1n Ejido Futsal y Manzanares Quesos El Hidalgo en menos de 24 horas. Fran espera \u201cdos encuentros dif\u00edciles, ante rivales duros y que est\u00e1n luchando por estar arriba\u201d. Y a\u00f1ade lo siguiente: \u201cPese al poco tiempo que vamos a tener de descanso entre ambos duelos, vamos a luchar por ganar y a competir igual que venimos haci\u00e9ndolo a lo largo de la temporada\u201d.<\/p>\n\n\n\n<p>En el plano personal, Fran Tabuenca volvi\u00f3 a jugar en Alzira tras varias semanas de baja y asegura que para \u00e9l \u201cest\u00e1 siendo una temporada dif\u00edcil ya que he encadenado varias lesiones\u201d. Aunque eso ya ha quedado atr\u00e1s, y explica cu\u00e1les fueron sus sensaciones en el Palau d\u2019Esports: \u201cAnte el Family Cash Alzira volv\u00ed a tener minutos y me sent\u00ed c\u00f3modo\u201d. Ahora, Fran quiere \u201cseguir as\u00ed para ayudar al equipo en lo que pueda\u201d.<\/p>\n","protected":false},"excerpt":{"rendered":"<p>El Full Energ\u00eda Zaragoza tiene como objetivo principal la permanencia, algo que conseguir\u00eda de forma matem\u00e1tica si consigue acabar la primera fase entre los cuatro primeros. Fran Tabuenca afirma que \u201cel equipo conf\u00eda en clasificarse para la liguilla de ascenso\u201d, y destaca que est\u00e1n \u201cmuy unidos, en una buena din\u00e1mica, entrenando muy bien y compitiendo [&hellip;]<\/p>\n","protected":false},"author":1,"featured_media":13287,"comment_status":"closed","ping_status":"closed","sticky":false,"template":"","format":"standard","meta":{"footnotes":""},"categories":[5],"tags":[],"class_list":["post-13286","post","type-post","status-publish","format-standard","has-post-thumbnail","hentry","category-primer-equipo"],"jetpack_featured_media_url":"https:\/\/www.colocolofs.es\/web\/wp-content\/uploads\/2021\/02\/fran.jpg","yoast_head":"<!-- This site is optimized with the Yoast SEO plugin v14.4.1 - https:\/\/yoast.com\/wordpress\/plugins\/seo\/ -->\n<title>Fran Tabuenca: &quot;El equipo conf\u00eda en clasificarse para la liguilla de ascenso&quot; - Entrerr\u00edos Automatizaci\u00f3n<\/title>\n<meta name=\"robots\" content=\"index, follow\" \/>\n<meta name=\"googlebot\" content=\"index, follow, max-snippet:-1, max-image-preview:large, max-video-preview:-1\" \/>\n<meta name=\"bingbot\" content=\"index, follow, max-snippet:-1, max-image-preview:large, max-video-preview:-1\" \/>\n<link rel=\"canonical\" href=\"http:\/\/www.colocolofs.es\/web\/fran-tabuenca-el-equipo-confia-en-clasificarse-para-la-liguilla-de-ascenso\/\" \/>\n<meta property=\"og:locale\" content=\"es_ES\" \/>\n<meta property=\"og:type\" content=\"article\" \/>\n<meta property=\"og:title\" content=\"Fran Tabuenca: &quot;El equipo conf\u00eda en clasificarse para la liguilla de ascenso&quot; - Entrerr\u00edos Automatizaci\u00f3n\" \/>\n<meta property=\"og:description\" content=\"El Full Energ\u00eda Zaragoza tiene como objetivo principal la permanencia, algo que conseguir\u00eda de forma matem\u00e1tica si consigue acabar la primera fase entre los cuatro primeros. Fran Tabuenca afirma que \u201cel equipo conf\u00eda en clasificarse para la liguilla de ascenso\u201d, y destaca que est\u00e1n \u201cmuy unidos, en una buena din\u00e1mica, entrenando muy bien y compitiendo [&hellip;]\" \/>\n<meta property=\"og:url\" content=\"http:\/\/www.colocolofs.es\/web\/fran-tabuenca-el-equipo-confia-en-clasificarse-para-la-liguilla-de-ascenso\/\" \/>\n<meta property=\"og:site_name\" content=\"Entrerr\u00edos Automatizaci\u00f3n\" \/>\n<meta property=\"article:published_time\" content=\"2021-02-05T00:19:47+00:00\" \/>\n<meta property=\"article:modified_time\" content=\"2021-02-05T00:21:46+00:00\" \/>\n<meta property=\"og:image\" content=\"https:\/\/www.colocolofs.es\/web\/wp-content\/uploads\/2021\/02\/fran.jpg\" \/>\n\t<meta property=\"og:image:width\" content=\"1700\" \/>\n\t<meta property=\"og:image:height\" content=\"1013\" \/>\n<meta name=\"twitter:card\" content=\"summary_large_image\" \/>\n<script type=\"application\/ld+json\" class=\"yoast-schema-graph\">{\"@context\":\"https:\/\/schema.org\",\"@graph\":[{\"@type\":\"WebSite\",\"@id\":\"https:\/\/www.colocolofs.es\/web\/#website\",\"url\":\"https:\/\/www.colocolofs.es\/web\/\",\"name\":\"Entrerr\\u00edos Automatizaci\\u00f3n\",\"description\":\"Web oficial\",\"potentialAction\":[{\"@type\":\"SearchAction\",\"target\":\"https:\/\/www.colocolofs.es\/web\/?s={search_term_string}\",\"query-input\":\"required name=search_term_string\"}],\"inLanguage\":\"es\"},{\"@type\":\"ImageObject\",\"@id\":\"http:\/\/www.colocolofs.es\/web\/fran-tabuenca-el-equipo-confia-en-clasificarse-para-la-liguilla-de-ascenso\/#primaryimage\",\"inLanguage\":\"es\",\"url\":\"https:\/\/www.colocolofs.es\/web\/wp-content\/uploads\/2021\/02\/fran.jpg\",\"width\":1700,\"height\":1013,\"caption\":\"Fran Tabuenca en un partido (Foto: Andrea Royo L\\u00f3pez)\"},{\"@type\":\"WebPage\",\"@id\":\"http:\/\/www.colocolofs.es\/web\/fran-tabuenca-el-equipo-confia-en-clasificarse-para-la-liguilla-de-ascenso\/#webpage\",\"url\":\"http:\/\/www.colocolofs.es\/web\/fran-tabuenca-el-equipo-confia-en-clasificarse-para-la-liguilla-de-ascenso\/\",\"name\":\"Fran Tabuenca: \\\"El equipo conf\\u00eda en clasificarse para la liguilla de ascenso\\\" - Entrerr\\u00edos Automatizaci\\u00f3n\",\"isPartOf\":{\"@id\":\"https:\/\/www.colocolofs.es\/web\/#website\"},\"primaryImageOfPage\":{\"@id\":\"http:\/\/www.colocolofs.es\/web\/fran-tabuenca-el-equipo-confia-en-clasificarse-para-la-liguilla-de-ascenso\/#primaryimage\"},\"datePublished\":\"2021-02-05T00:19:47+00:00\",\"dateModified\":\"2021-02-05T00:21:46+00:00\",\"author\":{\"@id\":\"https:\/\/www.colocolofs.es\/web\/#\/schema\/person\/1be91002ad639bd282f9d860b6eb7584\"},\"inLanguage\":\"es\",\"potentialAction\":[{\"@type\":\"ReadAction\",\"target\":[\"http:\/\/www.colocolofs.es\/web\/fran-tabuenca-el-equipo-confia-en-clasificarse-para-la-liguilla-de-ascenso\/\"]}]},{\"@type\":[\"Person\"],\"@id\":\"https:\/\/www.colocolofs.es\/web\/#\/schema\/person\/1be91002ad639bd282f9d860b6eb7584\",\"name\":\"admin\"}]}<\/script>\n<!-- \/ Yoast SEO plugin. -->","_links":{"self":[{"href":"https:\/\/www.colocolofs.es\/web\/wp-json\/wp\/v2\/posts\/13286","targetHints":{"allow":["GET"]}}],"collection":[{"href":"https:\/\/www.colocolofs.es\/web\/wp-json\/wp\/v2\/posts"}],"about":[{"href":"https:\/\/www.colocolofs.es\/web\/wp-json\/wp\/v2\/types\/post"}],"author":[{"embeddable":true,"href":"https:\/\/www.colocolofs.es\/web\/wp-json\/wp\/v2\/users\/1"}],"replies":[{"embeddable":true,"href":"https:\/\/www.colocolofs.es\/web\/wp-json\/wp\/v2\/comments?post=13286"}],"version-history":[{"count":2,"href":"https:\/\/www.colocolofs.es\/web\/wp-json\/wp\/v2\/posts\/13286\/revisions"}],"predecessor-version":[{"id":13289,"href":"https:\/\/www.colocolofs.es\/web\/wp-json\/wp\/v2\/posts\/13286\/revisions\/13289"}],"wp:featuredmedia":[{"embeddable":true,"href":"https:\/\/www.colocolofs.es\/web\/wp-json\/wp\/v2\/media\/13287"}],"wp:attachment":[{"href":"https:\/\/www.colocolofs.es\/web\/wp-json\/wp\/v2\/media?parent=13286"}],"wp:term":[{"taxonomy":"category","embeddable":true,"href":"https:\/\/www.colocolofs.es\/web\/wp-json\/wp\/v2\/categories?post=13286"},{"taxonomy":"post_tag","embeddable":true,"href":"https:\/\/www.colocolofs.es\/web\/wp-json\/wp\/v2\/tags?post=13286"}],"curies":[{"name":"wp","href":"https:\/\/api.w.org\/{rel}","templated":true}]}}