{"id":13356,"date":"2021-02-14T16:49:32","date_gmt":"2021-02-14T16:49:32","guid":{"rendered":"http:\/\/www.colocolofs.es\/web\/?p=13356"},"modified":"2021-02-14T18:37:15","modified_gmt":"2021-02-14T18:37:15","slug":"conociendo-a-carlos-garcia","status":"publish","type":"post","link":"https:\/\/www.colocolofs.es\/web\/conociendo-a-carlos-garcia\/","title":{"rendered":"Conociendo a Carlos Garc\u00eda"},"content":{"rendered":"\n<p>Carlos Garc\u00eda \u2018creci\u00f3\u2019 en el Colo antes de dar el \u2018salto\u2019 a la \u00e9lite del f\u00fatbol sala nacional. En 2013 recalaba en las filas del Sala 10 Zaragoza y con tan solo 19 a\u00f1os disput\u00f3 un total de 24 partidos en Primera Divisi\u00f3n. Entre 2015 y 2016 estuvo en Puertollano y, despu\u00e9s, en el Elche CFS. Y en el mercado invernal de 2016 el Sala 10 decid\u00eda volver a hacerse con sus servicios, finalizando en 2018 su v\u00ednculo con el equipo zaragozano. Fue entonces cuando Carlos Garc\u00eda regresaba a \u2018casa\u2019. Con la camiseta azulona, Carlos Garc\u00eda ha participado en un total de 67 partidos en la categor\u00eda de plata y ha logrado 38 goles.\u00a0<\/p>\n\n\n\n<p><strong>PERSONAL:<\/strong><\/p>\n\n\n\n<ul class=\"wp-block-list\"><li>\u00bfC\u00f3mo eres fuera de la pista? Un tipo sociable, trabajador y so\u00f1ador.<\/li><li>\u00bfCu\u00e1l es tu comida favorita? El queso.<\/li><li>\u00bfUna serie o pel\u00edcula favorita?&nbsp; A todo gas. Buena comedia.&nbsp;<\/li><li>\u00bfQu\u00e9 canci\u00f3n te motiva antes de los partidos? Calma de Pedro Cap\u00f3. La cantamos antes de ganar con el Colo en Talavera en la temporada 2018\/2019.<\/li><li>\u00bfQu\u00e9 pa\u00eds te gustar\u00eda visitar? Costa Rica. Es un viaje pendiente con mis \u2018ortolokos\u2019.<\/li><li>Si tuvieras que elegir un deporte que no fuera el f\u00fatbol sala, \u00bfCu\u00e1l ser\u00eda?&nbsp; El ping-pong. Se cuecen varios torneos en la pista de Fuentes de Ebro, con buena afluencia en las sillas VIP del balanc\u00edn.<\/li><li>Un viaje que hayas hecho y que repetir\u00edas. Algarve.<\/li><li>\u00bfQu\u00e9 haces en tu tiempo libre? Disfrutar de mis amigos.<\/li><li>\u00bfQu\u00e9 preferir\u00edas? \u00bfViajar al pasado o saber qu\u00e9 ocurrir\u00e1 en el futuro? Viajar al pasado.<\/li><li>\u00bfQu\u00e9 preferir\u00edas? \u00bfSer invisible o poder leer la mente de las personas? Ser invisible.<\/li><li>\u00bfQu\u00e9 preferir\u00edas? \u00bfLlegar siempre una hora antes, o una hora m\u00e1s tarde? Llegar tarde, aunque soy muy puntual.<\/li><li>\u00bfQu\u00e9 elegir\u00edas? \u00bfVivir sin sol o sin poder jugar a f\u00fatbol sala? Vaya pregunta\u2026Quiero las dos.<\/li><li>\u00bfPlaya o monta\u00f1a? Playa.<\/li><li>\u00bfTienes alguna fobia? A la soledad.<\/li><li>\u00bfA qu\u00e9 te dedicas? Enfermero.<\/li><li>Def\u00ednete en tres palabras: Feliz, luchador y trabajador.<\/li><\/ul>\n\n\n\n<p><strong>F\u00daTBOL SALA:<\/strong><\/p>\n\n\n\n<ul class=\"wp-block-list\"><li>\u00bfCu\u00e1les fueron tus inicios en el f\u00fatbol sala? Fueron en la Plaza de \u2018las chinas\u2019 con mis hermanos, sobretodo con Samuel. \u00c9l fue el que me meti\u00f3 la droga del f\u00fatbol sala en la sangre.<\/li><li>Partido de tu debut en la Liga Nacional de F\u00fatbol Sala: En La Salobreja contra Ja\u00e9n. Abel Budr\u00eda casi me destroza la nariz ese d\u00eda\u2026<\/li><li>Primer gol en la LNFS: Contra Burela tras un pase de un \u2018ex-amigo\u2019 como V\u00edctor Tejel. Ojal\u00e1 se digne a quedar conmigo.&nbsp;<\/li><li>Mejor recuerdo que tengas de tu trayectoria: Las semifinales de la Copa de Espa\u00f1a en el WiZink Center contra Ja\u00e9n. La uni\u00f3n de unos amigos\u2026Me identifiqu\u00e9 con cada compa\u00f1ero que se dej\u00f3 el alma en la pista y ver la ilusi\u00f3n de gente tan veterana por hacer algo hist\u00f3rico. No jugu\u00e9, por cierto.&nbsp;<\/li><li>\u00bfY el peor recuerdo? No hay ninguno\u2026<\/li><li>\u00bfCu\u00e1l ser\u00eda tu quinteto ideal de compa\u00f1eros con los que hayas compartido vestuario? Iv\u00e1n Bernad, Samu Garc\u00eda de \u2018Kaiser\u2019, Pablo Trasobares, Adri Ortego y \u00d3scar Villanueva. Cuando se cansara Samu, meter\u00eda a Muniesa\u2026el \u2018capi\u2019 es un ejemplo de superaci\u00f3n y dedicaci\u00f3n.&nbsp;<\/li><li>\u00bfQu\u00e9 partido te gustar\u00eda volver a jugar? Las semifinales de la Copa de Espa\u00f1a contra el Ja\u00e9n.<\/li><li>\u00bfCu\u00e1l es el mejor pabell\u00f3n en el que has jugado? Palau Blaugrana.<\/li><li>Si pudieras tener en tu equipo a uno de estos dos jugadores, \u00bfA cu\u00e1l eliges? \u00bfChino (Valdepe\u00f1as) o Adri (O Parrulo)? Adri.<\/li><li>Un sue\u00f1o que hayas cumplido: Ponerme la camiseta de la Selecci\u00f3n Espa\u00f1ola.<\/li><li>Un sue\u00f1o que te quede por cumplir: Volver a jugar en Primera Divisi\u00f3n.<\/li><li>\u00bfCu\u00e1l es tu jugador referente? Carlos Retamar ha sido el jugador que m\u00e1s me ha hecho mejorar y rabiar. Demasiada calidad en ese \u201840\u2019 de Munich.<\/li><li>Una an\u00e9cdota que te haya pasado en un partido: Ninguna destacable.<\/li><li>\u00bfQu\u00e9 significa el Colo para ti? El Colo es mi familia.<\/li><\/ul>\n\n\n\n<p><strong>EN EL VESTUARIO:<\/strong><\/p>\n\n\n\n<ul class=\"wp-block-list\"><li>\u00bfQui\u00e9n es el m\u00e1s presumido? Diego Pardo\u2026por no ponerme a mi. Buen tup\u00e9.<\/li><li>\u00bfQui\u00e9n es el m\u00e1s puntual? Sergio Eguiz\u00e1bal.<\/li><li>\u00bfQui\u00e9n es el m\u00e1s bromista? Pasam\u00f3n.<\/li><li>\u00bfQui\u00e9n es el que llega m\u00e1s tarde? Alfonso Rodr\u00edguez.<\/li><li>\u00bfQui\u00e9n es el m\u00e1s t\u00edmido? Aitor.<\/li><li>\u00bfQui\u00e9n es el m\u00e1s dormil\u00f3n en los viajes? Nano.<\/li><\/ul>\n\n\n\n<div class=\"wp-block-image\"><figure class=\"aligncenter size-large\"><img loading=\"lazy\" decoding=\"async\" width=\"1024\" height=\"271\" src=\"https:\/\/www.colocolofs.es\/web\/wp-content\/uploads\/2021\/02\/campa\u00f1acolo.jpg\" alt=\"\" class=\"wp-image-13352\" srcset=\"https:\/\/www.colocolofs.es\/web\/wp-content\/uploads\/2021\/02\/campa\u00f1acolo.jpg 1024w, https:\/\/www.colocolofs.es\/web\/wp-content\/uploads\/2021\/02\/campa\u00f1acolo-300x79.jpg 300w, https:\/\/www.colocolofs.es\/web\/wp-content\/uploads\/2021\/02\/campa\u00f1acolo-768x203.jpg 768w, https:\/\/www.colocolofs.es\/web\/wp-content\/uploads\/2021\/02\/campa\u00f1acolo-750x198.jpg 750w\" sizes=\"auto, (max-width: 1024px) 100vw, 1024px\" \/><figcaption>Contenido patrocinado por PJ Inmobiliaria &#8211; San Jos\u00e9<\/figcaption><\/figure><\/div>\n\n\n\n<p><\/p>\n","protected":false},"excerpt":{"rendered":"<p>Carlos Garc\u00eda \u2018creci\u00f3\u2019 en el Colo antes de dar el \u2018salto\u2019 a la \u00e9lite del f\u00fatbol sala nacional. En 2013 recalaba en las filas del Sala 10 Zaragoza y con tan solo 19 a\u00f1os disput\u00f3 un total de 24 partidos en Primera Divisi\u00f3n. Entre 2015 y 2016 estuvo en Puertollano y, despu\u00e9s, en el Elche [&hellip;]<\/p>\n","protected":false},"author":1,"featured_media":13346,"comment_status":"closed","ping_status":"closed","sticky":false,"template":"","format":"standard","meta":{"footnotes":""},"categories":[5],"tags":[],"class_list":["post-13356","post","type-post","status-publish","format-standard","has-post-thumbnail","hentry","category-primer-equipo"],"jetpack_featured_media_url":"https:\/\/www.colocolofs.es\/web\/wp-content\/uploads\/2021\/02\/carlos.jpg","yoast_head":"<!-- This site is optimized with the Yoast SEO plugin v14.4.1 - https:\/\/yoast.com\/wordpress\/plugins\/seo\/ -->\n<title>Conociendo a Carlos Garc\u00eda - Entrerr\u00edos Automatizaci\u00f3n<\/title>\n<meta name=\"robots\" content=\"index, follow\" \/>\n<meta name=\"googlebot\" content=\"index, follow, max-snippet:-1, max-image-preview:large, max-video-preview:-1\" \/>\n<meta name=\"bingbot\" content=\"index, follow, max-snippet:-1, max-image-preview:large, max-video-preview:-1\" \/>\n<link rel=\"canonical\" href=\"http:\/\/www.colocolofs.es\/web\/conociendo-a-carlos-garcia\/\" \/>\n<meta property=\"og:locale\" content=\"es_ES\" \/>\n<meta property=\"og:type\" content=\"article\" \/>\n<meta property=\"og:title\" content=\"Conociendo a Carlos Garc\u00eda - Entrerr\u00edos Automatizaci\u00f3n\" \/>\n<meta property=\"og:description\" content=\"Carlos Garc\u00eda \u2018creci\u00f3\u2019 en el Colo antes de dar el \u2018salto\u2019 a la \u00e9lite del f\u00fatbol sala nacional. En 2013 recalaba en las filas del Sala 10 Zaragoza y con tan solo 19 a\u00f1os disput\u00f3 un total de 24 partidos en Primera Divisi\u00f3n. Entre 2015 y 2016 estuvo en Puertollano y, despu\u00e9s, en el Elche [&hellip;]\" \/>\n<meta property=\"og:url\" content=\"http:\/\/www.colocolofs.es\/web\/conociendo-a-carlos-garcia\/\" \/>\n<meta property=\"og:site_name\" content=\"Entrerr\u00edos Automatizaci\u00f3n\" \/>\n<meta property=\"article:published_time\" content=\"2021-02-14T16:49:32+00:00\" \/>\n<meta property=\"article:modified_time\" content=\"2021-02-14T18:37:15+00:00\" \/>\n<meta property=\"og:image\" content=\"https:\/\/www.colocolofs.es\/web\/wp-content\/uploads\/2021\/02\/carlos.jpg\" \/>\n\t<meta property=\"og:image:width\" content=\"2048\" \/>\n\t<meta property=\"og:image:height\" content=\"1131\" \/>\n<meta name=\"twitter:card\" content=\"summary_large_image\" \/>\n<script type=\"application\/ld+json\" class=\"yoast-schema-graph\">{\"@context\":\"https:\/\/schema.org\",\"@graph\":[{\"@type\":\"WebSite\",\"@id\":\"https:\/\/www.colocolofs.es\/web\/#website\",\"url\":\"https:\/\/www.colocolofs.es\/web\/\",\"name\":\"Entrerr\\u00edos Automatizaci\\u00f3n\",\"description\":\"Web oficial\",\"potentialAction\":[{\"@type\":\"SearchAction\",\"target\":\"https:\/\/www.colocolofs.es\/web\/?s={search_term_string}\",\"query-input\":\"required name=search_term_string\"}],\"inLanguage\":\"es\"},{\"@type\":\"ImageObject\",\"@id\":\"http:\/\/www.colocolofs.es\/web\/conociendo-a-carlos-garcia\/#primaryimage\",\"inLanguage\":\"es\",\"url\":\"https:\/\/www.colocolofs.es\/web\/wp-content\/uploads\/2021\/02\/carlos.jpg\",\"width\":2048,\"height\":1131,\"caption\":\"Foto: Andrea Royo L\\u00f3pez\"},{\"@type\":\"WebPage\",\"@id\":\"http:\/\/www.colocolofs.es\/web\/conociendo-a-carlos-garcia\/#webpage\",\"url\":\"http:\/\/www.colocolofs.es\/web\/conociendo-a-carlos-garcia\/\",\"name\":\"Conociendo a Carlos Garc\\u00eda - Entrerr\\u00edos Automatizaci\\u00f3n\",\"isPartOf\":{\"@id\":\"https:\/\/www.colocolofs.es\/web\/#website\"},\"primaryImageOfPage\":{\"@id\":\"http:\/\/www.colocolofs.es\/web\/conociendo-a-carlos-garcia\/#primaryimage\"},\"datePublished\":\"2021-02-14T16:49:32+00:00\",\"dateModified\":\"2021-02-14T18:37:15+00:00\",\"author\":{\"@id\":\"https:\/\/www.colocolofs.es\/web\/#\/schema\/person\/1be91002ad639bd282f9d860b6eb7584\"},\"inLanguage\":\"es\",\"potentialAction\":[{\"@type\":\"ReadAction\",\"target\":[\"http:\/\/www.colocolofs.es\/web\/conociendo-a-carlos-garcia\/\"]}]},{\"@type\":[\"Person\"],\"@id\":\"https:\/\/www.colocolofs.es\/web\/#\/schema\/person\/1be91002ad639bd282f9d860b6eb7584\",\"name\":\"admin\"}]}<\/script>\n<!-- \/ Yoast SEO plugin. -->","_links":{"self":[{"href":"https:\/\/www.colocolofs.es\/web\/wp-json\/wp\/v2\/posts\/13356","targetHints":{"allow":["GET"]}}],"collection":[{"href":"https:\/\/www.colocolofs.es\/web\/wp-json\/wp\/v2\/posts"}],"about":[{"href":"https:\/\/www.colocolofs.es\/web\/wp-json\/wp\/v2\/types\/post"}],"author":[{"embeddable":true,"href":"https:\/\/www.colocolofs.es\/web\/wp-json\/wp\/v2\/users\/1"}],"replies":[{"embeddable":true,"href":"https:\/\/www.colocolofs.es\/web\/wp-json\/wp\/v2\/comments?post=13356"}],"version-history":[{"count":4,"href":"https:\/\/www.colocolofs.es\/web\/wp-json\/wp\/v2\/posts\/13356\/revisions"}],"predecessor-version":[{"id":13362,"href":"https:\/\/www.colocolofs.es\/web\/wp-json\/wp\/v2\/posts\/13356\/revisions\/13362"}],"wp:featuredmedia":[{"embeddable":true,"href":"https:\/\/www.colocolofs.es\/web\/wp-json\/wp\/v2\/media\/13346"}],"wp:attachment":[{"href":"https:\/\/www.colocolofs.es\/web\/wp-json\/wp\/v2\/media?parent=13356"}],"wp:term":[{"taxonomy":"category","embeddable":true,"href":"https:\/\/www.colocolofs.es\/web\/wp-json\/wp\/v2\/categories?post=13356"},{"taxonomy":"post_tag","embeddable":true,"href":"https:\/\/www.colocolofs.es\/web\/wp-json\/wp\/v2\/tags?post=13356"}],"curies":[{"name":"wp","href":"https:\/\/api.w.org\/{rel}","templated":true}]}}