{"id":13366,"date":"2021-02-15T05:06:24","date_gmt":"2021-02-15T05:06:24","guid":{"rendered":"http:\/\/www.colocolofs.es\/web\/?p=13366"},"modified":"2021-02-15T05:06:34","modified_gmt":"2021-02-15T05:06:34","slug":"muniesa-contra-el-elche-tenemos-que-ir-a-por-todas-y-conseguir-la-victoria","status":"publish","type":"post","link":"https:\/\/www.colocolofs.es\/web\/muniesa-contra-el-elche-tenemos-que-ir-a-por-todas-y-conseguir-la-victoria\/","title":{"rendered":"Muniesa: \u201cContra el Elche tenemos que ir a por todas y conseguir la victoria\u201d"},"content":{"rendered":"\n<p>Juan Muniesa destaca la importancia de lograr el triunfo contra el Elche CFS: \u201cHay que conseguir la victoria, y m\u00e1s despu\u00e9s del empate ante Bisontes. Tenemos que ir a por todas y lograr los tres puntos si queremos estar en la liguilla de ascenso\u201d.<\/p>\n\n\n\n<p>Un objetivo por el que tambi\u00e9n pelea Bisontes Castell\u00f3n, equipo ante el que empat\u00f3 el Full Energ\u00eda Zaragoza en la pasada jornada. Muniesa, autor del 1-1, da valor al punto conseguido: \u201cCreo que fuimos superiores y aunque quer\u00edamos los tres puntos el no perder tambi\u00e9n era importante ya que nos hubieran superado en la clasificaci\u00f3n\u201d.&nbsp;<\/p>\n\n\n\n<p>El capit\u00e1n del Full Energ\u00eda Zaragoza asegura que est\u00e1n \u201ccon muchas ganas de meternos en la liguilla de ascenso y, pese a todo lo que sucede por el Covid-19, estamos haciendo una temporada muy buena. Creo que podemos conseguir el objetivo\u201d.<\/p>\n\n\n\n<p>Respecto a todos los contratiempos surgidos por la pandemia, Muniesa comenta lo siguiente: \u201cSomos afortunados por tener en el f\u00fatbol sala una v\u00eda de escape. El equipo lo est\u00e1 llevando bien. La pretemporada dur\u00f3 casi tres meses, disputamos la primera jornada y luego estuvimos casi un mes sin jugar, y ahora hemos tenido otro \u2018par\u00f3n\u2019 por positivos en nuestro equipo\u201d.<\/p>\n","protected":false},"excerpt":{"rendered":"<p>Juan Muniesa destaca la importancia de lograr el triunfo contra el Elche CFS: \u201cHay que conseguir la victoria, y m\u00e1s despu\u00e9s del empate ante Bisontes. Tenemos que ir a por todas y lograr los tres puntos si queremos estar en la liguilla de ascenso\u201d. Un objetivo por el que tambi\u00e9n pelea Bisontes Castell\u00f3n, equipo ante [&hellip;]<\/p>\n","protected":false},"author":1,"featured_media":13367,"comment_status":"closed","ping_status":"closed","sticky":false,"template":"","format":"standard","meta":{"footnotes":""},"categories":[5],"tags":[],"class_list":["post-13366","post","type-post","status-publish","format-standard","has-post-thumbnail","hentry","category-primer-equipo"],"jetpack_featured_media_url":"https:\/\/www.colocolofs.es\/web\/wp-content\/uploads\/2021\/02\/50939092018_eddbc19c1a_k.jpg","yoast_head":"<!-- This site is optimized with the Yoast SEO plugin v14.4.1 - https:\/\/yoast.com\/wordpress\/plugins\/seo\/ -->\n<title>Muniesa: \u201cContra el Elche tenemos que ir a por todas y conseguir la victoria\u201d - Entrerr\u00edos Automatizaci\u00f3n<\/title>\n<meta name=\"robots\" content=\"index, follow\" \/>\n<meta name=\"googlebot\" content=\"index, follow, max-snippet:-1, max-image-preview:large, max-video-preview:-1\" \/>\n<meta name=\"bingbot\" content=\"index, follow, max-snippet:-1, max-image-preview:large, max-video-preview:-1\" \/>\n<link rel=\"canonical\" href=\"http:\/\/www.colocolofs.es\/web\/muniesa-contra-el-elche-tenemos-que-ir-a-por-todas-y-conseguir-la-victoria\/\" \/>\n<meta property=\"og:locale\" content=\"es_ES\" \/>\n<meta property=\"og:type\" content=\"article\" \/>\n<meta property=\"og:title\" content=\"Muniesa: \u201cContra el Elche tenemos que ir a por todas y conseguir la victoria\u201d - Entrerr\u00edos Automatizaci\u00f3n\" \/>\n<meta property=\"og:description\" content=\"Juan Muniesa destaca la importancia de lograr el triunfo contra el Elche CFS: \u201cHay que conseguir la victoria, y m\u00e1s despu\u00e9s del empate ante Bisontes. Tenemos que ir a por todas y lograr los tres puntos si queremos estar en la liguilla de ascenso\u201d. Un objetivo por el que tambi\u00e9n pelea Bisontes Castell\u00f3n, equipo ante [&hellip;]\" \/>\n<meta property=\"og:url\" content=\"http:\/\/www.colocolofs.es\/web\/muniesa-contra-el-elche-tenemos-que-ir-a-por-todas-y-conseguir-la-victoria\/\" \/>\n<meta property=\"og:site_name\" content=\"Entrerr\u00edos Automatizaci\u00f3n\" \/>\n<meta property=\"article:published_time\" content=\"2021-02-15T05:06:24+00:00\" \/>\n<meta property=\"article:modified_time\" content=\"2021-02-15T05:06:34+00:00\" \/>\n<meta property=\"og:image\" content=\"https:\/\/www.colocolofs.es\/web\/wp-content\/uploads\/2021\/02\/50939092018_eddbc19c1a_k.jpg\" \/>\n\t<meta property=\"og:image:width\" content=\"2048\" \/>\n\t<meta property=\"og:image:height\" content=\"1313\" \/>\n<meta name=\"twitter:card\" content=\"summary_large_image\" \/>\n<script type=\"application\/ld+json\" class=\"yoast-schema-graph\">{\"@context\":\"https:\/\/schema.org\",\"@graph\":[{\"@type\":\"WebSite\",\"@id\":\"https:\/\/www.colocolofs.es\/web\/#website\",\"url\":\"https:\/\/www.colocolofs.es\/web\/\",\"name\":\"Entrerr\\u00edos Automatizaci\\u00f3n\",\"description\":\"Web oficial\",\"potentialAction\":[{\"@type\":\"SearchAction\",\"target\":\"https:\/\/www.colocolofs.es\/web\/?s={search_term_string}\",\"query-input\":\"required name=search_term_string\"}],\"inLanguage\":\"es\"},{\"@type\":\"ImageObject\",\"@id\":\"http:\/\/www.colocolofs.es\/web\/muniesa-contra-el-elche-tenemos-que-ir-a-por-todas-y-conseguir-la-victoria\/#primaryimage\",\"inLanguage\":\"es\",\"url\":\"https:\/\/www.colocolofs.es\/web\/wp-content\/uploads\/2021\/02\/50939092018_eddbc19c1a_k.jpg\",\"width\":2048,\"height\":1313,\"caption\":\"Foto: Andrea Royo L\\u00f3pez\"},{\"@type\":\"WebPage\",\"@id\":\"http:\/\/www.colocolofs.es\/web\/muniesa-contra-el-elche-tenemos-que-ir-a-por-todas-y-conseguir-la-victoria\/#webpage\",\"url\":\"http:\/\/www.colocolofs.es\/web\/muniesa-contra-el-elche-tenemos-que-ir-a-por-todas-y-conseguir-la-victoria\/\",\"name\":\"Muniesa: \\u201cContra el Elche tenemos que ir a por todas y conseguir la victoria\\u201d - Entrerr\\u00edos Automatizaci\\u00f3n\",\"isPartOf\":{\"@id\":\"https:\/\/www.colocolofs.es\/web\/#website\"},\"primaryImageOfPage\":{\"@id\":\"http:\/\/www.colocolofs.es\/web\/muniesa-contra-el-elche-tenemos-que-ir-a-por-todas-y-conseguir-la-victoria\/#primaryimage\"},\"datePublished\":\"2021-02-15T05:06:24+00:00\",\"dateModified\":\"2021-02-15T05:06:34+00:00\",\"author\":{\"@id\":\"https:\/\/www.colocolofs.es\/web\/#\/schema\/person\/1be91002ad639bd282f9d860b6eb7584\"},\"inLanguage\":\"es\",\"potentialAction\":[{\"@type\":\"ReadAction\",\"target\":[\"http:\/\/www.colocolofs.es\/web\/muniesa-contra-el-elche-tenemos-que-ir-a-por-todas-y-conseguir-la-victoria\/\"]}]},{\"@type\":[\"Person\"],\"@id\":\"https:\/\/www.colocolofs.es\/web\/#\/schema\/person\/1be91002ad639bd282f9d860b6eb7584\",\"name\":\"admin\"}]}<\/script>\n<!-- \/ Yoast SEO plugin. -->","_links":{"self":[{"href":"https:\/\/www.colocolofs.es\/web\/wp-json\/wp\/v2\/posts\/13366","targetHints":{"allow":["GET"]}}],"collection":[{"href":"https:\/\/www.colocolofs.es\/web\/wp-json\/wp\/v2\/posts"}],"about":[{"href":"https:\/\/www.colocolofs.es\/web\/wp-json\/wp\/v2\/types\/post"}],"author":[{"embeddable":true,"href":"https:\/\/www.colocolofs.es\/web\/wp-json\/wp\/v2\/users\/1"}],"replies":[{"embeddable":true,"href":"https:\/\/www.colocolofs.es\/web\/wp-json\/wp\/v2\/comments?post=13366"}],"version-history":[{"count":1,"href":"https:\/\/www.colocolofs.es\/web\/wp-json\/wp\/v2\/posts\/13366\/revisions"}],"predecessor-version":[{"id":13368,"href":"https:\/\/www.colocolofs.es\/web\/wp-json\/wp\/v2\/posts\/13366\/revisions\/13368"}],"wp:featuredmedia":[{"embeddable":true,"href":"https:\/\/www.colocolofs.es\/web\/wp-json\/wp\/v2\/media\/13367"}],"wp:attachment":[{"href":"https:\/\/www.colocolofs.es\/web\/wp-json\/wp\/v2\/media?parent=13366"}],"wp:term":[{"taxonomy":"category","embeddable":true,"href":"https:\/\/www.colocolofs.es\/web\/wp-json\/wp\/v2\/categories?post=13366"},{"taxonomy":"post_tag","embeddable":true,"href":"https:\/\/www.colocolofs.es\/web\/wp-json\/wp\/v2\/tags?post=13366"}],"curies":[{"name":"wp","href":"https:\/\/api.w.org\/{rel}","templated":true}]}}