{"id":13419,"date":"2021-02-22T14:37:36","date_gmt":"2021-02-22T14:37:36","guid":{"rendered":"http:\/\/www.colocolofs.es\/web\/?p=13419"},"modified":"2021-02-22T14:47:34","modified_gmt":"2021-02-22T14:47:34","slug":"el-full-energia-zaragoza-descansa-en-la-primera-jornada-del-grupo-d","status":"publish","type":"post","link":"https:\/\/www.colocolofs.es\/web\/el-full-energia-zaragoza-descansa-en-la-primera-jornada-del-grupo-d\/","title":{"rendered":"El Full Energ\u00eda Zaragoza descansa en la primera jornada del Grupo D"},"content":{"rendered":"\n<p>La Real Federaci\u00f3n Espa\u00f1ola de F\u00fatbol ya ha sorteado el calendario (Pulsa <a href=\"https:\/\/www.colocolofs.es\/web\/calendario\/\" target=\"_blank\" aria-label=\"undefined (abre en una nueva pesta\u00f1a)\" rel=\"noreferrer noopener\">aqu\u00ed<\/a> para verlo) del Grupo D de Segunda Divisi\u00f3n, y en el que estar\u00e1 el Full Energ\u00eda Zaragoza junto a&nbsp;Jerubex Santiago Futsal, Rivas, CD Legan\u00e9s, Ciudad de M\u00f3stoles, Elche CF, ElPozo Ciudad de Murcia, Bisontes Castell\u00f3n y Family Cash Alzira.<\/p>\n\n\n\n<p>Las jornadas de descanso para el equipo que entrena Alfonso Rodr\u00edguez ser\u00e1n la primera y la sexta. En la segunda, el Full Energ\u00eda Zaragoza viajar\u00e1 hasta tierras gallegas para enfrentarse al Santiago Futsal. Mientras que el primer duelo en La Granja se celebrar\u00e1 el 13 de marzo (jornada 3) frente al Rivas Futsal.<\/p>\n","protected":false},"excerpt":{"rendered":"<p>La Real Federaci\u00f3n Espa\u00f1ola de F\u00fatbol ya ha sorteado el calendario (Pulsa aqu\u00ed para verlo) del Grupo D de Segunda Divisi\u00f3n, y en el que estar\u00e1 el Full Energ\u00eda Zaragoza junto a&nbsp;Jerubex Santiago Futsal, Rivas, CD Legan\u00e9s, Ciudad de M\u00f3stoles, Elche CF, ElPozo Ciudad de Murcia, Bisontes Castell\u00f3n y Family Cash Alzira. Las jornadas de [&hellip;]<\/p>\n","protected":false},"author":1,"featured_media":13422,"comment_status":"closed","ping_status":"closed","sticky":false,"template":"","format":"standard","meta":{"footnotes":""},"categories":[5],"tags":[],"class_list":["post-13419","post","type-post","status-publish","format-standard","has-post-thumbnail","hentry","category-primer-equipo"],"jetpack_featured_media_url":"https:\/\/www.colocolofs.es\/web\/wp-content\/uploads\/2021\/02\/50686046352_bbb8a3ea9d_k.jpg","yoast_head":"<!-- This site is optimized with the Yoast SEO plugin v14.4.1 - https:\/\/yoast.com\/wordpress\/plugins\/seo\/ -->\n<title>El Full Energ\u00eda Zaragoza descansa en la primera jornada del Grupo D - Entrerr\u00edos Automatizaci\u00f3n<\/title>\n<meta name=\"robots\" content=\"index, follow\" \/>\n<meta name=\"googlebot\" content=\"index, follow, max-snippet:-1, max-image-preview:large, max-video-preview:-1\" \/>\n<meta name=\"bingbot\" content=\"index, follow, max-snippet:-1, max-image-preview:large, max-video-preview:-1\" \/>\n<link rel=\"canonical\" href=\"http:\/\/www.colocolofs.es\/web\/el-full-energia-zaragoza-descansa-en-la-primera-jornada-del-grupo-d\/\" \/>\n<meta property=\"og:locale\" content=\"es_ES\" \/>\n<meta property=\"og:type\" content=\"article\" \/>\n<meta property=\"og:title\" content=\"El Full Energ\u00eda Zaragoza descansa en la primera jornada del Grupo D - Entrerr\u00edos Automatizaci\u00f3n\" \/>\n<meta property=\"og:description\" content=\"La Real Federaci\u00f3n Espa\u00f1ola de F\u00fatbol ya ha sorteado el calendario (Pulsa aqu\u00ed para verlo) del Grupo D de Segunda Divisi\u00f3n, y en el que estar\u00e1 el Full Energ\u00eda Zaragoza junto a&nbsp;Jerubex Santiago Futsal, Rivas, CD Legan\u00e9s, Ciudad de M\u00f3stoles, Elche CF, ElPozo Ciudad de Murcia, Bisontes Castell\u00f3n y Family Cash Alzira. Las jornadas de [&hellip;]\" \/>\n<meta property=\"og:url\" content=\"http:\/\/www.colocolofs.es\/web\/el-full-energia-zaragoza-descansa-en-la-primera-jornada-del-grupo-d\/\" \/>\n<meta property=\"og:site_name\" content=\"Entrerr\u00edos Automatizaci\u00f3n\" \/>\n<meta property=\"article:published_time\" content=\"2021-02-22T14:37:36+00:00\" \/>\n<meta property=\"article:modified_time\" content=\"2021-02-22T14:47:34+00:00\" \/>\n<meta property=\"og:image\" content=\"https:\/\/www.colocolofs.es\/web\/wp-content\/uploads\/2021\/02\/50686046352_bbb8a3ea9d_k.jpg\" \/>\n\t<meta property=\"og:image:width\" content=\"2048\" \/>\n\t<meta property=\"og:image:height\" content=\"1322\" \/>\n<meta name=\"twitter:card\" content=\"summary_large_image\" \/>\n<script type=\"application\/ld+json\" class=\"yoast-schema-graph\">{\"@context\":\"https:\/\/schema.org\",\"@graph\":[{\"@type\":\"WebSite\",\"@id\":\"https:\/\/www.colocolofs.es\/web\/#website\",\"url\":\"https:\/\/www.colocolofs.es\/web\/\",\"name\":\"Entrerr\\u00edos Automatizaci\\u00f3n\",\"description\":\"Web oficial\",\"potentialAction\":[{\"@type\":\"SearchAction\",\"target\":\"https:\/\/www.colocolofs.es\/web\/?s={search_term_string}\",\"query-input\":\"required name=search_term_string\"}],\"inLanguage\":\"es\"},{\"@type\":\"ImageObject\",\"@id\":\"http:\/\/www.colocolofs.es\/web\/el-full-energia-zaragoza-descansa-en-la-primera-jornada-del-grupo-d\/#primaryimage\",\"inLanguage\":\"es\",\"url\":\"https:\/\/www.colocolofs.es\/web\/wp-content\/uploads\/2021\/02\/50686046352_bbb8a3ea9d_k.jpg\",\"width\":2048,\"height\":1322,\"caption\":\"Foto: Andrea Royo L\\u00f3pez\"},{\"@type\":\"WebPage\",\"@id\":\"http:\/\/www.colocolofs.es\/web\/el-full-energia-zaragoza-descansa-en-la-primera-jornada-del-grupo-d\/#webpage\",\"url\":\"http:\/\/www.colocolofs.es\/web\/el-full-energia-zaragoza-descansa-en-la-primera-jornada-del-grupo-d\/\",\"name\":\"El Full Energ\\u00eda Zaragoza descansa en la primera jornada del Grupo D - Entrerr\\u00edos Automatizaci\\u00f3n\",\"isPartOf\":{\"@id\":\"https:\/\/www.colocolofs.es\/web\/#website\"},\"primaryImageOfPage\":{\"@id\":\"http:\/\/www.colocolofs.es\/web\/el-full-energia-zaragoza-descansa-en-la-primera-jornada-del-grupo-d\/#primaryimage\"},\"datePublished\":\"2021-02-22T14:37:36+00:00\",\"dateModified\":\"2021-02-22T14:47:34+00:00\",\"author\":{\"@id\":\"https:\/\/www.colocolofs.es\/web\/#\/schema\/person\/1be91002ad639bd282f9d860b6eb7584\"},\"inLanguage\":\"es\",\"potentialAction\":[{\"@type\":\"ReadAction\",\"target\":[\"http:\/\/www.colocolofs.es\/web\/el-full-energia-zaragoza-descansa-en-la-primera-jornada-del-grupo-d\/\"]}]},{\"@type\":[\"Person\"],\"@id\":\"https:\/\/www.colocolofs.es\/web\/#\/schema\/person\/1be91002ad639bd282f9d860b6eb7584\",\"name\":\"admin\"}]}<\/script>\n<!-- \/ Yoast SEO plugin. -->","_links":{"self":[{"href":"https:\/\/www.colocolofs.es\/web\/wp-json\/wp\/v2\/posts\/13419","targetHints":{"allow":["GET"]}}],"collection":[{"href":"https:\/\/www.colocolofs.es\/web\/wp-json\/wp\/v2\/posts"}],"about":[{"href":"https:\/\/www.colocolofs.es\/web\/wp-json\/wp\/v2\/types\/post"}],"author":[{"embeddable":true,"href":"https:\/\/www.colocolofs.es\/web\/wp-json\/wp\/v2\/users\/1"}],"replies":[{"embeddable":true,"href":"https:\/\/www.colocolofs.es\/web\/wp-json\/wp\/v2\/comments?post=13419"}],"version-history":[{"count":2,"href":"https:\/\/www.colocolofs.es\/web\/wp-json\/wp\/v2\/posts\/13419\/revisions"}],"predecessor-version":[{"id":13423,"href":"https:\/\/www.colocolofs.es\/web\/wp-json\/wp\/v2\/posts\/13419\/revisions\/13423"}],"wp:featuredmedia":[{"embeddable":true,"href":"https:\/\/www.colocolofs.es\/web\/wp-json\/wp\/v2\/media\/13422"}],"wp:attachment":[{"href":"https:\/\/www.colocolofs.es\/web\/wp-json\/wp\/v2\/media?parent=13419"}],"wp:term":[{"taxonomy":"category","embeddable":true,"href":"https:\/\/www.colocolofs.es\/web\/wp-json\/wp\/v2\/categories?post=13419"},{"taxonomy":"post_tag","embeddable":true,"href":"https:\/\/www.colocolofs.es\/web\/wp-json\/wp\/v2\/tags?post=13419"}],"curies":[{"name":"wp","href":"https:\/\/api.w.org\/{rel}","templated":true}]}}