{"id":13425,"date":"2021-02-23T11:24:16","date_gmt":"2021-02-23T11:24:16","guid":{"rendered":"http:\/\/www.colocolofs.es\/web\/?p=13425"},"modified":"2021-02-23T11:24:35","modified_gmt":"2021-02-23T11:24:35","slug":"alfonso-rodriguez-ya-pensamos-en-la-siguiente-fase-y-en-crecer-como-equipo-para-seguir-en-segunda-division","status":"publish","type":"post","link":"https:\/\/www.colocolofs.es\/web\/alfonso-rodriguez-ya-pensamos-en-la-siguiente-fase-y-en-crecer-como-equipo-para-seguir-en-segunda-division\/","title":{"rendered":"Alfonso Rodr\u00edguez: \u201cYa pensamos en la siguiente fase y en crecer como equipo para seguir en Segunda Divisi\u00f3n\u201d"},"content":{"rendered":"\n<p>Alfonso Rodr\u00edguez apuesta por hacer \u2018borr\u00f3n y cuenta nueva\u2019 despu\u00e9s de que el Full Energ\u00eda Zaragoza no lograra clasificarse para el Grupo C, que da derecho a pelear por el ascenso a Primera Divisi\u00f3n. Ahora, los azulones tendr\u00e1n que afrontar una nueva liguilla en la que estar\u00e1 en juego la permanencia: \u201cYa pensamos en la siguiente fase y en crecer como equipo para seguir en Segunda Divisi\u00f3n. En esta Liga no hay descanso y tenemos que estar preparados para lo que viene\u201d.<\/p>\n\n\n\n<p>Aunque el entrenador zaragozano reconoce que el no conseguir acabar esta primera fase entre los cuatro primeros ha provocado&nbsp; \u201cuna desilusi\u00f3n muy grande para todos ya que los jugadores han trabajado sin descanso durante tres semanas, y el verlo tan cerca ha hecho que el golpe sea duro\u201d.&nbsp;<\/p>\n\n\n\n<p>Alfonso cree que \u201cesa ilusi\u00f3n por conseguirlo se ha ido transformando en obligaci\u00f3n y nervios, que sumado a que hayan sucedido cosas como lesiones, par\u00f3n por el Covid-19 o detalles en algunos partidos, ha hecho que no lo hayamos podido lograr\u201d.&nbsp;<\/p>\n\n\n\n<p>Y hace el siguiente balance de este primer tramo de competici\u00f3n: \u201cHasta que tuvimos positivos por Covid-19 pongo un sobresaliente al equipo en compromiso, autoexigencia y compromiso. Despu\u00e9s, estamos orgullosos del esfuerzo realizado por los jugadores pero en cuanto a resultados no lo hemos hecho bien, empezando por el cuerpo t\u00e9cnico\u201d. Aunque ve un aspecto positivo: \u201cEsto nos servir\u00e1 como experiencia para mejorar\u201d.<\/p>\n","protected":false},"excerpt":{"rendered":"<p>Alfonso Rodr\u00edguez apuesta por hacer \u2018borr\u00f3n y cuenta nueva\u2019 despu\u00e9s de que el Full Energ\u00eda Zaragoza no lograra clasificarse para el Grupo C, que da derecho a pelear por el ascenso a Primera Divisi\u00f3n. Ahora, los azulones tendr\u00e1n que afrontar una nueva liguilla en la que estar\u00e1 en juego la permanencia: \u201cYa pensamos en la [&hellip;]<\/p>\n","protected":false},"author":1,"featured_media":13426,"comment_status":"closed","ping_status":"closed","sticky":false,"template":"","format":"standard","meta":{"footnotes":""},"categories":[5],"tags":[],"class_list":["post-13425","post","type-post","status-publish","format-standard","has-post-thumbnail","hentry","category-primer-equipo"],"jetpack_featured_media_url":"https:\/\/www.colocolofs.es\/web\/wp-content\/uploads\/2021\/02\/50966328243_ab7d1ab8e7_k.jpg","yoast_head":"<!-- This site is optimized with the Yoast SEO plugin v14.4.1 - https:\/\/yoast.com\/wordpress\/plugins\/seo\/ -->\n<title>Alfonso Rodr\u00edguez: \u201cYa pensamos en la siguiente fase y en crecer como equipo para seguir en Segunda Divisi\u00f3n\u201d - Entrerr\u00edos Automatizaci\u00f3n<\/title>\n<meta name=\"robots\" content=\"index, follow\" \/>\n<meta name=\"googlebot\" content=\"index, follow, max-snippet:-1, max-image-preview:large, max-video-preview:-1\" \/>\n<meta name=\"bingbot\" content=\"index, follow, max-snippet:-1, max-image-preview:large, max-video-preview:-1\" \/>\n<link rel=\"canonical\" href=\"http:\/\/www.colocolofs.es\/web\/alfonso-rodriguez-ya-pensamos-en-la-siguiente-fase-y-en-crecer-como-equipo-para-seguir-en-segunda-division\/\" \/>\n<meta property=\"og:locale\" content=\"es_ES\" \/>\n<meta property=\"og:type\" content=\"article\" \/>\n<meta property=\"og:title\" content=\"Alfonso Rodr\u00edguez: \u201cYa pensamos en la siguiente fase y en crecer como equipo para seguir en Segunda Divisi\u00f3n\u201d - Entrerr\u00edos Automatizaci\u00f3n\" \/>\n<meta property=\"og:description\" content=\"Alfonso Rodr\u00edguez apuesta por hacer \u2018borr\u00f3n y cuenta nueva\u2019 despu\u00e9s de que el Full Energ\u00eda Zaragoza no lograra clasificarse para el Grupo C, que da derecho a pelear por el ascenso a Primera Divisi\u00f3n. Ahora, los azulones tendr\u00e1n que afrontar una nueva liguilla en la que estar\u00e1 en juego la permanencia: \u201cYa pensamos en la [&hellip;]\" \/>\n<meta property=\"og:url\" content=\"http:\/\/www.colocolofs.es\/web\/alfonso-rodriguez-ya-pensamos-en-la-siguiente-fase-y-en-crecer-como-equipo-para-seguir-en-segunda-division\/\" \/>\n<meta property=\"og:site_name\" content=\"Entrerr\u00edos Automatizaci\u00f3n\" \/>\n<meta property=\"article:published_time\" content=\"2021-02-23T11:24:16+00:00\" \/>\n<meta property=\"article:modified_time\" content=\"2021-02-23T11:24:35+00:00\" \/>\n<meta property=\"og:image\" content=\"https:\/\/www.colocolofs.es\/web\/wp-content\/uploads\/2021\/02\/50966328243_ab7d1ab8e7_k.jpg\" \/>\n\t<meta property=\"og:image:width\" content=\"2048\" \/>\n\t<meta property=\"og:image:height\" content=\"1365\" \/>\n<meta name=\"twitter:card\" content=\"summary_large_image\" \/>\n<script type=\"application\/ld+json\" class=\"yoast-schema-graph\">{\"@context\":\"https:\/\/schema.org\",\"@graph\":[{\"@type\":\"WebSite\",\"@id\":\"https:\/\/www.colocolofs.es\/web\/#website\",\"url\":\"https:\/\/www.colocolofs.es\/web\/\",\"name\":\"Entrerr\\u00edos Automatizaci\\u00f3n\",\"description\":\"Web oficial\",\"potentialAction\":[{\"@type\":\"SearchAction\",\"target\":\"https:\/\/www.colocolofs.es\/web\/?s={search_term_string}\",\"query-input\":\"required name=search_term_string\"}],\"inLanguage\":\"es\"},{\"@type\":\"ImageObject\",\"@id\":\"http:\/\/www.colocolofs.es\/web\/alfonso-rodriguez-ya-pensamos-en-la-siguiente-fase-y-en-crecer-como-equipo-para-seguir-en-segunda-division\/#primaryimage\",\"inLanguage\":\"es\",\"url\":\"https:\/\/www.colocolofs.es\/web\/wp-content\/uploads\/2021\/02\/50966328243_ab7d1ab8e7_k.jpg\",\"width\":2048,\"height\":1365,\"caption\":\"Foto: Andrea Royo L\\u00f3pez\"},{\"@type\":\"WebPage\",\"@id\":\"http:\/\/www.colocolofs.es\/web\/alfonso-rodriguez-ya-pensamos-en-la-siguiente-fase-y-en-crecer-como-equipo-para-seguir-en-segunda-division\/#webpage\",\"url\":\"http:\/\/www.colocolofs.es\/web\/alfonso-rodriguez-ya-pensamos-en-la-siguiente-fase-y-en-crecer-como-equipo-para-seguir-en-segunda-division\/\",\"name\":\"Alfonso Rodr\\u00edguez: \\u201cYa pensamos en la siguiente fase y en crecer como equipo para seguir en Segunda Divisi\\u00f3n\\u201d - Entrerr\\u00edos Automatizaci\\u00f3n\",\"isPartOf\":{\"@id\":\"https:\/\/www.colocolofs.es\/web\/#website\"},\"primaryImageOfPage\":{\"@id\":\"http:\/\/www.colocolofs.es\/web\/alfonso-rodriguez-ya-pensamos-en-la-siguiente-fase-y-en-crecer-como-equipo-para-seguir-en-segunda-division\/#primaryimage\"},\"datePublished\":\"2021-02-23T11:24:16+00:00\",\"dateModified\":\"2021-02-23T11:24:35+00:00\",\"author\":{\"@id\":\"https:\/\/www.colocolofs.es\/web\/#\/schema\/person\/1be91002ad639bd282f9d860b6eb7584\"},\"inLanguage\":\"es\",\"potentialAction\":[{\"@type\":\"ReadAction\",\"target\":[\"http:\/\/www.colocolofs.es\/web\/alfonso-rodriguez-ya-pensamos-en-la-siguiente-fase-y-en-crecer-como-equipo-para-seguir-en-segunda-division\/\"]}]},{\"@type\":[\"Person\"],\"@id\":\"https:\/\/www.colocolofs.es\/web\/#\/schema\/person\/1be91002ad639bd282f9d860b6eb7584\",\"name\":\"admin\"}]}<\/script>\n<!-- \/ Yoast SEO plugin. -->","_links":{"self":[{"href":"https:\/\/www.colocolofs.es\/web\/wp-json\/wp\/v2\/posts\/13425","targetHints":{"allow":["GET"]}}],"collection":[{"href":"https:\/\/www.colocolofs.es\/web\/wp-json\/wp\/v2\/posts"}],"about":[{"href":"https:\/\/www.colocolofs.es\/web\/wp-json\/wp\/v2\/types\/post"}],"author":[{"embeddable":true,"href":"https:\/\/www.colocolofs.es\/web\/wp-json\/wp\/v2\/users\/1"}],"replies":[{"embeddable":true,"href":"https:\/\/www.colocolofs.es\/web\/wp-json\/wp\/v2\/comments?post=13425"}],"version-history":[{"count":1,"href":"https:\/\/www.colocolofs.es\/web\/wp-json\/wp\/v2\/posts\/13425\/revisions"}],"predecessor-version":[{"id":13427,"href":"https:\/\/www.colocolofs.es\/web\/wp-json\/wp\/v2\/posts\/13425\/revisions\/13427"}],"wp:featuredmedia":[{"embeddable":true,"href":"https:\/\/www.colocolofs.es\/web\/wp-json\/wp\/v2\/media\/13426"}],"wp:attachment":[{"href":"https:\/\/www.colocolofs.es\/web\/wp-json\/wp\/v2\/media?parent=13425"}],"wp:term":[{"taxonomy":"category","embeddable":true,"href":"https:\/\/www.colocolofs.es\/web\/wp-json\/wp\/v2\/categories?post=13425"},{"taxonomy":"post_tag","embeddable":true,"href":"https:\/\/www.colocolofs.es\/web\/wp-json\/wp\/v2\/tags?post=13425"}],"curies":[{"name":"wp","href":"https:\/\/api.w.org\/{rel}","templated":true}]}}