{"id":13572,"date":"2021-03-14T15:14:27","date_gmt":"2021-03-14T15:14:27","guid":{"rendered":"http:\/\/www.colocolofs.es\/web\/?p=13572"},"modified":"2021-03-14T15:14:42","modified_gmt":"2021-03-14T15:14:42","slug":"el-sanantur-colo-colo-pierde-frente-a-coras-futsal","status":"publish","type":"post","link":"https:\/\/www.colocolofs.es\/web\/el-sanantur-colo-colo-pierde-frente-a-coras-futsal\/","title":{"rendered":"El Sanantur Colo Colo pierde frente a Coras Futsal"},"content":{"rendered":"\n<p>La gran racha del Sanantur Colo Colo (seis victorias seguidas) lleg\u00f3 a su fin en el Pabell\u00f3n Alberto Maestro, donde Coras Futsal se llev\u00f3 los tres puntos en un duelo entre equipos de la parte alta de la clasificaci\u00f3n y correspondiente a la 13\u00aa jornada.<\/p>\n\n\n\n<p>Pronto se pusieron las cosas dif\u00edciles para los azulones, que en el minuto seis ya perd\u00edan 2-0. Javi Barcelona recortar\u00eda diferencias y se llegaba al descanso con el 2-1.<\/p>\n\n\n\n<p>La segunda parte fue dominada por el Sanantur Colo Colo que, con un tanto de Carlos Sampedro, empataba. Coras anot\u00f3 el 3-2 y Antonio Albero arriesgaba con el portero-jugador. Una perdida de bal\u00f3n, atacando de cinco, fue aprovechada por los locales que ampliaban su ventaja hasta el 4-2. Lape era el autor del tercer gol en el encuentro del Sanantur Colo Colo a pocos segundos para el final del partido y el marcador ya no se movi\u00f3. <\/p>\n\n\n\n<p>Con 13 jornadas disputadas, la clasificaci\u00f3n es ahora liderada por el Sala Quinto con 32 puntoS, Coras es segundo con 31 y el Sanantur Colo Colo ocupa la tercera plaza con 30. Aunque los azulones han jugado un partido menos que sus respectivos rivales por lo que siguen dependiendo de si mismos para disputar la fase de ascenso a Segunda Divisi\u00f3n &#8216;B&#8217;. <\/p>\n","protected":false},"excerpt":{"rendered":"<p>La gran racha del Sanantur Colo Colo (seis victorias seguidas) lleg\u00f3 a su fin en el Pabell\u00f3n Alberto Maestro, donde Coras Futsal se llev\u00f3 los tres puntos en un duelo entre equipos de la parte alta de la clasificaci\u00f3n y correspondiente a la 13\u00aa jornada. Pronto se pusieron las cosas dif\u00edciles para los azulones, que [&hellip;]<\/p>\n","protected":false},"author":1,"featured_media":12998,"comment_status":"closed","ping_status":"closed","sticky":false,"template":"","format":"standard","meta":{"footnotes":""},"categories":[6],"tags":[],"class_list":["post-13572","post","type-post","status-publish","format-standard","has-post-thumbnail","hentry","category-categorias-base"],"jetpack_featured_media_url":"https:\/\/www.colocolofs.es\/web\/wp-content\/uploads\/2020\/12\/50658528792_36d539a065_c.jpg","yoast_head":"<!-- This site is optimized with the Yoast SEO plugin v14.4.1 - https:\/\/yoast.com\/wordpress\/plugins\/seo\/ -->\n<title>El Sanantur Colo Colo pierde frente a Coras Futsal - Entrerr\u00edos Automatizaci\u00f3n<\/title>\n<meta name=\"robots\" content=\"index, follow\" \/>\n<meta name=\"googlebot\" content=\"index, follow, max-snippet:-1, max-image-preview:large, max-video-preview:-1\" \/>\n<meta name=\"bingbot\" content=\"index, follow, max-snippet:-1, max-image-preview:large, max-video-preview:-1\" \/>\n<link rel=\"canonical\" href=\"http:\/\/www.colocolofs.es\/web\/el-sanantur-colo-colo-pierde-frente-a-coras-futsal\/\" \/>\n<meta property=\"og:locale\" content=\"es_ES\" \/>\n<meta property=\"og:type\" content=\"article\" \/>\n<meta property=\"og:title\" content=\"El Sanantur Colo Colo pierde frente a Coras Futsal - Entrerr\u00edos Automatizaci\u00f3n\" \/>\n<meta property=\"og:description\" content=\"La gran racha del Sanantur Colo Colo (seis victorias seguidas) lleg\u00f3 a su fin en el Pabell\u00f3n Alberto Maestro, donde Coras Futsal se llev\u00f3 los tres puntos en un duelo entre equipos de la parte alta de la clasificaci\u00f3n y correspondiente a la 13\u00aa jornada. Pronto se pusieron las cosas dif\u00edciles para los azulones, que [&hellip;]\" \/>\n<meta property=\"og:url\" content=\"http:\/\/www.colocolofs.es\/web\/el-sanantur-colo-colo-pierde-frente-a-coras-futsal\/\" \/>\n<meta property=\"og:site_name\" content=\"Entrerr\u00edos Automatizaci\u00f3n\" \/>\n<meta property=\"article:published_time\" content=\"2021-03-14T15:14:27+00:00\" \/>\n<meta property=\"article:modified_time\" content=\"2021-03-14T15:14:42+00:00\" \/>\n<meta property=\"og:image\" content=\"https:\/\/www.colocolofs.es\/web\/wp-content\/uploads\/2020\/12\/50658528792_36d539a065_c.jpg\" \/>\n\t<meta property=\"og:image:width\" content=\"799\" \/>\n\t<meta property=\"og:image:height\" content=\"533\" \/>\n<meta name=\"twitter:card\" content=\"summary_large_image\" \/>\n<script type=\"application\/ld+json\" class=\"yoast-schema-graph\">{\"@context\":\"https:\/\/schema.org\",\"@graph\":[{\"@type\":\"WebSite\",\"@id\":\"https:\/\/www.colocolofs.es\/web\/#website\",\"url\":\"https:\/\/www.colocolofs.es\/web\/\",\"name\":\"Entrerr\\u00edos Automatizaci\\u00f3n\",\"description\":\"Web oficial\",\"potentialAction\":[{\"@type\":\"SearchAction\",\"target\":\"https:\/\/www.colocolofs.es\/web\/?s={search_term_string}\",\"query-input\":\"required name=search_term_string\"}],\"inLanguage\":\"es\"},{\"@type\":\"ImageObject\",\"@id\":\"http:\/\/www.colocolofs.es\/web\/el-sanantur-colo-colo-pierde-frente-a-coras-futsal\/#primaryimage\",\"inLanguage\":\"es\",\"url\":\"https:\/\/www.colocolofs.es\/web\/wp-content\/uploads\/2020\/12\/50658528792_36d539a065_c.jpg\",\"width\":799,\"height\":533,\"caption\":\"Foto: Andrea Royo L\\u00f3pez\"},{\"@type\":\"WebPage\",\"@id\":\"http:\/\/www.colocolofs.es\/web\/el-sanantur-colo-colo-pierde-frente-a-coras-futsal\/#webpage\",\"url\":\"http:\/\/www.colocolofs.es\/web\/el-sanantur-colo-colo-pierde-frente-a-coras-futsal\/\",\"name\":\"El Sanantur Colo Colo pierde frente a Coras Futsal - Entrerr\\u00edos Automatizaci\\u00f3n\",\"isPartOf\":{\"@id\":\"https:\/\/www.colocolofs.es\/web\/#website\"},\"primaryImageOfPage\":{\"@id\":\"http:\/\/www.colocolofs.es\/web\/el-sanantur-colo-colo-pierde-frente-a-coras-futsal\/#primaryimage\"},\"datePublished\":\"2021-03-14T15:14:27+00:00\",\"dateModified\":\"2021-03-14T15:14:42+00:00\",\"author\":{\"@id\":\"https:\/\/www.colocolofs.es\/web\/#\/schema\/person\/1be91002ad639bd282f9d860b6eb7584\"},\"inLanguage\":\"es\",\"potentialAction\":[{\"@type\":\"ReadAction\",\"target\":[\"http:\/\/www.colocolofs.es\/web\/el-sanantur-colo-colo-pierde-frente-a-coras-futsal\/\"]}]},{\"@type\":[\"Person\"],\"@id\":\"https:\/\/www.colocolofs.es\/web\/#\/schema\/person\/1be91002ad639bd282f9d860b6eb7584\",\"name\":\"admin\"}]}<\/script>\n<!-- \/ Yoast SEO plugin. -->","_links":{"self":[{"href":"https:\/\/www.colocolofs.es\/web\/wp-json\/wp\/v2\/posts\/13572","targetHints":{"allow":["GET"]}}],"collection":[{"href":"https:\/\/www.colocolofs.es\/web\/wp-json\/wp\/v2\/posts"}],"about":[{"href":"https:\/\/www.colocolofs.es\/web\/wp-json\/wp\/v2\/types\/post"}],"author":[{"embeddable":true,"href":"https:\/\/www.colocolofs.es\/web\/wp-json\/wp\/v2\/users\/1"}],"replies":[{"embeddable":true,"href":"https:\/\/www.colocolofs.es\/web\/wp-json\/wp\/v2\/comments?post=13572"}],"version-history":[{"count":1,"href":"https:\/\/www.colocolofs.es\/web\/wp-json\/wp\/v2\/posts\/13572\/revisions"}],"predecessor-version":[{"id":13573,"href":"https:\/\/www.colocolofs.es\/web\/wp-json\/wp\/v2\/posts\/13572\/revisions\/13573"}],"wp:featuredmedia":[{"embeddable":true,"href":"https:\/\/www.colocolofs.es\/web\/wp-json\/wp\/v2\/media\/12998"}],"wp:attachment":[{"href":"https:\/\/www.colocolofs.es\/web\/wp-json\/wp\/v2\/media?parent=13572"}],"wp:term":[{"taxonomy":"category","embeddable":true,"href":"https:\/\/www.colocolofs.es\/web\/wp-json\/wp\/v2\/categories?post=13572"},{"taxonomy":"post_tag","embeddable":true,"href":"https:\/\/www.colocolofs.es\/web\/wp-json\/wp\/v2\/tags?post=13572"}],"curies":[{"name":"wp","href":"https:\/\/api.w.org\/{rel}","templated":true}]}}