{"id":13574,"date":"2021-03-14T15:35:05","date_gmt":"2021-03-14T15:35:05","guid":{"rendered":"http:\/\/www.colocolofs.es\/web\/?p=13574"},"modified":"2021-03-14T22:02:23","modified_gmt":"2021-03-14T22:02:23","slug":"conociendo-a-nano-modrego-2","status":"publish","type":"post","link":"https:\/\/www.colocolofs.es\/web\/conociendo-a-nano-modrego-2\/","title":{"rendered":"Conociendo a Nano Modrego"},"content":{"rendered":"\n<p>Desde que inici\u00f3 su trayectoria en 1997 en el Sego Zaragoza hasta su fichaje por el Colo, Nano Modrego ha formado parte del Sala 10 Zaragoza, Benicarl\u00f3 Onda Urbana, G\u00e9stela Guadalajara, Caja Segovia, Ribera Navarra e Inter Movistar. Entre todos esos equipos, Nano ha conseguido marcar m\u00e1s de 400 goles, adem\u00e1s de alzarse con dos t\u00edtulos (Liga y Copa de Espa\u00f1a) con Inter Movistar. Tambi\u00e9n fue internacional absoluto con Espa\u00f1a y es, sin duda, uno de los mejores jugadores de la historia del f\u00fatbol sala aragon\u00e9s.&nbsp;<\/p>\n\n\n\n<p><strong>PERSONAL:<\/strong><\/p>\n\n\n\n<ul class=\"wp-block-list\"><li>\u00bfC\u00f3mo eres fuera de la pista?\u00a0Una persona normal, que disfruta con su familia y amigos del tiempo que tiene.<\/li><li>\u00bfCu\u00e1l es tu comida favorita?\u00a0El pisto de mi madre.<\/li><li>\u00bfUna serie o pel\u00edcula favorita?\u00a0\u00a0Serie: Como defender a un asesino. Pel\u00edcula: El Gran Showman.<\/li><li>\u00bfQu\u00e9 canci\u00f3n te motiva antes de los partidos?\u00a0Como si fueras a morir ma\u00f1ana de Leiva. Su letra me identifica mucho. Para m\u00ed, cada partido ya es como si fuera el \u00faltimo.<\/li><li>\u00bfQu\u00e9 pa\u00eds te gustar\u00eda visitar?\u00a0Estados Unidos.<\/li><li>Si tuvieras que elegir un deporte que no fuera el f\u00fatbol sala, \u00bfCu\u00e1l ser\u00eda?\u00a0\u00a0El p\u00e1del.<\/li><li>Un viaje que hayas hecho y que repetir\u00edas.\u00a0A M\u00e9xico con mi mujer.<\/li><li>\u00bfQu\u00e9 haces en tu tiempo libre?\u00a0Disfrutar de mi familia.<\/li><li>\u00bfQu\u00e9 preferir\u00edas? \u00bfViajar al pasado o saber qu\u00e9 ocurrir\u00e1 en el futuro? Viajar al pasado, sin duda.<\/li><li>\u00bfQu\u00e9 preferir\u00edas? \u00bfSer invisible o poder leer la mente de las personas?\u00a0Poder leer la mente de las personas. Muchos nos sorprender\u00edan.<\/li><li>\u00bfQu\u00e9 preferir\u00edas? \u00bfLlegar siempre una hora antes, o una hora m\u00e1s tarde?\u00a0Llegar una hora antes.<\/li><li>\u00bfQu\u00e9 elegir\u00edas? \u00bfVivir sin sol o sin poder jugar a f\u00fatbol sala?\u00a0Solo si yo viviera sin sol elegir\u00eda esa opci\u00f3n. Es algo fundamental para la vida.<\/li><li>\u00bfPlaya o monta\u00f1a? Playa.<\/li><li>\u00bfTienes alguna fobia? S\u00ed, a los puentes.<\/li><li>\u00bfA qu\u00e9 te dedicas?\u00a0Soy profesor en el Colegio Calasancio de Zaragoza.<\/li><li>Def\u00ednete en tres palabras:\u00a0Alegre, optimista y transparente.<\/li><\/ul>\n\n\n\n<p><strong>F\u00daTBOL SALA:<\/strong><\/p>\n\n\n\n<ul class=\"wp-block-list\"><li>\u00bfCu\u00e1les fueron tus inicios en el f\u00fatbol sala?\u00a0Con cinco a\u00f1os empez\u00f3 a jugar con mis amigos en el colegio hasta que, con 15, fich\u00e9 por el Sego Zaragoza. A partir de ah\u00ed todo se aceler\u00f3 mucho, desde debutar en Primera Divisi\u00f3n siendo cadete con 15 a\u00f1os hasta ahora con 40 que sigo dando mal por las pistas de Espa\u00f1a.<\/li><li>Partido de tu debut en la Liga Nacional de F\u00fatbol Sala:\u00a0Fue con el Sego Zaragoza contra el FC Barcelona en el Pabell\u00f3n Pr\u00edncipe Felipe. Ten\u00eda 15 a\u00f1os.<\/li><li>Primer gol en la LNFS:\u00a0Lo marqu\u00e9 al Dulma Astorga siendo jugador del Foticos Zaragoza. Creo recordar que era la temporada 1998\/1999\u2026<\/li><li>Mejor recuerdo que tengas de tu trayectoria:\u00a0Gracias a Dios tengo much\u00edsimo, pero si tengo que quedarme con uno elijo cuando gan\u00e9 la Liga con Inter Movistar.<\/li><li>\u00bfY el peor recuerdo?\u00a0El descenso a Segunda Divisi\u00f3n con el Foticos Zaragoza en aquel \u2018Play-Off\u2019 ante Xota.<\/li><li>\u00bfCu\u00e1l ser\u00eda tu quinteto ideal de compa\u00f1eros con los que hayas compartido vestuario?\u00a0Juan Molina, Caio Alves, Ricardinho, Andreu Linares y Bateria.<\/li><li>\u00bfQu\u00e9 partido te gustar\u00eda volver a jugar? La semifinal de la Copa de Espa\u00f1a con R\u00edos Renovables Zaragoza frente a Ja\u00e9n\u2026y en el portero-jugador defender\u00eda solo a Chino.<\/li><li>\u00bfCu\u00e1l es el mejor pabell\u00f3n en el que has jugado? El Pabell\u00f3n Pr\u00edncipe Felipe de Zaragoza.<\/li><li>Si pudieras tener en tu equipo a uno de estos dos jugadores, \u00bfA cu\u00e1l eliges? \u00bfChino (Valdepe\u00f1as) o Adri (O Parrulo)?\u00a0 A Chino, sin duda.<\/li><li>Un sue\u00f1o que hayas cumplido: Soy muy afortunado ya que he tenido la suerte de cumplir todos los sue\u00f1os que ten\u00eda. Vestir la camiseta de la Selecci\u00f3n Espa\u00f1ola, ganar una Liga y una Copa de Espa\u00f1a.<\/li><li>Un sue\u00f1o que te quede por cumplir:\u00a0Jugar un \u2018Play-Off\u2019 de ascenso con el Colo.<\/li><li>\u00bfCu\u00e1l es tu jugador referente?\u00a0Santi Herrero y Chavi Ladaga han sido las personas que m\u00e1s me han marcado durante mi carrera en todos los aspectos.<\/li><li>Una an\u00e9cdota que te haya pasado en un partido:\u00a0Hace poco, un aficionado me record\u00f3 por Instagram que hace muchos a\u00f1os en el Palacio de los Deportes de Murcia se le cayeron 5\u20ac a la pista, se los di y nos dimos la mano\u2026Yo no lo recordaba.<\/li><li>\u00bfQu\u00e9 significa el Colo para ti?\u00a0 Much\u00edsimo. Forma parte de mi familia. Mi abuelo fue uno de los fundadores y pioneros del Club, y mi padre jug\u00f3 durante muchos a\u00f1os. Para mi supone much\u00edsimo m\u00e1s de lo que la gente pueda imaginar.<\/li><\/ul>\n\n\n\n<p><strong>EN EL VESTUARIO:<\/strong><\/p>\n\n\n\n<ul class=\"wp-block-list\"><li>\u00bfQui\u00e9n es el m\u00e1s presumido?&nbsp;Hay una dura pugna entre Carlos Garc\u00eda y Diego Pardo.<\/li><li>\u00bfQui\u00e9n es el m\u00e1s puntual? Guille.<\/li><li>\u00bfQui\u00e9n es el m\u00e1s bromista? Pasam\u00f3n. Es muy pesado\u2026<\/li><li>\u00bfQui\u00e9n es el que llega m\u00e1s tarde?&nbsp;Alfonso, sin duda.<\/li><li>\u00bfQui\u00e9n es el m\u00e1s t\u00edmido?&nbsp;Otra dura pugna, entre Aitor y Zucho.<\/li><li>\u00bfQui\u00e9n es el m\u00e1s dormil\u00f3n en los viajes? Yo.<\/li><\/ul>\n\n\n\n<div class=\"wp-block-image\"><figure class=\"aligncenter is-resized\"><img loading=\"lazy\" decoding=\"async\" src=\"https:\/\/www.colocolofs.es\/web\/wp-content\/uploads\/2021\/03\/Full-Energ\u00eda.png\" alt=\"\" class=\"wp-image-13568\" width=\"470\" height=\"119\" srcset=\"https:\/\/www.colocolofs.es\/web\/wp-content\/uploads\/2021\/03\/Full-Energ\u00eda.png 535w, https:\/\/www.colocolofs.es\/web\/wp-content\/uploads\/2021\/03\/Full-Energ\u00eda-300x76.png 300w\" sizes=\"auto, (max-width: 470px) 100vw, 470px\" \/><figcaption>Contenido patrocinado por Full Energ\u00eda. Ahorra en tu factura de luz y gas con Full Energ\u00eda. Solicita informaci\u00f3n sin compromiso en el 623 349 380 (WhatsApp) o mandando un correo a comunicacion@fullenergia.es<\/figcaption><\/figure><\/div>\n","protected":false},"excerpt":{"rendered":"<p>Desde que inici\u00f3 su trayectoria en 1997 en el Sego Zaragoza hasta su fichaje por el Colo, Nano Modrego ha formado parte del Sala 10 Zaragoza, Benicarl\u00f3 Onda Urbana, G\u00e9stela Guadalajara, Caja Segovia, Ribera Navarra e Inter Movistar. Entre todos esos equipos, Nano ha conseguido marcar m\u00e1s de 400 goles, adem\u00e1s de alzarse con dos [&hellip;]<\/p>\n","protected":false},"author":1,"featured_media":13567,"comment_status":"closed","ping_status":"closed","sticky":false,"template":"","format":"standard","meta":{"footnotes":""},"categories":[5],"tags":[],"class_list":["post-13574","post","type-post","status-publish","format-standard","has-post-thumbnail","hentry","category-primer-equipo"],"jetpack_featured_media_url":"https:\/\/www.colocolofs.es\/web\/wp-content\/uploads\/2021\/03\/nano.jpg","yoast_head":"<!-- This site is optimized with the Yoast SEO plugin v14.4.1 - https:\/\/yoast.com\/wordpress\/plugins\/seo\/ -->\n<title>Conociendo a Nano Modrego - Entrerr\u00edos Automatizaci\u00f3n<\/title>\n<meta name=\"robots\" content=\"index, follow\" \/>\n<meta name=\"googlebot\" content=\"index, follow, max-snippet:-1, max-image-preview:large, max-video-preview:-1\" \/>\n<meta name=\"bingbot\" content=\"index, follow, max-snippet:-1, max-image-preview:large, max-video-preview:-1\" \/>\n<link rel=\"canonical\" href=\"http:\/\/www.colocolofs.es\/web\/conociendo-a-nano-modrego-2\/\" \/>\n<meta property=\"og:locale\" content=\"es_ES\" \/>\n<meta property=\"og:type\" content=\"article\" \/>\n<meta property=\"og:title\" content=\"Conociendo a Nano Modrego - Entrerr\u00edos Automatizaci\u00f3n\" \/>\n<meta property=\"og:description\" content=\"Desde que inici\u00f3 su trayectoria en 1997 en el Sego Zaragoza hasta su fichaje por el Colo, Nano Modrego ha formado parte del Sala 10 Zaragoza, Benicarl\u00f3 Onda Urbana, G\u00e9stela Guadalajara, Caja Segovia, Ribera Navarra e Inter Movistar. Entre todos esos equipos, Nano ha conseguido marcar m\u00e1s de 400 goles, adem\u00e1s de alzarse con dos [&hellip;]\" \/>\n<meta property=\"og:url\" content=\"http:\/\/www.colocolofs.es\/web\/conociendo-a-nano-modrego-2\/\" \/>\n<meta property=\"og:site_name\" content=\"Entrerr\u00edos Automatizaci\u00f3n\" \/>\n<meta property=\"article:published_time\" content=\"2021-03-14T15:35:05+00:00\" \/>\n<meta property=\"article:modified_time\" content=\"2021-03-14T22:02:23+00:00\" \/>\n<meta property=\"og:image\" content=\"https:\/\/www.colocolofs.es\/web\/wp-content\/uploads\/2021\/03\/nano.jpg\" \/>\n\t<meta property=\"og:image:width\" content=\"2046\" \/>\n\t<meta property=\"og:image:height\" content=\"1198\" \/>\n<meta name=\"twitter:card\" content=\"summary_large_image\" \/>\n<script type=\"application\/ld+json\" class=\"yoast-schema-graph\">{\"@context\":\"https:\/\/schema.org\",\"@graph\":[{\"@type\":\"WebSite\",\"@id\":\"https:\/\/www.colocolofs.es\/web\/#website\",\"url\":\"https:\/\/www.colocolofs.es\/web\/\",\"name\":\"Entrerr\\u00edos Automatizaci\\u00f3n\",\"description\":\"Web oficial\",\"potentialAction\":[{\"@type\":\"SearchAction\",\"target\":\"https:\/\/www.colocolofs.es\/web\/?s={search_term_string}\",\"query-input\":\"required name=search_term_string\"}],\"inLanguage\":\"es\"},{\"@type\":\"ImageObject\",\"@id\":\"http:\/\/www.colocolofs.es\/web\/conociendo-a-nano-modrego-2\/#primaryimage\",\"inLanguage\":\"es\",\"url\":\"https:\/\/www.colocolofs.es\/web\/wp-content\/uploads\/2021\/03\/nano.jpg\",\"width\":2046,\"height\":1198,\"caption\":\"Foto: Andrea Royo L\\u00f3pez\"},{\"@type\":\"WebPage\",\"@id\":\"http:\/\/www.colocolofs.es\/web\/conociendo-a-nano-modrego-2\/#webpage\",\"url\":\"http:\/\/www.colocolofs.es\/web\/conociendo-a-nano-modrego-2\/\",\"name\":\"Conociendo a Nano Modrego - Entrerr\\u00edos Automatizaci\\u00f3n\",\"isPartOf\":{\"@id\":\"https:\/\/www.colocolofs.es\/web\/#website\"},\"primaryImageOfPage\":{\"@id\":\"http:\/\/www.colocolofs.es\/web\/conociendo-a-nano-modrego-2\/#primaryimage\"},\"datePublished\":\"2021-03-14T15:35:05+00:00\",\"dateModified\":\"2021-03-14T22:02:23+00:00\",\"author\":{\"@id\":\"https:\/\/www.colocolofs.es\/web\/#\/schema\/person\/1be91002ad639bd282f9d860b6eb7584\"},\"inLanguage\":\"es\",\"potentialAction\":[{\"@type\":\"ReadAction\",\"target\":[\"http:\/\/www.colocolofs.es\/web\/conociendo-a-nano-modrego-2\/\"]}]},{\"@type\":[\"Person\"],\"@id\":\"https:\/\/www.colocolofs.es\/web\/#\/schema\/person\/1be91002ad639bd282f9d860b6eb7584\",\"name\":\"admin\"}]}<\/script>\n<!-- \/ Yoast SEO plugin. -->","_links":{"self":[{"href":"https:\/\/www.colocolofs.es\/web\/wp-json\/wp\/v2\/posts\/13574","targetHints":{"allow":["GET"]}}],"collection":[{"href":"https:\/\/www.colocolofs.es\/web\/wp-json\/wp\/v2\/posts"}],"about":[{"href":"https:\/\/www.colocolofs.es\/web\/wp-json\/wp\/v2\/types\/post"}],"author":[{"embeddable":true,"href":"https:\/\/www.colocolofs.es\/web\/wp-json\/wp\/v2\/users\/1"}],"replies":[{"embeddable":true,"href":"https:\/\/www.colocolofs.es\/web\/wp-json\/wp\/v2\/comments?post=13574"}],"version-history":[{"count":5,"href":"https:\/\/www.colocolofs.es\/web\/wp-json\/wp\/v2\/posts\/13574\/revisions"}],"predecessor-version":[{"id":13580,"href":"https:\/\/www.colocolofs.es\/web\/wp-json\/wp\/v2\/posts\/13574\/revisions\/13580"}],"wp:featuredmedia":[{"embeddable":true,"href":"https:\/\/www.colocolofs.es\/web\/wp-json\/wp\/v2\/media\/13567"}],"wp:attachment":[{"href":"https:\/\/www.colocolofs.es\/web\/wp-json\/wp\/v2\/media?parent=13574"}],"wp:term":[{"taxonomy":"category","embeddable":true,"href":"https:\/\/www.colocolofs.es\/web\/wp-json\/wp\/v2\/categories?post=13574"},{"taxonomy":"post_tag","embeddable":true,"href":"https:\/\/www.colocolofs.es\/web\/wp-json\/wp\/v2\/tags?post=13574"}],"curies":[{"name":"wp","href":"https:\/\/api.w.org\/{rel}","templated":true}]}}