{"id":13668,"date":"2021-03-26T12:02:07","date_gmt":"2021-03-26T12:02:07","guid":{"rendered":"http:\/\/www.colocolofs.es\/web\/?p=13668"},"modified":"2021-03-26T12:02:19","modified_gmt":"2021-03-26T12:02:19","slug":"soraya-abadia-somos-un-equipo-con-mucho-potencial-creo-que-vamos-por-el-buen-camino","status":"publish","type":"post","link":"https:\/\/www.colocolofs.es\/web\/soraya-abadia-somos-un-equipo-con-mucho-potencial-creo-que-vamos-por-el-buen-camino\/","title":{"rendered":"Soraya Abad\u00eda: \u201cSomos un equipo con mucho potencial. Creo que vamos por el buen camino\u201d"},"content":{"rendered":"\n<p>El Colo-San Mateo encadena dos derrotas seguidas pero las jugadoras siguen con la moral alta: \u201cEn el ambiente actual del equipo coexisten diferentes sentimientos. Por un lado est\u00e1 la frustraci\u00f3n, ya que el esfuerzo y el trabajo duro de los entrenamientos no se ve recompensando en los partidos, y eso al final desgasta\u2026Pero seguimos con mucha ilusi\u00f3n, ganas de hacerlo bien y estamos con mucha fuerza para demostrar que sabemos jugar al f\u00fatbol sala y, adem\u00e1s, se nos da muy bien\u201d, explica Soraya.<\/p>\n\n\n\n<p>La jugadora del Colo-San Mateo est\u00e1 convencida de que los resultados positivos llegar\u00e1n, ya que ve calidad suficiente en la plantilla para competir ante cualquier rival: \u201cBajo mi punto de vista, somos un equipo con mucho potencial. Hay calidad y actitud. Seguimos conoci\u00e9ndonos y empezando a entender nuestros puntos fuertes y tambi\u00e9n los d\u00e9biles. Creo que vamos por el buen camino\u201d.&nbsp;<\/p>\n\n\n\n<p>Soraya espera que esta temporada sirva \u201cpara crear una gran pi\u00f1a. Si vamos todas a una en la pista se notar\u00e1, aunque debido a la situaci\u00f3n que estamos viviendo cueste un poco m\u00e1s\u201d. Y en lo personal, sabe que a\u00fan puede dar m\u00e1s: \u201cTengo que \u2018despegar\u2019 en los partidos. Estoy a un buen nivel pero soy capaz de hacerlo mejor. Los nervios me pueden y espero terminar dando lo mejor de mi\u201d.<\/p>\n\n\n\n<p><strong>Jornada 5: Ayerbe Unizar Futsal Oscense \u2013 Colo-San Mateo<\/strong><\/p>\n\n\n\n<p>En la quinta jornada de Liga, el Colo-San Mateo juega en el Pabell\u00f3n Universitario Campus de Huesca frente al Ayerbe Unizar Futsal Oscense (S\u00e1bado 27 de marzo a las 18:30 horas). Las azulonas llevan tres partidos seguidos sin ganar (un empate y dos derrotas) e intentar\u00e1n conseguir un resultado positivo frente a uno de los mejores equipos de la categor\u00eda. El Ayerbe Unizar Futsal Oscense era l\u00edder la temporada pasada cuando se suspendi\u00f3 la competici\u00f3n por la pandemia, y en la presente campa\u00f1a se ha impuesto al Sala 10 Zaragoza (0-1) y perdi\u00f3 por la m\u00ednima ante el Sala Zaragoza (3-4). Sergio Molina recupera para este duelo a Andrea Redrado y Lena Gil -que no estuvieron frente al Alag\u00f3n- pero seguir\u00e1 teniendo las bajas de Coti y Claudia, ambas lesionadas.&nbsp;<\/p>\n","protected":false},"excerpt":{"rendered":"<p>El Colo-San Mateo encadena dos derrotas seguidas pero las jugadoras siguen con la moral alta: \u201cEn el ambiente actual del equipo coexisten diferentes sentimientos. Por un lado est\u00e1 la frustraci\u00f3n, ya que el esfuerzo y el trabajo duro de los entrenamientos no se ve recompensando en los partidos, y eso al final desgasta\u2026Pero seguimos con [&hellip;]<\/p>\n","protected":false},"author":1,"featured_media":13661,"comment_status":"closed","ping_status":"closed","sticky":false,"template":"","format":"standard","meta":{"footnotes":""},"categories":[8],"tags":[],"class_list":["post-13668","post","type-post","status-publish","format-standard","has-post-thumbnail","hentry","category-colo-colo-femenino"],"jetpack_featured_media_url":"https:\/\/www.colocolofs.es\/web\/wp-content\/uploads\/2021\/03\/WhatsApp-Image-2021-03-23-at-23.02.39.jpeg","yoast_head":"<!-- This site is optimized with the Yoast SEO plugin v14.4.1 - https:\/\/yoast.com\/wordpress\/plugins\/seo\/ -->\n<title>Soraya Abad\u00eda: \u201cSomos un equipo con mucho potencial. Creo que vamos por el buen camino\u201d - Entrerr\u00edos Automatizaci\u00f3n<\/title>\n<meta name=\"robots\" content=\"index, follow\" \/>\n<meta name=\"googlebot\" content=\"index, follow, max-snippet:-1, max-image-preview:large, max-video-preview:-1\" \/>\n<meta name=\"bingbot\" content=\"index, follow, max-snippet:-1, max-image-preview:large, max-video-preview:-1\" \/>\n<link rel=\"canonical\" href=\"http:\/\/www.colocolofs.es\/web\/soraya-abadia-somos-un-equipo-con-mucho-potencial-creo-que-vamos-por-el-buen-camino\/\" \/>\n<meta property=\"og:locale\" content=\"es_ES\" \/>\n<meta property=\"og:type\" content=\"article\" \/>\n<meta property=\"og:title\" content=\"Soraya Abad\u00eda: \u201cSomos un equipo con mucho potencial. Creo que vamos por el buen camino\u201d - Entrerr\u00edos Automatizaci\u00f3n\" \/>\n<meta property=\"og:description\" content=\"El Colo-San Mateo encadena dos derrotas seguidas pero las jugadoras siguen con la moral alta: \u201cEn el ambiente actual del equipo coexisten diferentes sentimientos. Por un lado est\u00e1 la frustraci\u00f3n, ya que el esfuerzo y el trabajo duro de los entrenamientos no se ve recompensando en los partidos, y eso al final desgasta\u2026Pero seguimos con [&hellip;]\" \/>\n<meta property=\"og:url\" content=\"http:\/\/www.colocolofs.es\/web\/soraya-abadia-somos-un-equipo-con-mucho-potencial-creo-que-vamos-por-el-buen-camino\/\" \/>\n<meta property=\"og:site_name\" content=\"Entrerr\u00edos Automatizaci\u00f3n\" \/>\n<meta property=\"article:published_time\" content=\"2021-03-26T12:02:07+00:00\" \/>\n<meta property=\"article:modified_time\" content=\"2021-03-26T12:02:19+00:00\" \/>\n<meta property=\"og:image\" content=\"https:\/\/www.colocolofs.es\/web\/wp-content\/uploads\/2021\/03\/WhatsApp-Image-2021-03-23-at-23.02.39.jpeg\" \/>\n\t<meta property=\"og:image:width\" content=\"1600\" \/>\n\t<meta property=\"og:image:height\" content=\"1004\" \/>\n<meta name=\"twitter:card\" content=\"summary_large_image\" \/>\n<script type=\"application\/ld+json\" class=\"yoast-schema-graph\">{\"@context\":\"https:\/\/schema.org\",\"@graph\":[{\"@type\":\"WebSite\",\"@id\":\"https:\/\/www.colocolofs.es\/web\/#website\",\"url\":\"https:\/\/www.colocolofs.es\/web\/\",\"name\":\"Entrerr\\u00edos Automatizaci\\u00f3n\",\"description\":\"Web oficial\",\"potentialAction\":[{\"@type\":\"SearchAction\",\"target\":\"https:\/\/www.colocolofs.es\/web\/?s={search_term_string}\",\"query-input\":\"required name=search_term_string\"}],\"inLanguage\":\"es\"},{\"@type\":\"ImageObject\",\"@id\":\"http:\/\/www.colocolofs.es\/web\/soraya-abadia-somos-un-equipo-con-mucho-potencial-creo-que-vamos-por-el-buen-camino\/#primaryimage\",\"inLanguage\":\"es\",\"url\":\"https:\/\/www.colocolofs.es\/web\/wp-content\/uploads\/2021\/03\/WhatsApp-Image-2021-03-23-at-23.02.39.jpeg\",\"width\":1600,\"height\":1004,\"caption\":\"Foto: Andrea Royo L\\u00f3pez\"},{\"@type\":\"WebPage\",\"@id\":\"http:\/\/www.colocolofs.es\/web\/soraya-abadia-somos-un-equipo-con-mucho-potencial-creo-que-vamos-por-el-buen-camino\/#webpage\",\"url\":\"http:\/\/www.colocolofs.es\/web\/soraya-abadia-somos-un-equipo-con-mucho-potencial-creo-que-vamos-por-el-buen-camino\/\",\"name\":\"Soraya Abad\\u00eda: \\u201cSomos un equipo con mucho potencial. Creo que vamos por el buen camino\\u201d - Entrerr\\u00edos Automatizaci\\u00f3n\",\"isPartOf\":{\"@id\":\"https:\/\/www.colocolofs.es\/web\/#website\"},\"primaryImageOfPage\":{\"@id\":\"http:\/\/www.colocolofs.es\/web\/soraya-abadia-somos-un-equipo-con-mucho-potencial-creo-que-vamos-por-el-buen-camino\/#primaryimage\"},\"datePublished\":\"2021-03-26T12:02:07+00:00\",\"dateModified\":\"2021-03-26T12:02:19+00:00\",\"author\":{\"@id\":\"https:\/\/www.colocolofs.es\/web\/#\/schema\/person\/1be91002ad639bd282f9d860b6eb7584\"},\"inLanguage\":\"es\",\"potentialAction\":[{\"@type\":\"ReadAction\",\"target\":[\"http:\/\/www.colocolofs.es\/web\/soraya-abadia-somos-un-equipo-con-mucho-potencial-creo-que-vamos-por-el-buen-camino\/\"]}]},{\"@type\":[\"Person\"],\"@id\":\"https:\/\/www.colocolofs.es\/web\/#\/schema\/person\/1be91002ad639bd282f9d860b6eb7584\",\"name\":\"admin\"}]}<\/script>\n<!-- \/ Yoast SEO plugin. -->","_links":{"self":[{"href":"https:\/\/www.colocolofs.es\/web\/wp-json\/wp\/v2\/posts\/13668","targetHints":{"allow":["GET"]}}],"collection":[{"href":"https:\/\/www.colocolofs.es\/web\/wp-json\/wp\/v2\/posts"}],"about":[{"href":"https:\/\/www.colocolofs.es\/web\/wp-json\/wp\/v2\/types\/post"}],"author":[{"embeddable":true,"href":"https:\/\/www.colocolofs.es\/web\/wp-json\/wp\/v2\/users\/1"}],"replies":[{"embeddable":true,"href":"https:\/\/www.colocolofs.es\/web\/wp-json\/wp\/v2\/comments?post=13668"}],"version-history":[{"count":1,"href":"https:\/\/www.colocolofs.es\/web\/wp-json\/wp\/v2\/posts\/13668\/revisions"}],"predecessor-version":[{"id":13669,"href":"https:\/\/www.colocolofs.es\/web\/wp-json\/wp\/v2\/posts\/13668\/revisions\/13669"}],"wp:featuredmedia":[{"embeddable":true,"href":"https:\/\/www.colocolofs.es\/web\/wp-json\/wp\/v2\/media\/13661"}],"wp:attachment":[{"href":"https:\/\/www.colocolofs.es\/web\/wp-json\/wp\/v2\/media?parent=13668"}],"wp:term":[{"taxonomy":"category","embeddable":true,"href":"https:\/\/www.colocolofs.es\/web\/wp-json\/wp\/v2\/categories?post=13668"},{"taxonomy":"post_tag","embeddable":true,"href":"https:\/\/www.colocolofs.es\/web\/wp-json\/wp\/v2\/tags?post=13668"}],"curies":[{"name":"wp","href":"https:\/\/api.w.org\/{rel}","templated":true}]}}