{"id":13891,"date":"2021-04-25T13:22:51","date_gmt":"2021-04-25T13:22:51","guid":{"rendered":"http:\/\/www.colocolofs.es\/web\/?p=13891"},"modified":"2021-04-25T16:43:03","modified_gmt":"2021-04-25T16:43:03","slug":"conociendo-a-fran-tabuenca","status":"publish","type":"post","link":"https:\/\/www.colocolofs.es\/web\/conociendo-a-fran-tabuenca\/","title":{"rendered":"Conociendo a Fran Tabuenca"},"content":{"rendered":"\n<p>Fran Tabuenca vive su segunda etapa en el Colo. La primera fue desde 2017 hasta 2019, a\u00f1os en los que consigui\u00f3 el ascenso a Segunda Divisi\u00f3n y formar parte del equipo en la categor\u00eda de plata. En la pasada temporada estuvo en el Atl\u00e9tico Arag\u00f3n y, en la presente campa\u00f1a regresaba al equipo azul\u00f3n. <\/p>\n\n\n\n<p><strong>PERSONAL:<\/strong><\/p>\n\n\n\n<ul class=\"wp-block-list\"><li>\u00bfC\u00f3mo eres fuera de la pista?\u00a0Serio, responsable y observador.<\/li><li>\u00bfCu\u00e1l es tu comida favorita?\u00a0Una buena paella.<\/li><li>\u00bfUna serie o pel\u00edcula favorita?\u00a0\u00a0Serie: Suits. Pel\u00edcula: Origen.<\/li><li>\u00bfQu\u00e9 canci\u00f3n te motiva antes de los partidos?\u00a0Ninguna en particular.<\/li><li>\u00bfQu\u00e9 pa\u00eds te gustar\u00eda visitar?\u00a0Tailandia. <\/li><li>Si tuvieras que elegir un deporte que no fuera el f\u00fatbol sala, \u00bfCu\u00e1l ser\u00eda?\u00a0\u00a0Triatl\u00f3n. <\/li><li>Un viaje que hayas hecho y que repetir\u00edas. A Marruecos. <\/li><li>\u00bfQu\u00e9 haces en tu tiempo libre? Quedar con mi pareja y mis amigos.<\/li><li>\u00bfQu\u00e9 preferir\u00edas? \u00bfViajar al pasado o saber qu\u00e9 ocurrir\u00e1 en el futuro?\u00a0Viajar al pasado.<\/li><li>\u00bfQu\u00e9 preferir\u00edas? \u00bfSer invisible o poder leer la mente de las personas?\u00a0Ser invisible.<\/li><li>\u00bfQu\u00e9 preferir\u00edas? \u00bfLlegar siempre una hora antes, o una hora m\u00e1s tarde?\u00a0Llegar una hora antes.<\/li><li>\u00bfQu\u00e9 elegir\u00edas? \u00bfVivir sin sol o sin poder jugar a f\u00fatbol sala? Sin poder jugar a f\u00fatbol sala.<\/li><li>\u00bfPlaya o monta\u00f1a? Playa.<\/li><li>\u00bfTienes alguna fobia? Que yo sepa no.<\/li><li>\u00bfA qu\u00e9 te dedicas? Actualmente estoy estudiando para una oposici\u00f3n.<\/li><li>Def\u00ednete en tres palabras:.  Calmado, emp\u00e1tico y serio. <\/li><\/ul>\n\n\n\n<p><strong>F\u00daTBOL SALA:<\/strong><\/p>\n\n\n\n<ul class=\"wp-block-list\"><li>\u00bfCu\u00e1les fueron tus inicios en el f\u00fatbol sala?\u00a0En el Colegio Hermanos Marx.<\/li><li>Partido de tu debut en la Liga Nacional de F\u00fatbol Sala:\u00a0Contra Noia, en La Granja, en la temporada 2018\/2019.<\/li><li>Mejor recuerdo que tengas de tu trayectoria:\u00a0El ascenso a Segunda Divisi\u00f3n con el Colo.<\/li><li>\u00bfY el peor recuerdo?\u00a0La lesi\u00f3n de rodilla que sufr\u00ed el a\u00f1o pasado.<\/li><li>\u00bfCu\u00e1l ser\u00eda tu quinteto ideal de compa\u00f1eros con los que hayas compartido vestuario?\u00a0Iv\u00e1n Bernad, Jorge Tabuenca, Marcos Latorre, \u00d3scar Villanueva y Juan Muniesa.<\/li><li>\u00bfQu\u00e9 partido te gustar\u00eda volver a jugar?\u00a0El del ascenso a Segunda Divisi\u00f3n ante Manresa en La Granja.<\/li><li>\u00bfCu\u00e1l es el mejor pabell\u00f3n en el que has jugado? El de Vista Alegre (C\u00f3rdoba). <\/li><li>Si pudieras tener en tu equipo a uno de estos dos jugadores, \u00bfA cu\u00e1l eliges? \u00bfChino (Valdepe\u00f1as) o Adri (O Parrulo)?\u00a0A Chino.<\/li><li>Un sue\u00f1o que hayas cumplido:\u00a0Jugar en Segunda Divisi\u00f3n.<\/li><li>Un sue\u00f1o que te quede por cumplir:\u00a0Ver al Colo en Primera Divisi\u00f3n.<\/li><li>\u00bfCu\u00e1l es tu jugador referente?\u00a0Siempre me ha gustado Kike Boned. Hoy en d\u00eda, Jorge Tabuenca.<\/li><li>Una an\u00e9cdota que te haya pasado en un partido:\u00a0Ninguna.<\/li><li>\u00bfQu\u00e9 significa el Colo para ti?\u00a0Un ejemplo de superaci\u00f3n temporada tras temporada. Esperemos que siga as\u00ed muchos m\u00e1s a\u00f1os.<\/li><\/ul>\n\n\n\n<p><strong>EN EL VESTUARIO:<\/strong><\/p>\n\n\n\n<ul class=\"wp-block-list\"><li>\u00bfQui\u00e9n es el m\u00e1s presumido? Diego Pardo.<\/li><li>\u00bfQui\u00e9n es el m\u00e1s puntual?&nbsp;Guille Vela.<\/li><li>\u00bfQui\u00e9n es el m\u00e1s bromista?&nbsp;Pasam\u00f3n.<\/li><li>\u00bfQui\u00e9n es el que llega m\u00e1s tarde?&nbsp;Aitor.<\/li><li>\u00bfQui\u00e9n es el m\u00e1s t\u00edmido?&nbsp;Aitor.<\/li><li>\u00bfQui\u00e9n es el m\u00e1s dormil\u00f3n en los viajes? Diego Pardo.<\/li><\/ul>\n\n\n\n<div class=\"wp-block-image\"><figure class=\"aligncenter size-large\"><img decoding=\"async\" src=\"https:\/\/www.colocolofs.es\/web\/wp-content\/uploads\/2020\/04\/Dentista-Zaragoza-TRa_page-0005.png\" alt=\"\" class=\"wp-image-10244\"\/><figcaption>Contenido patrocinado por Tu Dentista Zaragoza (Avenida Tenor Fleta n\u00ba 24 &#8211; www.tudentistazaragoza.com &#8211; Tel\u00e9fono: 976 250 914). <br>10% de descuento para abonad@s del Colo. <\/figcaption><\/figure><\/div>\n\n\n\n<p><\/p>\n","protected":false},"excerpt":{"rendered":"<p>Fran Tabuenca vive su segunda etapa en el Colo. La primera fue desde 2017 hasta 2019, a\u00f1os en los que consigui\u00f3 el ascenso a Segunda Divisi\u00f3n y formar parte del equipo en la categor\u00eda de plata. En la pasada temporada estuvo en el Atl\u00e9tico Arag\u00f3n y, en la presente campa\u00f1a regresaba al equipo azul\u00f3n. PERSONAL: [&hellip;]<\/p>\n","protected":false},"author":1,"featured_media":13892,"comment_status":"closed","ping_status":"closed","sticky":false,"template":"","format":"standard","meta":{"footnotes":""},"categories":[5],"tags":[],"class_list":["post-13891","post","type-post","status-publish","format-standard","has-post-thumbnail","hentry","category-primer-equipo"],"jetpack_featured_media_url":"https:\/\/www.colocolofs.es\/web\/wp-content\/uploads\/2021\/04\/WhatsApp-Image-2021-04-25-at-13.41.44.jpeg","yoast_head":"<!-- This site is optimized with the Yoast SEO plugin v14.4.1 - https:\/\/yoast.com\/wordpress\/plugins\/seo\/ -->\n<title>Conociendo a Fran Tabuenca - Entrerr\u00edos Automatizaci\u00f3n<\/title>\n<meta name=\"robots\" content=\"index, follow\" \/>\n<meta name=\"googlebot\" content=\"index, follow, max-snippet:-1, max-image-preview:large, max-video-preview:-1\" \/>\n<meta name=\"bingbot\" content=\"index, follow, max-snippet:-1, max-image-preview:large, max-video-preview:-1\" \/>\n<link rel=\"canonical\" href=\"http:\/\/www.colocolofs.es\/web\/conociendo-a-fran-tabuenca\/\" \/>\n<meta property=\"og:locale\" content=\"es_ES\" \/>\n<meta property=\"og:type\" content=\"article\" \/>\n<meta property=\"og:title\" content=\"Conociendo a Fran Tabuenca - Entrerr\u00edos Automatizaci\u00f3n\" \/>\n<meta property=\"og:description\" content=\"Fran Tabuenca vive su segunda etapa en el Colo. La primera fue desde 2017 hasta 2019, a\u00f1os en los que consigui\u00f3 el ascenso a Segunda Divisi\u00f3n y formar parte del equipo en la categor\u00eda de plata. En la pasada temporada estuvo en el Atl\u00e9tico Arag\u00f3n y, en la presente campa\u00f1a regresaba al equipo azul\u00f3n. PERSONAL: [&hellip;]\" \/>\n<meta property=\"og:url\" content=\"http:\/\/www.colocolofs.es\/web\/conociendo-a-fran-tabuenca\/\" \/>\n<meta property=\"og:site_name\" content=\"Entrerr\u00edos Automatizaci\u00f3n\" \/>\n<meta property=\"article:published_time\" content=\"2021-04-25T13:22:51+00:00\" \/>\n<meta property=\"article:modified_time\" content=\"2021-04-25T16:43:03+00:00\" \/>\n<meta property=\"og:image\" content=\"https:\/\/www.colocolofs.es\/web\/wp-content\/uploads\/2021\/04\/WhatsApp-Image-2021-04-25-at-13.41.44.jpeg\" \/>\n\t<meta property=\"og:image:width\" content=\"1577\" \/>\n\t<meta property=\"og:image:height\" content=\"1066\" \/>\n<meta name=\"twitter:card\" content=\"summary_large_image\" \/>\n<script type=\"application\/ld+json\" class=\"yoast-schema-graph\">{\"@context\":\"https:\/\/schema.org\",\"@graph\":[{\"@type\":\"WebSite\",\"@id\":\"https:\/\/www.colocolofs.es\/web\/#website\",\"url\":\"https:\/\/www.colocolofs.es\/web\/\",\"name\":\"Entrerr\\u00edos Automatizaci\\u00f3n\",\"description\":\"Web oficial\",\"potentialAction\":[{\"@type\":\"SearchAction\",\"target\":\"https:\/\/www.colocolofs.es\/web\/?s={search_term_string}\",\"query-input\":\"required name=search_term_string\"}],\"inLanguage\":\"es\"},{\"@type\":\"ImageObject\",\"@id\":\"http:\/\/www.colocolofs.es\/web\/conociendo-a-fran-tabuenca\/#primaryimage\",\"inLanguage\":\"es\",\"url\":\"https:\/\/www.colocolofs.es\/web\/wp-content\/uploads\/2021\/04\/WhatsApp-Image-2021-04-25-at-13.41.44.jpeg\",\"width\":1577,\"height\":1066,\"caption\":\"Foto: Andrea Royo L\\u00f3pez\"},{\"@type\":\"WebPage\",\"@id\":\"http:\/\/www.colocolofs.es\/web\/conociendo-a-fran-tabuenca\/#webpage\",\"url\":\"http:\/\/www.colocolofs.es\/web\/conociendo-a-fran-tabuenca\/\",\"name\":\"Conociendo a Fran Tabuenca - Entrerr\\u00edos Automatizaci\\u00f3n\",\"isPartOf\":{\"@id\":\"https:\/\/www.colocolofs.es\/web\/#website\"},\"primaryImageOfPage\":{\"@id\":\"http:\/\/www.colocolofs.es\/web\/conociendo-a-fran-tabuenca\/#primaryimage\"},\"datePublished\":\"2021-04-25T13:22:51+00:00\",\"dateModified\":\"2021-04-25T16:43:03+00:00\",\"author\":{\"@id\":\"https:\/\/www.colocolofs.es\/web\/#\/schema\/person\/1be91002ad639bd282f9d860b6eb7584\"},\"inLanguage\":\"es\",\"potentialAction\":[{\"@type\":\"ReadAction\",\"target\":[\"http:\/\/www.colocolofs.es\/web\/conociendo-a-fran-tabuenca\/\"]}]},{\"@type\":[\"Person\"],\"@id\":\"https:\/\/www.colocolofs.es\/web\/#\/schema\/person\/1be91002ad639bd282f9d860b6eb7584\",\"name\":\"admin\"}]}<\/script>\n<!-- \/ Yoast SEO plugin. -->","_links":{"self":[{"href":"https:\/\/www.colocolofs.es\/web\/wp-json\/wp\/v2\/posts\/13891","targetHints":{"allow":["GET"]}}],"collection":[{"href":"https:\/\/www.colocolofs.es\/web\/wp-json\/wp\/v2\/posts"}],"about":[{"href":"https:\/\/www.colocolofs.es\/web\/wp-json\/wp\/v2\/types\/post"}],"author":[{"embeddable":true,"href":"https:\/\/www.colocolofs.es\/web\/wp-json\/wp\/v2\/users\/1"}],"replies":[{"embeddable":true,"href":"https:\/\/www.colocolofs.es\/web\/wp-json\/wp\/v2\/comments?post=13891"}],"version-history":[{"count":4,"href":"https:\/\/www.colocolofs.es\/web\/wp-json\/wp\/v2\/posts\/13891\/revisions"}],"predecessor-version":[{"id":13902,"href":"https:\/\/www.colocolofs.es\/web\/wp-json\/wp\/v2\/posts\/13891\/revisions\/13902"}],"wp:featuredmedia":[{"embeddable":true,"href":"https:\/\/www.colocolofs.es\/web\/wp-json\/wp\/v2\/media\/13892"}],"wp:attachment":[{"href":"https:\/\/www.colocolofs.es\/web\/wp-json\/wp\/v2\/media?parent=13891"}],"wp:term":[{"taxonomy":"category","embeddable":true,"href":"https:\/\/www.colocolofs.es\/web\/wp-json\/wp\/v2\/categories?post=13891"},{"taxonomy":"post_tag","embeddable":true,"href":"https:\/\/www.colocolofs.es\/web\/wp-json\/wp\/v2\/tags?post=13891"}],"curies":[{"name":"wp","href":"https:\/\/api.w.org\/{rel}","templated":true}]}}