{"id":14034,"date":"2021-05-25T10:32:08","date_gmt":"2021-05-25T10:32:08","guid":{"rendered":"http:\/\/www.colocolofs.es\/web\/?p=14034"},"modified":"2021-05-25T10:33:08","modified_gmt":"2021-05-25T10:33:08","slug":"nueva-jornada-de-puertas-abiertas-de-futbol-sala-femenino-en-la-granja","status":"publish","type":"post","link":"https:\/\/www.colocolofs.es\/web\/nueva-jornada-de-puertas-abiertas-de-futbol-sala-femenino-en-la-granja\/","title":{"rendered":"Nueva jornada de puertas abiertas de f\u00fatbol sala femenino en La Granja"},"content":{"rendered":"\n<p>El s\u00e1bado 22 de mayo, el Colo hizo una nueva jornada de puertas abiertas de f\u00fatbol sala femenino en La Granja, despu\u00e9s de la llevada a cabo el pasado 23 de abril.<\/p>\n\n\n\n<p>El Club muestra su satisfacci\u00f3n por la gran acogida que est\u00e1n teniendo estos entrenamientos, y conf\u00eda en poder crear para la temporada 2021\/2022 sus primeros equipos femeninos en categor\u00edas base.<\/p>\n\n\n\n<p>Para obtener m\u00e1s informaci\u00f3n sobre c\u00f3mo jugar en el Colo Colo Femenino, pueden contactar con los siguientes n\u00fameros de tel\u00e9fono: \u00a0676 63 23 13 o el 680 51 32 30.<\/p>\n\n\n\n<div class=\"wp-block-image\"><figure class=\"aligncenter size-large is-resized\"><img loading=\"lazy\" decoding=\"async\" src=\"https:\/\/www.colocolofs.es\/web\/wp-content\/uploads\/2021\/04\/WhatsApp-Image-2021-04-20-at-12.05.28-1024x300.jpeg\" alt=\"\" class=\"wp-image-13845\" width=\"713\" height=\"209\" srcset=\"https:\/\/www.colocolofs.es\/web\/wp-content\/uploads\/2021\/04\/WhatsApp-Image-2021-04-20-at-12.05.28-1024x300.jpeg 1024w, https:\/\/www.colocolofs.es\/web\/wp-content\/uploads\/2021\/04\/WhatsApp-Image-2021-04-20-at-12.05.28-300x88.jpeg 300w, https:\/\/www.colocolofs.es\/web\/wp-content\/uploads\/2021\/04\/WhatsApp-Image-2021-04-20-at-12.05.28-768x225.jpeg 768w, https:\/\/www.colocolofs.es\/web\/wp-content\/uploads\/2021\/04\/WhatsApp-Image-2021-04-20-at-12.05.28-1536x449.jpeg 1536w, https:\/\/www.colocolofs.es\/web\/wp-content\/uploads\/2021\/04\/WhatsApp-Image-2021-04-20-at-12.05.28-750x219.jpeg 750w, https:\/\/www.colocolofs.es\/web\/wp-content\/uploads\/2021\/04\/WhatsApp-Image-2021-04-20-at-12.05.28-1140x333.jpeg 1140w, https:\/\/www.colocolofs.es\/web\/wp-content\/uploads\/2021\/04\/WhatsApp-Image-2021-04-20-at-12.05.28.jpeg 1600w\" sizes=\"auto, (max-width: 713px) 100vw, 713px\" \/><\/figure><\/div>\n","protected":false},"excerpt":{"rendered":"<p>El s\u00e1bado 22 de mayo, el Colo hizo una nueva jornada de puertas abiertas de f\u00fatbol sala femenino en La Granja, despu\u00e9s de la llevada a cabo el pasado 23 de abril. El Club muestra su satisfacci\u00f3n por la gran acogida que est\u00e1n teniendo estos entrenamientos, y conf\u00eda en poder crear para la temporada 2021\/2022 [&hellip;]<\/p>\n","protected":false},"author":1,"featured_media":14035,"comment_status":"closed","ping_status":"closed","sticky":false,"template":"","format":"standard","meta":{"footnotes":""},"categories":[8],"tags":[],"class_list":["post-14034","post","type-post","status-publish","format-standard","has-post-thumbnail","hentry","category-colo-colo-femenino"],"jetpack_featured_media_url":"https:\/\/www.colocolofs.es\/web\/wp-content\/uploads\/2021\/05\/WhatsApp-Image-2021-05-24-at-13.01.02.jpeg","yoast_head":"<!-- This site is optimized with the Yoast SEO plugin v14.4.1 - https:\/\/yoast.com\/wordpress\/plugins\/seo\/ -->\n<title>Nueva jornada de puertas abiertas de f\u00fatbol sala femenino en La Granja - Entrerr\u00edos Automatizaci\u00f3n<\/title>\n<meta name=\"robots\" content=\"index, follow\" \/>\n<meta name=\"googlebot\" content=\"index, follow, max-snippet:-1, max-image-preview:large, max-video-preview:-1\" \/>\n<meta name=\"bingbot\" content=\"index, follow, max-snippet:-1, max-image-preview:large, max-video-preview:-1\" \/>\n<link rel=\"canonical\" href=\"http:\/\/www.colocolofs.es\/web\/nueva-jornada-de-puertas-abiertas-de-futbol-sala-femenino-en-la-granja\/\" \/>\n<meta property=\"og:locale\" content=\"es_ES\" \/>\n<meta property=\"og:type\" content=\"article\" \/>\n<meta property=\"og:title\" content=\"Nueva jornada de puertas abiertas de f\u00fatbol sala femenino en La Granja - Entrerr\u00edos Automatizaci\u00f3n\" \/>\n<meta property=\"og:description\" content=\"El s\u00e1bado 22 de mayo, el Colo hizo una nueva jornada de puertas abiertas de f\u00fatbol sala femenino en La Granja, despu\u00e9s de la llevada a cabo el pasado 23 de abril. El Club muestra su satisfacci\u00f3n por la gran acogida que est\u00e1n teniendo estos entrenamientos, y conf\u00eda en poder crear para la temporada 2021\/2022 [&hellip;]\" \/>\n<meta property=\"og:url\" content=\"http:\/\/www.colocolofs.es\/web\/nueva-jornada-de-puertas-abiertas-de-futbol-sala-femenino-en-la-granja\/\" \/>\n<meta property=\"og:site_name\" content=\"Entrerr\u00edos Automatizaci\u00f3n\" \/>\n<meta property=\"article:published_time\" content=\"2021-05-25T10:32:08+00:00\" \/>\n<meta property=\"article:modified_time\" content=\"2021-05-25T10:33:08+00:00\" \/>\n<meta property=\"og:image\" content=\"https:\/\/www.colocolofs.es\/web\/wp-content\/uploads\/2021\/05\/WhatsApp-Image-2021-05-24-at-13.01.02.jpeg\" \/>\n\t<meta property=\"og:image:width\" content=\"2048\" \/>\n\t<meta property=\"og:image:height\" content=\"1536\" \/>\n<meta name=\"twitter:card\" content=\"summary_large_image\" \/>\n<script type=\"application\/ld+json\" class=\"yoast-schema-graph\">{\"@context\":\"https:\/\/schema.org\",\"@graph\":[{\"@type\":\"WebSite\",\"@id\":\"https:\/\/www.colocolofs.es\/web\/#website\",\"url\":\"https:\/\/www.colocolofs.es\/web\/\",\"name\":\"Entrerr\\u00edos Automatizaci\\u00f3n\",\"description\":\"Web oficial\",\"potentialAction\":[{\"@type\":\"SearchAction\",\"target\":\"https:\/\/www.colocolofs.es\/web\/?s={search_term_string}\",\"query-input\":\"required name=search_term_string\"}],\"inLanguage\":\"es\"},{\"@type\":\"ImageObject\",\"@id\":\"http:\/\/www.colocolofs.es\/web\/nueva-jornada-de-puertas-abiertas-de-futbol-sala-femenino-en-la-granja\/#primaryimage\",\"inLanguage\":\"es\",\"url\":\"https:\/\/www.colocolofs.es\/web\/wp-content\/uploads\/2021\/05\/WhatsApp-Image-2021-05-24-at-13.01.02.jpeg\",\"width\":2048,\"height\":1536},{\"@type\":\"WebPage\",\"@id\":\"http:\/\/www.colocolofs.es\/web\/nueva-jornada-de-puertas-abiertas-de-futbol-sala-femenino-en-la-granja\/#webpage\",\"url\":\"http:\/\/www.colocolofs.es\/web\/nueva-jornada-de-puertas-abiertas-de-futbol-sala-femenino-en-la-granja\/\",\"name\":\"Nueva jornada de puertas abiertas de f\\u00fatbol sala femenino en La Granja - Entrerr\\u00edos Automatizaci\\u00f3n\",\"isPartOf\":{\"@id\":\"https:\/\/www.colocolofs.es\/web\/#website\"},\"primaryImageOfPage\":{\"@id\":\"http:\/\/www.colocolofs.es\/web\/nueva-jornada-de-puertas-abiertas-de-futbol-sala-femenino-en-la-granja\/#primaryimage\"},\"datePublished\":\"2021-05-25T10:32:08+00:00\",\"dateModified\":\"2021-05-25T10:33:08+00:00\",\"author\":{\"@id\":\"https:\/\/www.colocolofs.es\/web\/#\/schema\/person\/1be91002ad639bd282f9d860b6eb7584\"},\"inLanguage\":\"es\",\"potentialAction\":[{\"@type\":\"ReadAction\",\"target\":[\"http:\/\/www.colocolofs.es\/web\/nueva-jornada-de-puertas-abiertas-de-futbol-sala-femenino-en-la-granja\/\"]}]},{\"@type\":[\"Person\"],\"@id\":\"https:\/\/www.colocolofs.es\/web\/#\/schema\/person\/1be91002ad639bd282f9d860b6eb7584\",\"name\":\"admin\"}]}<\/script>\n<!-- \/ Yoast SEO plugin. -->","_links":{"self":[{"href":"https:\/\/www.colocolofs.es\/web\/wp-json\/wp\/v2\/posts\/14034","targetHints":{"allow":["GET"]}}],"collection":[{"href":"https:\/\/www.colocolofs.es\/web\/wp-json\/wp\/v2\/posts"}],"about":[{"href":"https:\/\/www.colocolofs.es\/web\/wp-json\/wp\/v2\/types\/post"}],"author":[{"embeddable":true,"href":"https:\/\/www.colocolofs.es\/web\/wp-json\/wp\/v2\/users\/1"}],"replies":[{"embeddable":true,"href":"https:\/\/www.colocolofs.es\/web\/wp-json\/wp\/v2\/comments?post=14034"}],"version-history":[{"count":2,"href":"https:\/\/www.colocolofs.es\/web\/wp-json\/wp\/v2\/posts\/14034\/revisions"}],"predecessor-version":[{"id":14037,"href":"https:\/\/www.colocolofs.es\/web\/wp-json\/wp\/v2\/posts\/14034\/revisions\/14037"}],"wp:featuredmedia":[{"embeddable":true,"href":"https:\/\/www.colocolofs.es\/web\/wp-json\/wp\/v2\/media\/14035"}],"wp:attachment":[{"href":"https:\/\/www.colocolofs.es\/web\/wp-json\/wp\/v2\/media?parent=14034"}],"wp:term":[{"taxonomy":"category","embeddable":true,"href":"https:\/\/www.colocolofs.es\/web\/wp-json\/wp\/v2\/categories?post=14034"},{"taxonomy":"post_tag","embeddable":true,"href":"https:\/\/www.colocolofs.es\/web\/wp-json\/wp\/v2\/tags?post=14034"}],"curies":[{"name":"wp","href":"https:\/\/api.w.org\/{rel}","templated":true}]}}