{"id":14058,"date":"2021-05-29T12:00:14","date_gmt":"2021-05-29T12:00:14","guid":{"rendered":"http:\/\/www.colocolofs.es\/web\/?p=14058"},"modified":"2021-05-29T12:00:28","modified_gmt":"2021-05-29T12:00:28","slug":"torres-2011-fs-2-7-colo-colo-b-alevin-grupo-2","status":"publish","type":"post","link":"https:\/\/www.colocolofs.es\/web\/torres-2011-fs-2-7-colo-colo-b-alevin-grupo-2\/","title":{"rendered":"Torres 2011 FS 2-7 Colo Colo \u2018B\u2019 (Alev\u00edn \u2013 Grupo 2)"},"content":{"rendered":"\n<p>El Alev\u00edn \u2018B\u2019 del Colo jugaba en Torres de Berrell\u00e9n, con ganas de conseguir la primera victoria de la temporada. Esa motivaci\u00f3n se pudo ver sobre la pista. Un gran pase de Marcos permit\u00eda a Marcos marcar a placer. El rival no tard\u00f3 en empatar, pero el Colo se iba ganando 1-3 al descanso.<\/p>\n\n\n\n<p>En la segunda parte. los azulones fueron ambiciosos queriendo aumentar su ventaja, sin descuidar las labores defensivas. Eso permiti\u00f3 al Colo conseguir los tres puntos, al finalizar el partido con un 2-7. Los goles fueron de Marcos (4), Dani (2) y Gorka.<\/p>\n\n\n\n<p>Felicitar al equipo porque, pese a los resultados adversos, est\u00e1 mostrando una gran actitud durante toda la temporada. Y aunque los resultados en estas edades son lo de menos, han acabado obteniendo la recompensa en forma de victoria.<\/p>\n\n\n\n<p><em>Escrito por Javi Gonz\u00e1lez<\/em><\/p>\n","protected":false},"excerpt":{"rendered":"<p>El Alev\u00edn \u2018B\u2019 del Colo jugaba en Torres de Berrell\u00e9n, con ganas de conseguir la primera victoria de la temporada. Esa motivaci\u00f3n se pudo ver sobre la pista. Un gran pase de Marcos permit\u00eda a Marcos marcar a placer. El rival no tard\u00f3 en empatar, pero el Colo se iba ganando 1-3 al descanso. En [&hellip;]<\/p>\n","protected":false},"author":1,"featured_media":14052,"comment_status":"closed","ping_status":"closed","sticky":false,"template":"","format":"standard","meta":{"footnotes":""},"categories":[6],"tags":[],"class_list":["post-14058","post","type-post","status-publish","format-standard","has-post-thumbnail","hentry","category-categorias-base"],"jetpack_featured_media_url":"https:\/\/www.colocolofs.es\/web\/wp-content\/uploads\/2021\/05\/Alevin-B-2.jpeg","yoast_head":"<!-- This site is optimized with the Yoast SEO plugin v14.4.1 - https:\/\/yoast.com\/wordpress\/plugins\/seo\/ -->\n<title>Torres 2011 FS 2-7 Colo Colo \u2018B\u2019 (Alev\u00edn \u2013 Grupo 2) - Entrerr\u00edos Automatizaci\u00f3n<\/title>\n<meta name=\"robots\" content=\"index, follow\" \/>\n<meta name=\"googlebot\" content=\"index, follow, max-snippet:-1, max-image-preview:large, max-video-preview:-1\" \/>\n<meta name=\"bingbot\" content=\"index, follow, max-snippet:-1, max-image-preview:large, max-video-preview:-1\" \/>\n<link rel=\"canonical\" href=\"http:\/\/www.colocolofs.es\/web\/torres-2011-fs-2-7-colo-colo-b-alevin-grupo-2\/\" \/>\n<meta property=\"og:locale\" content=\"es_ES\" \/>\n<meta property=\"og:type\" content=\"article\" \/>\n<meta property=\"og:title\" content=\"Torres 2011 FS 2-7 Colo Colo \u2018B\u2019 (Alev\u00edn \u2013 Grupo 2) - Entrerr\u00edos Automatizaci\u00f3n\" \/>\n<meta property=\"og:description\" content=\"El Alev\u00edn \u2018B\u2019 del Colo jugaba en Torres de Berrell\u00e9n, con ganas de conseguir la primera victoria de la temporada. Esa motivaci\u00f3n se pudo ver sobre la pista. Un gran pase de Marcos permit\u00eda a Marcos marcar a placer. El rival no tard\u00f3 en empatar, pero el Colo se iba ganando 1-3 al descanso. En [&hellip;]\" \/>\n<meta property=\"og:url\" content=\"http:\/\/www.colocolofs.es\/web\/torres-2011-fs-2-7-colo-colo-b-alevin-grupo-2\/\" \/>\n<meta property=\"og:site_name\" content=\"Entrerr\u00edos Automatizaci\u00f3n\" \/>\n<meta property=\"article:published_time\" content=\"2021-05-29T12:00:14+00:00\" \/>\n<meta property=\"article:modified_time\" content=\"2021-05-29T12:00:28+00:00\" \/>\n<meta property=\"og:image\" content=\"https:\/\/www.colocolofs.es\/web\/wp-content\/uploads\/2021\/05\/Alevin-B-2.jpeg\" \/>\n\t<meta property=\"og:image:width\" content=\"1600\" \/>\n\t<meta property=\"og:image:height\" content=\"1200\" \/>\n<meta name=\"twitter:card\" content=\"summary_large_image\" \/>\n<script type=\"application\/ld+json\" class=\"yoast-schema-graph\">{\"@context\":\"https:\/\/schema.org\",\"@graph\":[{\"@type\":\"WebSite\",\"@id\":\"https:\/\/www.colocolofs.es\/web\/#website\",\"url\":\"https:\/\/www.colocolofs.es\/web\/\",\"name\":\"Entrerr\\u00edos Automatizaci\\u00f3n\",\"description\":\"Web oficial\",\"potentialAction\":[{\"@type\":\"SearchAction\",\"target\":\"https:\/\/www.colocolofs.es\/web\/?s={search_term_string}\",\"query-input\":\"required name=search_term_string\"}],\"inLanguage\":\"es\"},{\"@type\":\"ImageObject\",\"@id\":\"http:\/\/www.colocolofs.es\/web\/torres-2011-fs-2-7-colo-colo-b-alevin-grupo-2\/#primaryimage\",\"inLanguage\":\"es\",\"url\":\"https:\/\/www.colocolofs.es\/web\/wp-content\/uploads\/2021\/05\/Alevin-B-2.jpeg\",\"width\":1600,\"height\":1200},{\"@type\":\"WebPage\",\"@id\":\"http:\/\/www.colocolofs.es\/web\/torres-2011-fs-2-7-colo-colo-b-alevin-grupo-2\/#webpage\",\"url\":\"http:\/\/www.colocolofs.es\/web\/torres-2011-fs-2-7-colo-colo-b-alevin-grupo-2\/\",\"name\":\"Torres 2011 FS 2-7 Colo Colo \\u2018B\\u2019 (Alev\\u00edn \\u2013 Grupo 2) - Entrerr\\u00edos Automatizaci\\u00f3n\",\"isPartOf\":{\"@id\":\"https:\/\/www.colocolofs.es\/web\/#website\"},\"primaryImageOfPage\":{\"@id\":\"http:\/\/www.colocolofs.es\/web\/torres-2011-fs-2-7-colo-colo-b-alevin-grupo-2\/#primaryimage\"},\"datePublished\":\"2021-05-29T12:00:14+00:00\",\"dateModified\":\"2021-05-29T12:00:28+00:00\",\"author\":{\"@id\":\"https:\/\/www.colocolofs.es\/web\/#\/schema\/person\/1be91002ad639bd282f9d860b6eb7584\"},\"inLanguage\":\"es\",\"potentialAction\":[{\"@type\":\"ReadAction\",\"target\":[\"http:\/\/www.colocolofs.es\/web\/torres-2011-fs-2-7-colo-colo-b-alevin-grupo-2\/\"]}]},{\"@type\":[\"Person\"],\"@id\":\"https:\/\/www.colocolofs.es\/web\/#\/schema\/person\/1be91002ad639bd282f9d860b6eb7584\",\"name\":\"admin\"}]}<\/script>\n<!-- \/ Yoast SEO plugin. -->","_links":{"self":[{"href":"https:\/\/www.colocolofs.es\/web\/wp-json\/wp\/v2\/posts\/14058","targetHints":{"allow":["GET"]}}],"collection":[{"href":"https:\/\/www.colocolofs.es\/web\/wp-json\/wp\/v2\/posts"}],"about":[{"href":"https:\/\/www.colocolofs.es\/web\/wp-json\/wp\/v2\/types\/post"}],"author":[{"embeddable":true,"href":"https:\/\/www.colocolofs.es\/web\/wp-json\/wp\/v2\/users\/1"}],"replies":[{"embeddable":true,"href":"https:\/\/www.colocolofs.es\/web\/wp-json\/wp\/v2\/comments?post=14058"}],"version-history":[{"count":1,"href":"https:\/\/www.colocolofs.es\/web\/wp-json\/wp\/v2\/posts\/14058\/revisions"}],"predecessor-version":[{"id":14059,"href":"https:\/\/www.colocolofs.es\/web\/wp-json\/wp\/v2\/posts\/14058\/revisions\/14059"}],"wp:featuredmedia":[{"embeddable":true,"href":"https:\/\/www.colocolofs.es\/web\/wp-json\/wp\/v2\/media\/14052"}],"wp:attachment":[{"href":"https:\/\/www.colocolofs.es\/web\/wp-json\/wp\/v2\/media?parent=14058"}],"wp:term":[{"taxonomy":"category","embeddable":true,"href":"https:\/\/www.colocolofs.es\/web\/wp-json\/wp\/v2\/categories?post=14058"},{"taxonomy":"post_tag","embeddable":true,"href":"https:\/\/www.colocolofs.es\/web\/wp-json\/wp\/v2\/tags?post=14058"}],"curies":[{"name":"wp","href":"https:\/\/api.w.org\/{rel}","templated":true}]}}