{"id":14230,"date":"2021-07-20T06:08:28","date_gmt":"2021-07-20T06:08:28","guid":{"rendered":"http:\/\/www.colocolofs.es\/web\/?p=14230"},"modified":"2021-09-24T11:41:59","modified_gmt":"2021-09-24T11:41:59","slug":"cambio-en-algunas-funciones-de-sergio-molina-dentro-del-colo","status":"publish","type":"post","link":"https:\/\/www.colocolofs.es\/web\/cambio-en-algunas-funciones-de-sergio-molina-dentro-del-colo\/","title":{"rendered":"Cambio en algunas funciones de Sergio Molina dentro del Colo"},"content":{"rendered":"\n<p>Sergio Molina cambia algunas de sus funciones dentro del Colo.<\/p>\n\n\n\n<p>Deja de ser segundo entrenador de Alfonso Rodr\u00edguez en el Full Energ\u00eda Zaragoza, ya que se incorpora como jugador al Loalco Green Colo Colo que competir\u00e1 en Segunda Divisi\u00f3n \u2018B\u2019.<\/p>\n\n\n\n<p>Sergio, mantiene su cargo como coordinador de las categor\u00edas inferiores del Club y, tambi\u00e9n, va a seguir siendo el entrenador del IngerTV Colo Colo.&nbsp;<\/p>\n\n\n\n<p>Desde el Club agradecemos a Sergio la labor insaciable que hace, y mostramos nuestra satisfacci\u00f3n de poder contar con una persona como \u00e9l.<\/p>\n","protected":false},"excerpt":{"rendered":"<p>Sergio Molina cambia algunas de sus funciones dentro del Colo. Deja de ser segundo entrenador de Alfonso Rodr\u00edguez en el Full Energ\u00eda Zaragoza, ya que se incorpora como jugador al Loalco Green Colo Colo que competir\u00e1 en Segunda Divisi\u00f3n \u2018B\u2019. Sergio, mantiene su cargo como coordinador de las categor\u00edas inferiores del Club y, tambi\u00e9n, va [&hellip;]<\/p>\n","protected":false},"author":1,"featured_media":14231,"comment_status":"closed","ping_status":"closed","sticky":false,"template":"","format":"standard","meta":{"footnotes":""},"categories":[6,8,5,14],"tags":[],"class_list":["post-14230","post","type-post","status-publish","format-standard","has-post-thumbnail","hentry","category-categorias-base","category-colo-colo-femenino","category-primer-equipo","category-filial"],"jetpack_featured_media_url":"https:\/\/www.colocolofs.es\/web\/wp-content\/uploads\/2021\/07\/SERGIO-MOLINA.jpg","yoast_head":"<!-- This site is optimized with the Yoast SEO plugin v14.4.1 - https:\/\/yoast.com\/wordpress\/plugins\/seo\/ -->\n<title>Cambio en algunas funciones de Sergio Molina dentro del Colo - Entrerr\u00edos Automatizaci\u00f3n<\/title>\n<meta name=\"robots\" content=\"index, follow\" \/>\n<meta name=\"googlebot\" content=\"index, follow, max-snippet:-1, max-image-preview:large, max-video-preview:-1\" \/>\n<meta name=\"bingbot\" content=\"index, follow, max-snippet:-1, max-image-preview:large, max-video-preview:-1\" \/>\n<link rel=\"canonical\" href=\"http:\/\/www.colocolofs.es\/web\/cambio-en-algunas-funciones-de-sergio-molina-dentro-del-colo\/\" \/>\n<meta property=\"og:locale\" content=\"es_ES\" \/>\n<meta property=\"og:type\" content=\"article\" \/>\n<meta property=\"og:title\" content=\"Cambio en algunas funciones de Sergio Molina dentro del Colo - Entrerr\u00edos Automatizaci\u00f3n\" \/>\n<meta property=\"og:description\" content=\"Sergio Molina cambia algunas de sus funciones dentro del Colo. Deja de ser segundo entrenador de Alfonso Rodr\u00edguez en el Full Energ\u00eda Zaragoza, ya que se incorpora como jugador al Loalco Green Colo Colo que competir\u00e1 en Segunda Divisi\u00f3n \u2018B\u2019. Sergio, mantiene su cargo como coordinador de las categor\u00edas inferiores del Club y, tambi\u00e9n, va [&hellip;]\" \/>\n<meta property=\"og:url\" content=\"http:\/\/www.colocolofs.es\/web\/cambio-en-algunas-funciones-de-sergio-molina-dentro-del-colo\/\" \/>\n<meta property=\"og:site_name\" content=\"Entrerr\u00edos Automatizaci\u00f3n\" \/>\n<meta property=\"article:published_time\" content=\"2021-07-20T06:08:28+00:00\" \/>\n<meta property=\"article:modified_time\" content=\"2021-09-24T11:41:59+00:00\" \/>\n<meta property=\"og:image\" content=\"https:\/\/www.colocolofs.es\/web\/wp-content\/uploads\/2021\/07\/SERGIO-MOLINA.jpg\" \/>\n\t<meta property=\"og:image:width\" content=\"1600\" \/>\n\t<meta property=\"og:image:height\" content=\"800\" \/>\n<meta name=\"twitter:card\" content=\"summary_large_image\" \/>\n<script type=\"application\/ld+json\" class=\"yoast-schema-graph\">{\"@context\":\"https:\/\/schema.org\",\"@graph\":[{\"@type\":\"WebSite\",\"@id\":\"https:\/\/www.colocolofs.es\/web\/#website\",\"url\":\"https:\/\/www.colocolofs.es\/web\/\",\"name\":\"Entrerr\\u00edos Automatizaci\\u00f3n\",\"description\":\"Web oficial\",\"potentialAction\":[{\"@type\":\"SearchAction\",\"target\":\"https:\/\/www.colocolofs.es\/web\/?s={search_term_string}\",\"query-input\":\"required name=search_term_string\"}],\"inLanguage\":\"es\"},{\"@type\":\"ImageObject\",\"@id\":\"http:\/\/www.colocolofs.es\/web\/cambio-en-algunas-funciones-de-sergio-molina-dentro-del-colo\/#primaryimage\",\"inLanguage\":\"es\",\"url\":\"https:\/\/www.colocolofs.es\/web\/wp-content\/uploads\/2021\/07\/SERGIO-MOLINA.jpg\",\"width\":1600,\"height\":800},{\"@type\":\"WebPage\",\"@id\":\"http:\/\/www.colocolofs.es\/web\/cambio-en-algunas-funciones-de-sergio-molina-dentro-del-colo\/#webpage\",\"url\":\"http:\/\/www.colocolofs.es\/web\/cambio-en-algunas-funciones-de-sergio-molina-dentro-del-colo\/\",\"name\":\"Cambio en algunas funciones de Sergio Molina dentro del Colo - Entrerr\\u00edos Automatizaci\\u00f3n\",\"isPartOf\":{\"@id\":\"https:\/\/www.colocolofs.es\/web\/#website\"},\"primaryImageOfPage\":{\"@id\":\"http:\/\/www.colocolofs.es\/web\/cambio-en-algunas-funciones-de-sergio-molina-dentro-del-colo\/#primaryimage\"},\"datePublished\":\"2021-07-20T06:08:28+00:00\",\"dateModified\":\"2021-09-24T11:41:59+00:00\",\"author\":{\"@id\":\"https:\/\/www.colocolofs.es\/web\/#\/schema\/person\/1be91002ad639bd282f9d860b6eb7584\"},\"inLanguage\":\"es\",\"potentialAction\":[{\"@type\":\"ReadAction\",\"target\":[\"http:\/\/www.colocolofs.es\/web\/cambio-en-algunas-funciones-de-sergio-molina-dentro-del-colo\/\"]}]},{\"@type\":[\"Person\"],\"@id\":\"https:\/\/www.colocolofs.es\/web\/#\/schema\/person\/1be91002ad639bd282f9d860b6eb7584\",\"name\":\"admin\"}]}<\/script>\n<!-- \/ Yoast SEO plugin. -->","_links":{"self":[{"href":"https:\/\/www.colocolofs.es\/web\/wp-json\/wp\/v2\/posts\/14230","targetHints":{"allow":["GET"]}}],"collection":[{"href":"https:\/\/www.colocolofs.es\/web\/wp-json\/wp\/v2\/posts"}],"about":[{"href":"https:\/\/www.colocolofs.es\/web\/wp-json\/wp\/v2\/types\/post"}],"author":[{"embeddable":true,"href":"https:\/\/www.colocolofs.es\/web\/wp-json\/wp\/v2\/users\/1"}],"replies":[{"embeddable":true,"href":"https:\/\/www.colocolofs.es\/web\/wp-json\/wp\/v2\/comments?post=14230"}],"version-history":[{"count":2,"href":"https:\/\/www.colocolofs.es\/web\/wp-json\/wp\/v2\/posts\/14230\/revisions"}],"predecessor-version":[{"id":14233,"href":"https:\/\/www.colocolofs.es\/web\/wp-json\/wp\/v2\/posts\/14230\/revisions\/14233"}],"wp:featuredmedia":[{"embeddable":true,"href":"https:\/\/www.colocolofs.es\/web\/wp-json\/wp\/v2\/media\/14231"}],"wp:attachment":[{"href":"https:\/\/www.colocolofs.es\/web\/wp-json\/wp\/v2\/media?parent=14230"}],"wp:term":[{"taxonomy":"category","embeddable":true,"href":"https:\/\/www.colocolofs.es\/web\/wp-json\/wp\/v2\/categories?post=14230"},{"taxonomy":"post_tag","embeddable":true,"href":"https:\/\/www.colocolofs.es\/web\/wp-json\/wp\/v2\/tags?post=14230"}],"curies":[{"name":"wp","href":"https:\/\/api.w.org\/{rel}","templated":true}]}}