{"id":14252,"date":"2021-07-20T15:52:34","date_gmt":"2021-07-20T15:52:34","guid":{"rendered":"http:\/\/www.colocolofs.es\/web\/?p=14252"},"modified":"2021-07-20T15:53:00","modified_gmt":"2021-07-20T15:53:00","slug":"cinco-jugadoras-causan-baja-en-el-ingertv-colo-colo","status":"publish","type":"post","link":"https:\/\/www.colocolofs.es\/web\/cinco-jugadoras-causan-baja-en-el-ingertv-colo-colo\/","title":{"rendered":"Cinco jugadoras causan baja en el IngerTV Colo Colo"},"content":{"rendered":"\n<div class=\"wp-block-image\"><figure class=\"aligncenter size-large is-resized\"><img loading=\"lazy\" decoding=\"async\" src=\"https:\/\/www.colocolofs.es\/web\/wp-content\/uploads\/2021\/04\/WhatsApp-Image-2021-04-20-at-12.05.28-1024x300.jpeg\" alt=\"\" class=\"wp-image-13845\" width=\"536\" height=\"157\" srcset=\"https:\/\/www.colocolofs.es\/web\/wp-content\/uploads\/2021\/04\/WhatsApp-Image-2021-04-20-at-12.05.28-1024x300.jpeg 1024w, https:\/\/www.colocolofs.es\/web\/wp-content\/uploads\/2021\/04\/WhatsApp-Image-2021-04-20-at-12.05.28-300x88.jpeg 300w, https:\/\/www.colocolofs.es\/web\/wp-content\/uploads\/2021\/04\/WhatsApp-Image-2021-04-20-at-12.05.28-768x225.jpeg 768w, https:\/\/www.colocolofs.es\/web\/wp-content\/uploads\/2021\/04\/WhatsApp-Image-2021-04-20-at-12.05.28-1536x449.jpeg 1536w, https:\/\/www.colocolofs.es\/web\/wp-content\/uploads\/2021\/04\/WhatsApp-Image-2021-04-20-at-12.05.28-750x219.jpeg 750w, https:\/\/www.colocolofs.es\/web\/wp-content\/uploads\/2021\/04\/WhatsApp-Image-2021-04-20-at-12.05.28-1140x333.jpeg 1140w, https:\/\/www.colocolofs.es\/web\/wp-content\/uploads\/2021\/04\/WhatsApp-Image-2021-04-20-at-12.05.28.jpeg 1600w\" sizes=\"auto, (max-width: 536px) 100vw, 536px\" \/><\/figure><\/div>\n\n\n\n<p>El IngerTV Colo Colo empieza a confeccionar su plantilla para la temporada 2021\/2022.&nbsp;<\/p>\n\n\n\n<p>Denia Tobajas, Mar\u00eda Andr\u00e9s, Marta Cotilla, Soraya Abad\u00eda y Claudia L\u00f3pez causan baja.<\/p>\n\n\n\n<p>El Club agradece a las cinco el compromiso que han demostrado durante el tiempo que han estado en el equipo, y les desea lo mejor de cara al futuro.<\/p>\n\n\n\n<figure class=\"wp-block-image size-large\"><img loading=\"lazy\" decoding=\"async\" width=\"1024\" height=\"512\" src=\"https:\/\/www.colocolofs.es\/web\/wp-content\/uploads\/2021\/07\/Gracias-Denia-1024x512.jpg\" alt=\"\" class=\"wp-image-14243\" srcset=\"https:\/\/www.colocolofs.es\/web\/wp-content\/uploads\/2021\/07\/Gracias-Denia-1024x512.jpg 1024w, https:\/\/www.colocolofs.es\/web\/wp-content\/uploads\/2021\/07\/Gracias-Denia-300x150.jpg 300w, https:\/\/www.colocolofs.es\/web\/wp-content\/uploads\/2021\/07\/Gracias-Denia-768x384.jpg 768w, https:\/\/www.colocolofs.es\/web\/wp-content\/uploads\/2021\/07\/Gracias-Denia-1536x768.jpg 1536w, https:\/\/www.colocolofs.es\/web\/wp-content\/uploads\/2021\/07\/Gracias-Denia-360x180.jpg 360w, https:\/\/www.colocolofs.es\/web\/wp-content\/uploads\/2021\/07\/Gracias-Denia-750x375.jpg 750w, https:\/\/www.colocolofs.es\/web\/wp-content\/uploads\/2021\/07\/Gracias-Denia-1140x570.jpg 1140w, https:\/\/www.colocolofs.es\/web\/wp-content\/uploads\/2021\/07\/Gracias-Denia.jpg 1600w\" sizes=\"auto, (max-width: 1024px) 100vw, 1024px\" \/><\/figure>\n\n\n\n<figure class=\"wp-block-image size-large\"><img loading=\"lazy\" decoding=\"async\" width=\"1024\" height=\"512\" src=\"https:\/\/www.colocolofs.es\/web\/wp-content\/uploads\/2021\/07\/Gracias-Mar\u00eda-1024x512.jpg\" alt=\"\" class=\"wp-image-14244\" srcset=\"https:\/\/www.colocolofs.es\/web\/wp-content\/uploads\/2021\/07\/Gracias-Mar\u00eda-1024x512.jpg 1024w, https:\/\/www.colocolofs.es\/web\/wp-content\/uploads\/2021\/07\/Gracias-Mar\u00eda-300x150.jpg 300w, https:\/\/www.colocolofs.es\/web\/wp-content\/uploads\/2021\/07\/Gracias-Mar\u00eda-768x384.jpg 768w, https:\/\/www.colocolofs.es\/web\/wp-content\/uploads\/2021\/07\/Gracias-Mar\u00eda-1536x768.jpg 1536w, https:\/\/www.colocolofs.es\/web\/wp-content\/uploads\/2021\/07\/Gracias-Mar\u00eda-360x180.jpg 360w, https:\/\/www.colocolofs.es\/web\/wp-content\/uploads\/2021\/07\/Gracias-Mar\u00eda-750x375.jpg 750w, https:\/\/www.colocolofs.es\/web\/wp-content\/uploads\/2021\/07\/Gracias-Mar\u00eda-1140x570.jpg 1140w, https:\/\/www.colocolofs.es\/web\/wp-content\/uploads\/2021\/07\/Gracias-Mar\u00eda.jpg 1600w\" sizes=\"auto, (max-width: 1024px) 100vw, 1024px\" \/><\/figure>\n\n\n\n<figure class=\"wp-block-image size-large\"><img loading=\"lazy\" decoding=\"async\" width=\"1024\" height=\"512\" src=\"https:\/\/www.colocolofs.es\/web\/wp-content\/uploads\/2021\/07\/Gracias-Coti-1024x512.jpg\" alt=\"\" class=\"wp-image-14242\" srcset=\"https:\/\/www.colocolofs.es\/web\/wp-content\/uploads\/2021\/07\/Gracias-Coti-1024x512.jpg 1024w, https:\/\/www.colocolofs.es\/web\/wp-content\/uploads\/2021\/07\/Gracias-Coti-300x150.jpg 300w, https:\/\/www.colocolofs.es\/web\/wp-content\/uploads\/2021\/07\/Gracias-Coti-768x384.jpg 768w, https:\/\/www.colocolofs.es\/web\/wp-content\/uploads\/2021\/07\/Gracias-Coti-1536x768.jpg 1536w, https:\/\/www.colocolofs.es\/web\/wp-content\/uploads\/2021\/07\/Gracias-Coti-360x180.jpg 360w, https:\/\/www.colocolofs.es\/web\/wp-content\/uploads\/2021\/07\/Gracias-Coti-750x375.jpg 750w, https:\/\/www.colocolofs.es\/web\/wp-content\/uploads\/2021\/07\/Gracias-Coti-1140x570.jpg 1140w, https:\/\/www.colocolofs.es\/web\/wp-content\/uploads\/2021\/07\/Gracias-Coti.jpg 1600w\" sizes=\"auto, (max-width: 1024px) 100vw, 1024px\" \/><\/figure>\n\n\n\n<figure class=\"wp-block-image size-large\"><img loading=\"lazy\" decoding=\"async\" width=\"1024\" height=\"512\" src=\"https:\/\/www.colocolofs.es\/web\/wp-content\/uploads\/2021\/07\/Gracias-Soraya-1024x512.jpg\" alt=\"\" class=\"wp-image-14245\" srcset=\"https:\/\/www.colocolofs.es\/web\/wp-content\/uploads\/2021\/07\/Gracias-Soraya-1024x512.jpg 1024w, https:\/\/www.colocolofs.es\/web\/wp-content\/uploads\/2021\/07\/Gracias-Soraya-300x150.jpg 300w, https:\/\/www.colocolofs.es\/web\/wp-content\/uploads\/2021\/07\/Gracias-Soraya-768x384.jpg 768w, https:\/\/www.colocolofs.es\/web\/wp-content\/uploads\/2021\/07\/Gracias-Soraya-1536x768.jpg 1536w, https:\/\/www.colocolofs.es\/web\/wp-content\/uploads\/2021\/07\/Gracias-Soraya-360x180.jpg 360w, https:\/\/www.colocolofs.es\/web\/wp-content\/uploads\/2021\/07\/Gracias-Soraya-750x375.jpg 750w, https:\/\/www.colocolofs.es\/web\/wp-content\/uploads\/2021\/07\/Gracias-Soraya-1140x570.jpg 1140w, https:\/\/www.colocolofs.es\/web\/wp-content\/uploads\/2021\/07\/Gracias-Soraya.jpg 1600w\" sizes=\"auto, (max-width: 1024px) 100vw, 1024px\" \/><\/figure>\n\n\n\n<figure class=\"wp-block-image size-large\"><img loading=\"lazy\" decoding=\"async\" width=\"1024\" height=\"512\" src=\"https:\/\/www.colocolofs.es\/web\/wp-content\/uploads\/2021\/07\/Gracias-Claudia-1024x512.jpg\" alt=\"\" class=\"wp-image-14241\" srcset=\"https:\/\/www.colocolofs.es\/web\/wp-content\/uploads\/2021\/07\/Gracias-Claudia-1024x512.jpg 1024w, https:\/\/www.colocolofs.es\/web\/wp-content\/uploads\/2021\/07\/Gracias-Claudia-300x150.jpg 300w, https:\/\/www.colocolofs.es\/web\/wp-content\/uploads\/2021\/07\/Gracias-Claudia-768x384.jpg 768w, https:\/\/www.colocolofs.es\/web\/wp-content\/uploads\/2021\/07\/Gracias-Claudia-1536x768.jpg 1536w, https:\/\/www.colocolofs.es\/web\/wp-content\/uploads\/2021\/07\/Gracias-Claudia-360x180.jpg 360w, https:\/\/www.colocolofs.es\/web\/wp-content\/uploads\/2021\/07\/Gracias-Claudia-750x375.jpg 750w, https:\/\/www.colocolofs.es\/web\/wp-content\/uploads\/2021\/07\/Gracias-Claudia-1140x570.jpg 1140w, https:\/\/www.colocolofs.es\/web\/wp-content\/uploads\/2021\/07\/Gracias-Claudia.jpg 1600w\" sizes=\"auto, (max-width: 1024px) 100vw, 1024px\" \/><\/figure>\n","protected":false},"excerpt":{"rendered":"<p>El IngerTV Colo Colo empieza a confeccionar su plantilla para la temporada 2021\/2022.&nbsp; Denia Tobajas, Mar\u00eda Andr\u00e9s, Marta Cotilla, Soraya Abad\u00eda y Claudia L\u00f3pez causan baja. El Club agradece a las cinco el compromiso que han demostrado durante el tiempo que han estado en el equipo, y les desea lo mejor de cara al futuro.<\/p>\n","protected":false},"author":1,"featured_media":14249,"comment_status":"closed","ping_status":"closed","sticky":false,"template":"","format":"standard","meta":{"footnotes":""},"categories":[8],"tags":[],"class_list":["post-14252","post","type-post","status-publish","format-standard","has-post-thumbnail","hentry","category-colo-colo-femenino"],"jetpack_featured_media_url":"https:\/\/www.colocolofs.es\/web\/wp-content\/uploads\/2021\/07\/coloinger.jpg","yoast_head":"<!-- This site is optimized with the Yoast SEO plugin v14.4.1 - https:\/\/yoast.com\/wordpress\/plugins\/seo\/ -->\n<title>Cinco jugadoras causan baja en el IngerTV Colo Colo - Entrerr\u00edos Automatizaci\u00f3n<\/title>\n<meta name=\"robots\" content=\"index, follow\" \/>\n<meta name=\"googlebot\" content=\"index, follow, max-snippet:-1, max-image-preview:large, max-video-preview:-1\" \/>\n<meta name=\"bingbot\" content=\"index, follow, max-snippet:-1, max-image-preview:large, max-video-preview:-1\" \/>\n<link rel=\"canonical\" href=\"http:\/\/www.colocolofs.es\/web\/cinco-jugadoras-causan-baja-en-el-ingertv-colo-colo\/\" \/>\n<meta property=\"og:locale\" content=\"es_ES\" \/>\n<meta property=\"og:type\" content=\"article\" \/>\n<meta property=\"og:title\" content=\"Cinco jugadoras causan baja en el IngerTV Colo Colo - Entrerr\u00edos Automatizaci\u00f3n\" \/>\n<meta property=\"og:description\" content=\"El IngerTV Colo Colo empieza a confeccionar su plantilla para la temporada 2021\/2022.&nbsp; Denia Tobajas, Mar\u00eda Andr\u00e9s, Marta Cotilla, Soraya Abad\u00eda y Claudia L\u00f3pez causan baja. El Club agradece a las cinco el compromiso que han demostrado durante el tiempo que han estado en el equipo, y les desea lo mejor de cara al futuro.\" \/>\n<meta property=\"og:url\" content=\"http:\/\/www.colocolofs.es\/web\/cinco-jugadoras-causan-baja-en-el-ingertv-colo-colo\/\" \/>\n<meta property=\"og:site_name\" content=\"Entrerr\u00edos Automatizaci\u00f3n\" \/>\n<meta property=\"article:published_time\" content=\"2021-07-20T15:52:34+00:00\" \/>\n<meta property=\"article:modified_time\" content=\"2021-07-20T15:53:00+00:00\" \/>\n<meta property=\"og:image\" content=\"https:\/\/www.colocolofs.es\/web\/wp-content\/uploads\/2021\/07\/coloinger.jpg\" \/>\n\t<meta property=\"og:image:width\" content=\"1600\" \/>\n\t<meta property=\"og:image:height\" content=\"800\" \/>\n<meta name=\"twitter:card\" content=\"summary_large_image\" \/>\n<script type=\"application\/ld+json\" class=\"yoast-schema-graph\">{\"@context\":\"https:\/\/schema.org\",\"@graph\":[{\"@type\":\"WebSite\",\"@id\":\"https:\/\/www.colocolofs.es\/web\/#website\",\"url\":\"https:\/\/www.colocolofs.es\/web\/\",\"name\":\"Entrerr\\u00edos Automatizaci\\u00f3n\",\"description\":\"Web oficial\",\"potentialAction\":[{\"@type\":\"SearchAction\",\"target\":\"https:\/\/www.colocolofs.es\/web\/?s={search_term_string}\",\"query-input\":\"required name=search_term_string\"}],\"inLanguage\":\"es\"},{\"@type\":\"ImageObject\",\"@id\":\"http:\/\/www.colocolofs.es\/web\/cinco-jugadoras-causan-baja-en-el-ingertv-colo-colo\/#primaryimage\",\"inLanguage\":\"es\",\"url\":\"https:\/\/www.colocolofs.es\/web\/wp-content\/uploads\/2021\/07\/coloinger.jpg\",\"width\":1600,\"height\":800},{\"@type\":\"WebPage\",\"@id\":\"http:\/\/www.colocolofs.es\/web\/cinco-jugadoras-causan-baja-en-el-ingertv-colo-colo\/#webpage\",\"url\":\"http:\/\/www.colocolofs.es\/web\/cinco-jugadoras-causan-baja-en-el-ingertv-colo-colo\/\",\"name\":\"Cinco jugadoras causan baja en el IngerTV Colo Colo - Entrerr\\u00edos Automatizaci\\u00f3n\",\"isPartOf\":{\"@id\":\"https:\/\/www.colocolofs.es\/web\/#website\"},\"primaryImageOfPage\":{\"@id\":\"http:\/\/www.colocolofs.es\/web\/cinco-jugadoras-causan-baja-en-el-ingertv-colo-colo\/#primaryimage\"},\"datePublished\":\"2021-07-20T15:52:34+00:00\",\"dateModified\":\"2021-07-20T15:53:00+00:00\",\"author\":{\"@id\":\"https:\/\/www.colocolofs.es\/web\/#\/schema\/person\/1be91002ad639bd282f9d860b6eb7584\"},\"inLanguage\":\"es\",\"potentialAction\":[{\"@type\":\"ReadAction\",\"target\":[\"http:\/\/www.colocolofs.es\/web\/cinco-jugadoras-causan-baja-en-el-ingertv-colo-colo\/\"]}]},{\"@type\":[\"Person\"],\"@id\":\"https:\/\/www.colocolofs.es\/web\/#\/schema\/person\/1be91002ad639bd282f9d860b6eb7584\",\"name\":\"admin\"}]}<\/script>\n<!-- \/ Yoast SEO plugin. -->","_links":{"self":[{"href":"https:\/\/www.colocolofs.es\/web\/wp-json\/wp\/v2\/posts\/14252","targetHints":{"allow":["GET"]}}],"collection":[{"href":"https:\/\/www.colocolofs.es\/web\/wp-json\/wp\/v2\/posts"}],"about":[{"href":"https:\/\/www.colocolofs.es\/web\/wp-json\/wp\/v2\/types\/post"}],"author":[{"embeddable":true,"href":"https:\/\/www.colocolofs.es\/web\/wp-json\/wp\/v2\/users\/1"}],"replies":[{"embeddable":true,"href":"https:\/\/www.colocolofs.es\/web\/wp-json\/wp\/v2\/comments?post=14252"}],"version-history":[{"count":1,"href":"https:\/\/www.colocolofs.es\/web\/wp-json\/wp\/v2\/posts\/14252\/revisions"}],"predecessor-version":[{"id":14253,"href":"https:\/\/www.colocolofs.es\/web\/wp-json\/wp\/v2\/posts\/14252\/revisions\/14253"}],"wp:featuredmedia":[{"embeddable":true,"href":"https:\/\/www.colocolofs.es\/web\/wp-json\/wp\/v2\/media\/14249"}],"wp:attachment":[{"href":"https:\/\/www.colocolofs.es\/web\/wp-json\/wp\/v2\/media?parent=14252"}],"wp:term":[{"taxonomy":"category","embeddable":true,"href":"https:\/\/www.colocolofs.es\/web\/wp-json\/wp\/v2\/categories?post=14252"},{"taxonomy":"post_tag","embeddable":true,"href":"https:\/\/www.colocolofs.es\/web\/wp-json\/wp\/v2\/tags?post=14252"}],"curies":[{"name":"wp","href":"https:\/\/api.w.org\/{rel}","templated":true}]}}