{"id":14257,"date":"2021-07-21T07:29:24","date_gmt":"2021-07-21T07:29:24","guid":{"rendered":"http:\/\/www.colocolofs.es\/web\/?p=14257"},"modified":"2021-09-24T11:41:51","modified_gmt":"2021-09-24T11:41:51","slug":"la-plantilla-del-loalco-green-colo-colo-empieza-a-coger-forma","status":"publish","type":"post","link":"https:\/\/www.colocolofs.es\/web\/la-plantilla-del-loalco-green-colo-colo-empieza-a-coger-forma\/","title":{"rendered":"La plantilla del Loalco Green Colo Colo empieza a coger forma"},"content":{"rendered":"\n<p>Informamos que, una vez cerrada la llegada de Carlos Valero al banquillo del Loalco Green Colo Colo, la situaci\u00f3n de la plantilla es la siguiente:<\/p>\n\n\n\n<p>Con respecto a la temporada 2020\/2021, siguen en el equipo: Alberto Conde, Jacobo Ruiz, Javi Pascual, Juan Ib\u00e1\u00f1ez, Alejandro Pamplona, Dani Roche, Alejandro Lape\u00f1a, Dani Meseguer y Carlos Sampedro.\u00a0<\/p>\n\n\n\n<p>Causan baja: Alfonso Barcelona, Javi Barcelona, Adri\u00e1n Razquin y Guillermo Gracia. A los cuatro, les deseamos lo mejor tanto personal como deportivamente y les damos las gracias por su compromiso y esfuerzo durante el tiempo que han vestido la camiseta del Colo.&nbsp;<\/p>\n\n\n\n<p>Y una vez finalizada su etapa como juvenil, Jorge Nogueras pasa a tener ficha con el filial. Nogueras lleva desde 2018 en el Colo y ya ha debutado con el primer equipo en Segunda Divisi\u00f3n.&nbsp;<\/p>\n\n\n\n<p>Nogueras es, tras Sergio Molina, el segundo refuerzo del equipo para el nuevo curso.<\/p>\n\n\n\n<div class=\"wp-block-image\"><figure class=\"aligncenter size-large\"><img loading=\"lazy\" decoding=\"async\" width=\"1024\" height=\"755\" src=\"https:\/\/www.colocolofs.es\/web\/wp-content\/uploads\/2021\/07\/DANI-MESEGUER-1024x755.jpg\" alt=\"\" class=\"wp-image-14262\" srcset=\"https:\/\/www.colocolofs.es\/web\/wp-content\/uploads\/2021\/07\/DANI-MESEGUER-1024x755.jpg 1024w, https:\/\/www.colocolofs.es\/web\/wp-content\/uploads\/2021\/07\/DANI-MESEGUER-300x221.jpg 300w, https:\/\/www.colocolofs.es\/web\/wp-content\/uploads\/2021\/07\/DANI-MESEGUER-768x566.jpg 768w, https:\/\/www.colocolofs.es\/web\/wp-content\/uploads\/2021\/07\/DANI-MESEGUER-1536x1133.jpg 1536w, https:\/\/www.colocolofs.es\/web\/wp-content\/uploads\/2021\/07\/DANI-MESEGUER-750x553.jpg 750w, https:\/\/www.colocolofs.es\/web\/wp-content\/uploads\/2021\/07\/DANI-MESEGUER-1140x841.jpg 1140w, https:\/\/www.colocolofs.es\/web\/wp-content\/uploads\/2021\/07\/DANI-MESEGUER.jpg 2048w\" sizes=\"auto, (max-width: 1024px) 100vw, 1024px\" \/><figcaption>Dani Meseguer<\/figcaption><\/figure><\/div>\n\n\n\n<div class=\"wp-block-image\"><figure class=\"aligncenter size-large\"><img loading=\"lazy\" decoding=\"async\" width=\"1024\" height=\"683\" src=\"https:\/\/www.colocolofs.es\/web\/wp-content\/uploads\/2021\/07\/JACOBO-1024x683.jpg\" alt=\"\" class=\"wp-image-14266\" srcset=\"https:\/\/www.colocolofs.es\/web\/wp-content\/uploads\/2021\/07\/JACOBO-1024x683.jpg 1024w, https:\/\/www.colocolofs.es\/web\/wp-content\/uploads\/2021\/07\/JACOBO-300x200.jpg 300w, https:\/\/www.colocolofs.es\/web\/wp-content\/uploads\/2021\/07\/JACOBO-768x512.jpg 768w, https:\/\/www.colocolofs.es\/web\/wp-content\/uploads\/2021\/07\/JACOBO-1536x1024.jpg 1536w, https:\/\/www.colocolofs.es\/web\/wp-content\/uploads\/2021\/07\/JACOBO-750x500.jpg 750w, https:\/\/www.colocolofs.es\/web\/wp-content\/uploads\/2021\/07\/JACOBO-1140x760.jpg 1140w, https:\/\/www.colocolofs.es\/web\/wp-content\/uploads\/2021\/07\/JACOBO.jpg 2048w\" sizes=\"auto, (max-width: 1024px) 100vw, 1024px\" \/><figcaption>Jacobo Ruiz<\/figcaption><\/figure><\/div>\n\n\n\n<div class=\"wp-block-image\"><figure class=\"aligncenter size-large\"><img loading=\"lazy\" decoding=\"async\" width=\"1024\" height=\"765\" src=\"https:\/\/www.colocolofs.es\/web\/wp-content\/uploads\/2021\/07\/JAVI-PASCUAL-1024x765.jpg\" alt=\"\" class=\"wp-image-14265\" srcset=\"https:\/\/www.colocolofs.es\/web\/wp-content\/uploads\/2021\/07\/JAVI-PASCUAL-1024x765.jpg 1024w, https:\/\/www.colocolofs.es\/web\/wp-content\/uploads\/2021\/07\/JAVI-PASCUAL-300x224.jpg 300w, https:\/\/www.colocolofs.es\/web\/wp-content\/uploads\/2021\/07\/JAVI-PASCUAL-768x574.jpg 768w, https:\/\/www.colocolofs.es\/web\/wp-content\/uploads\/2021\/07\/JAVI-PASCUAL-1536x1148.jpg 1536w, https:\/\/www.colocolofs.es\/web\/wp-content\/uploads\/2021\/07\/JAVI-PASCUAL-750x560.jpg 750w, https:\/\/www.colocolofs.es\/web\/wp-content\/uploads\/2021\/07\/JAVI-PASCUAL-1140x852.jpg 1140w, https:\/\/www.colocolofs.es\/web\/wp-content\/uploads\/2021\/07\/JAVI-PASCUAL.jpg 2048w\" sizes=\"auto, (max-width: 1024px) 100vw, 1024px\" \/><figcaption>Javi Pascual<\/figcaption><\/figure><\/div>\n\n\n\n<div class=\"wp-block-image\"><figure class=\"aligncenter size-large\"><img loading=\"lazy\" decoding=\"async\" width=\"1024\" height=\"678\" src=\"https:\/\/www.colocolofs.es\/web\/wp-content\/uploads\/2021\/07\/JUAN-1024x678.jpg\" alt=\"\" class=\"wp-image-14267\" srcset=\"https:\/\/www.colocolofs.es\/web\/wp-content\/uploads\/2021\/07\/JUAN-1024x678.jpg 1024w, https:\/\/www.colocolofs.es\/web\/wp-content\/uploads\/2021\/07\/JUAN-300x198.jpg 300w, https:\/\/www.colocolofs.es\/web\/wp-content\/uploads\/2021\/07\/JUAN-768x508.jpg 768w, https:\/\/www.colocolofs.es\/web\/wp-content\/uploads\/2021\/07\/JUAN-1536x1016.jpg 1536w, https:\/\/www.colocolofs.es\/web\/wp-content\/uploads\/2021\/07\/JUAN-750x496.jpg 750w, https:\/\/www.colocolofs.es\/web\/wp-content\/uploads\/2021\/07\/JUAN-1140x754.jpg 1140w, https:\/\/www.colocolofs.es\/web\/wp-content\/uploads\/2021\/07\/JUAN.jpg 2048w\" sizes=\"auto, (max-width: 1024px) 100vw, 1024px\" \/><figcaption>Juan Ib\u00e1\u00f1ez<\/figcaption><\/figure><\/div>\n\n\n\n<div class=\"wp-block-image\"><figure class=\"aligncenter size-large\"><img loading=\"lazy\" decoding=\"async\" width=\"1024\" height=\"703\" src=\"https:\/\/www.colocolofs.es\/web\/wp-content\/uploads\/2021\/07\/LAPE-1024x703.jpg\" alt=\"\" class=\"wp-image-14268\" srcset=\"https:\/\/www.colocolofs.es\/web\/wp-content\/uploads\/2021\/07\/LAPE-1024x703.jpg 1024w, https:\/\/www.colocolofs.es\/web\/wp-content\/uploads\/2021\/07\/LAPE-300x206.jpg 300w, https:\/\/www.colocolofs.es\/web\/wp-content\/uploads\/2021\/07\/LAPE-768x527.jpg 768w, https:\/\/www.colocolofs.es\/web\/wp-content\/uploads\/2021\/07\/LAPE-1536x1055.jpg 1536w, https:\/\/www.colocolofs.es\/web\/wp-content\/uploads\/2021\/07\/LAPE-750x515.jpg 750w, https:\/\/www.colocolofs.es\/web\/wp-content\/uploads\/2021\/07\/LAPE-1140x783.jpg 1140w, https:\/\/www.colocolofs.es\/web\/wp-content\/uploads\/2021\/07\/LAPE.jpg 2048w\" sizes=\"auto, (max-width: 1024px) 100vw, 1024px\" \/><figcaption>Alejandro Lape\u00f1a<\/figcaption><\/figure><\/div>\n\n\n\n<div class=\"wp-block-image\"><figure class=\"aligncenter size-large\"><img loading=\"lazy\" decoding=\"async\" width=\"1024\" height=\"683\" src=\"https:\/\/www.colocolofs.es\/web\/wp-content\/uploads\/2021\/07\/PAM-1024x683.jpg\" alt=\"\" class=\"wp-image-14269\" srcset=\"https:\/\/www.colocolofs.es\/web\/wp-content\/uploads\/2021\/07\/PAM-1024x683.jpg 1024w, https:\/\/www.colocolofs.es\/web\/wp-content\/uploads\/2021\/07\/PAM-300x200.jpg 300w, https:\/\/www.colocolofs.es\/web\/wp-content\/uploads\/2021\/07\/PAM-768x512.jpg 768w, https:\/\/www.colocolofs.es\/web\/wp-content\/uploads\/2021\/07\/PAM-1536x1024.jpg 1536w, https:\/\/www.colocolofs.es\/web\/wp-content\/uploads\/2021\/07\/PAM-750x500.jpg 750w, https:\/\/www.colocolofs.es\/web\/wp-content\/uploads\/2021\/07\/PAM-1140x760.jpg 1140w, https:\/\/www.colocolofs.es\/web\/wp-content\/uploads\/2021\/07\/PAM.jpg 2048w\" sizes=\"auto, (max-width: 1024px) 100vw, 1024px\" \/><figcaption>Alejandro Pamplona<br><\/figcaption><\/figure><\/div>\n\n\n\n<div class=\"wp-block-image\"><figure class=\"aligncenter size-large\"><img loading=\"lazy\" decoding=\"async\" width=\"1024\" height=\"683\" src=\"https:\/\/www.colocolofs.es\/web\/wp-content\/uploads\/2021\/07\/BETO-1024x683.jpg\" alt=\"\" class=\"wp-image-14261\" srcset=\"https:\/\/www.colocolofs.es\/web\/wp-content\/uploads\/2021\/07\/BETO-1024x683.jpg 1024w, https:\/\/www.colocolofs.es\/web\/wp-content\/uploads\/2021\/07\/BETO-300x200.jpg 300w, https:\/\/www.colocolofs.es\/web\/wp-content\/uploads\/2021\/07\/BETO-768x512.jpg 768w, https:\/\/www.colocolofs.es\/web\/wp-content\/uploads\/2021\/07\/BETO-1536x1024.jpg 1536w, https:\/\/www.colocolofs.es\/web\/wp-content\/uploads\/2021\/07\/BETO-750x500.jpg 750w, https:\/\/www.colocolofs.es\/web\/wp-content\/uploads\/2021\/07\/BETO-1140x760.jpg 1140w, https:\/\/www.colocolofs.es\/web\/wp-content\/uploads\/2021\/07\/BETO.jpg 2048w\" sizes=\"auto, (max-width: 1024px) 100vw, 1024px\" \/><figcaption>Alberto Conde<\/figcaption><\/figure><\/div>\n\n\n\n<div class=\"wp-block-image\"><figure class=\"aligncenter size-large\"><img loading=\"lazy\" decoding=\"async\" width=\"1024\" height=\"813\" src=\"https:\/\/www.colocolofs.es\/web\/wp-content\/uploads\/2021\/07\/SAMPE-1024x813.jpg\" alt=\"\" class=\"wp-image-14270\" srcset=\"https:\/\/www.colocolofs.es\/web\/wp-content\/uploads\/2021\/07\/SAMPE-1024x813.jpg 1024w, https:\/\/www.colocolofs.es\/web\/wp-content\/uploads\/2021\/07\/SAMPE-300x238.jpg 300w, https:\/\/www.colocolofs.es\/web\/wp-content\/uploads\/2021\/07\/SAMPE-768x609.jpg 768w, https:\/\/www.colocolofs.es\/web\/wp-content\/uploads\/2021\/07\/SAMPE-1536x1219.jpg 1536w, https:\/\/www.colocolofs.es\/web\/wp-content\/uploads\/2021\/07\/SAMPE-750x595.jpg 750w, https:\/\/www.colocolofs.es\/web\/wp-content\/uploads\/2021\/07\/SAMPE-1140x905.jpg 1140w, https:\/\/www.colocolofs.es\/web\/wp-content\/uploads\/2021\/07\/SAMPE.jpg 2048w\" sizes=\"auto, (max-width: 1024px) 100vw, 1024px\" \/><figcaption>Carlos Sampedro<\/figcaption><\/figure><\/div>\n\n\n\n<div class=\"wp-block-image\"><figure class=\"aligncenter size-large\"><img loading=\"lazy\" decoding=\"async\" width=\"1024\" height=\"682\" src=\"https:\/\/www.colocolofs.es\/web\/wp-content\/uploads\/2021\/07\/WhatsApp-Image-2021-07-21-at-09.57.11-1024x682.jpeg\" alt=\"\" class=\"wp-image-14275\" srcset=\"https:\/\/www.colocolofs.es\/web\/wp-content\/uploads\/2021\/07\/WhatsApp-Image-2021-07-21-at-09.57.11-1024x682.jpeg 1024w, https:\/\/www.colocolofs.es\/web\/wp-content\/uploads\/2021\/07\/WhatsApp-Image-2021-07-21-at-09.57.11-300x200.jpeg 300w, https:\/\/www.colocolofs.es\/web\/wp-content\/uploads\/2021\/07\/WhatsApp-Image-2021-07-21-at-09.57.11-768x512.jpeg 768w, https:\/\/www.colocolofs.es\/web\/wp-content\/uploads\/2021\/07\/WhatsApp-Image-2021-07-21-at-09.57.11-1536x1023.jpeg 1536w, https:\/\/www.colocolofs.es\/web\/wp-content\/uploads\/2021\/07\/WhatsApp-Image-2021-07-21-at-09.57.11-750x500.jpeg 750w, https:\/\/www.colocolofs.es\/web\/wp-content\/uploads\/2021\/07\/WhatsApp-Image-2021-07-21-at-09.57.11-1140x759.jpeg 1140w, https:\/\/www.colocolofs.es\/web\/wp-content\/uploads\/2021\/07\/WhatsApp-Image-2021-07-21-at-09.57.11.jpeg 2048w\" sizes=\"auto, (max-width: 1024px) 100vw, 1024px\" \/><figcaption>Dani Roche<\/figcaption><\/figure><\/div>\n\n\n\n<div class=\"wp-block-image\"><figure class=\"aligncenter size-large\"><img loading=\"lazy\" decoding=\"async\" width=\"1024\" height=\"683\" src=\"https:\/\/www.colocolofs.es\/web\/wp-content\/uploads\/2021\/07\/WhatsApp-Image-2021-07-21-at-10.46.43.jpeg\" alt=\"\" class=\"wp-image-14276\" srcset=\"https:\/\/www.colocolofs.es\/web\/wp-content\/uploads\/2021\/07\/WhatsApp-Image-2021-07-21-at-10.46.43.jpeg 1024w, https:\/\/www.colocolofs.es\/web\/wp-content\/uploads\/2021\/07\/WhatsApp-Image-2021-07-21-at-10.46.43-300x200.jpeg 300w, https:\/\/www.colocolofs.es\/web\/wp-content\/uploads\/2021\/07\/WhatsApp-Image-2021-07-21-at-10.46.43-768x512.jpeg 768w, https:\/\/www.colocolofs.es\/web\/wp-content\/uploads\/2021\/07\/WhatsApp-Image-2021-07-21-at-10.46.43-750x500.jpeg 750w\" sizes=\"auto, (max-width: 1024px) 100vw, 1024px\" \/><figcaption>Jorge Nogueras<\/figcaption><\/figure><\/div>\n\n\n\n<div class=\"wp-block-image\"><figure class=\"aligncenter size-large\"><img loading=\"lazy\" decoding=\"async\" width=\"1024\" height=\"648\" src=\"https:\/\/www.colocolofs.es\/web\/wp-content\/uploads\/2021\/07\/BARCE-JR-1024x648.jpg\" alt=\"\" class=\"wp-image-14259\" srcset=\"https:\/\/www.colocolofs.es\/web\/wp-content\/uploads\/2021\/07\/BARCE-JR-1024x648.jpg 1024w, https:\/\/www.colocolofs.es\/web\/wp-content\/uploads\/2021\/07\/BARCE-JR-300x190.jpg 300w, https:\/\/www.colocolofs.es\/web\/wp-content\/uploads\/2021\/07\/BARCE-JR-768x486.jpg 768w, https:\/\/www.colocolofs.es\/web\/wp-content\/uploads\/2021\/07\/BARCE-JR-1536x971.jpg 1536w, https:\/\/www.colocolofs.es\/web\/wp-content\/uploads\/2021\/07\/BARCE-JR-750x474.jpg 750w, https:\/\/www.colocolofs.es\/web\/wp-content\/uploads\/2021\/07\/BARCE-JR-1140x721.jpg 1140w, https:\/\/www.colocolofs.es\/web\/wp-content\/uploads\/2021\/07\/BARCE-JR.jpg 2048w\" sizes=\"auto, (max-width: 1024px) 100vw, 1024px\" \/><figcaption>Alfonso Barcelona<\/figcaption><\/figure><\/div>\n\n\n\n<div class=\"wp-block-image\"><figure class=\"aligncenter size-large\"><img loading=\"lazy\" decoding=\"async\" width=\"1024\" height=\"683\" src=\"https:\/\/www.colocolofs.es\/web\/wp-content\/uploads\/2021\/07\/BARCE-1024x683.jpg\" alt=\"\" class=\"wp-image-14260\" srcset=\"https:\/\/www.colocolofs.es\/web\/wp-content\/uploads\/2021\/07\/BARCE-1024x683.jpg 1024w, https:\/\/www.colocolofs.es\/web\/wp-content\/uploads\/2021\/07\/BARCE-300x200.jpg 300w, https:\/\/www.colocolofs.es\/web\/wp-content\/uploads\/2021\/07\/BARCE-768x512.jpg 768w, https:\/\/www.colocolofs.es\/web\/wp-content\/uploads\/2021\/07\/BARCE-1536x1024.jpg 1536w, https:\/\/www.colocolofs.es\/web\/wp-content\/uploads\/2021\/07\/BARCE-750x500.jpg 750w, https:\/\/www.colocolofs.es\/web\/wp-content\/uploads\/2021\/07\/BARCE-1140x760.jpg 1140w, https:\/\/www.colocolofs.es\/web\/wp-content\/uploads\/2021\/07\/BARCE.jpg 2048w\" sizes=\"auto, (max-width: 1024px) 100vw, 1024px\" \/><figcaption>Javier Barcelona<\/figcaption><\/figure><\/div>\n\n\n\n<div class=\"wp-block-image\"><figure class=\"aligncenter size-large\"><img loading=\"lazy\" decoding=\"async\" width=\"683\" height=\"1024\" src=\"https:\/\/www.colocolofs.es\/web\/wp-content\/uploads\/2021\/07\/GUILLE-1-683x1024.jpg\" alt=\"\" class=\"wp-image-14264\" srcset=\"https:\/\/www.colocolofs.es\/web\/wp-content\/uploads\/2021\/07\/GUILLE-1-683x1024.jpg 683w, https:\/\/www.colocolofs.es\/web\/wp-content\/uploads\/2021\/07\/GUILLE-1-200x300.jpg 200w, https:\/\/www.colocolofs.es\/web\/wp-content\/uploads\/2021\/07\/GUILLE-1-768x1152.jpg 768w, https:\/\/www.colocolofs.es\/web\/wp-content\/uploads\/2021\/07\/GUILLE-1-1024x1536.jpg 1024w, https:\/\/www.colocolofs.es\/web\/wp-content\/uploads\/2021\/07\/GUILLE-1-1365x2048.jpg 1365w, https:\/\/www.colocolofs.es\/web\/wp-content\/uploads\/2021\/07\/GUILLE-1-750x1125.jpg 750w, https:\/\/www.colocolofs.es\/web\/wp-content\/uploads\/2021\/07\/GUILLE-1-1140x1710.jpg 1140w, https:\/\/www.colocolofs.es\/web\/wp-content\/uploads\/2021\/07\/GUILLE-1-scaled.jpg 1707w\" sizes=\"auto, (max-width: 683px) 100vw, 683px\" \/><figcaption>Guillermo Gracia<\/figcaption><\/figure><\/div>\n\n\n\n<div class=\"wp-block-image\"><figure class=\"aligncenter size-large\"><img loading=\"lazy\" decoding=\"async\" width=\"1024\" height=\"645\" src=\"https:\/\/www.colocolofs.es\/web\/wp-content\/uploads\/2021\/07\/DSC_2170-1024x645.jpg\" alt=\"\" class=\"wp-image-14274\" srcset=\"https:\/\/www.colocolofs.es\/web\/wp-content\/uploads\/2021\/07\/DSC_2170-1024x645.jpg 1024w, https:\/\/www.colocolofs.es\/web\/wp-content\/uploads\/2021\/07\/DSC_2170-300x189.jpg 300w, https:\/\/www.colocolofs.es\/web\/wp-content\/uploads\/2021\/07\/DSC_2170-768x484.jpg 768w, https:\/\/www.colocolofs.es\/web\/wp-content\/uploads\/2021\/07\/DSC_2170-1536x968.jpg 1536w, https:\/\/www.colocolofs.es\/web\/wp-content\/uploads\/2021\/07\/DSC_2170-750x472.jpg 750w, https:\/\/www.colocolofs.es\/web\/wp-content\/uploads\/2021\/07\/DSC_2170-1140x718.jpg 1140w, https:\/\/www.colocolofs.es\/web\/wp-content\/uploads\/2021\/07\/DSC_2170.jpg 2048w\" sizes=\"auto, (max-width: 1024px) 100vw, 1024px\" \/><figcaption>Adri\u00e1n Razquin<\/figcaption><\/figure><\/div>\n","protected":false},"excerpt":{"rendered":"<p>Informamos que, una vez cerrada la llegada de Carlos Valero al banquillo del Loalco Green Colo Colo, la situaci\u00f3n de la plantilla es la siguiente: Con respecto a la temporada 2020\/2021, siguen en el equipo: Alberto Conde, Jacobo Ruiz, Javi Pascual, Juan Ib\u00e1\u00f1ez, Alejandro Pamplona, Dani Roche, Alejandro Lape\u00f1a, Dani Meseguer y Carlos Sampedro.\u00a0 Causan [&hellip;]<\/p>\n","protected":false},"author":1,"featured_media":14278,"comment_status":"closed","ping_status":"closed","sticky":false,"template":"","format":"standard","meta":{"footnotes":""},"categories":[6,14],"tags":[],"class_list":["post-14257","post","type-post","status-publish","format-standard","has-post-thumbnail","hentry","category-categorias-base","category-filial"],"jetpack_featured_media_url":"https:\/\/www.colocolofs.es\/web\/wp-content\/uploads\/2021\/07\/loalcogreen.jpg","yoast_head":"<!-- This site is optimized with the Yoast SEO plugin v14.4.1 - https:\/\/yoast.com\/wordpress\/plugins\/seo\/ -->\n<title>La plantilla del Loalco Green Colo Colo empieza a coger forma - Entrerr\u00edos Automatizaci\u00f3n<\/title>\n<meta name=\"robots\" content=\"index, follow\" \/>\n<meta name=\"googlebot\" content=\"index, follow, max-snippet:-1, max-image-preview:large, max-video-preview:-1\" \/>\n<meta name=\"bingbot\" content=\"index, follow, max-snippet:-1, max-image-preview:large, max-video-preview:-1\" \/>\n<link rel=\"canonical\" href=\"http:\/\/www.colocolofs.es\/web\/la-plantilla-del-loalco-green-colo-colo-empieza-a-coger-forma\/\" \/>\n<meta property=\"og:locale\" content=\"es_ES\" \/>\n<meta property=\"og:type\" content=\"article\" \/>\n<meta property=\"og:title\" content=\"La plantilla del Loalco Green Colo Colo empieza a coger forma - Entrerr\u00edos Automatizaci\u00f3n\" \/>\n<meta property=\"og:description\" content=\"Informamos que, una vez cerrada la llegada de Carlos Valero al banquillo del Loalco Green Colo Colo, la situaci\u00f3n de la plantilla es la siguiente: Con respecto a la temporada 2020\/2021, siguen en el equipo: Alberto Conde, Jacobo Ruiz, Javi Pascual, Juan Ib\u00e1\u00f1ez, Alejandro Pamplona, Dani Roche, Alejandro Lape\u00f1a, Dani Meseguer y Carlos Sampedro.\u00a0 Causan [&hellip;]\" \/>\n<meta property=\"og:url\" content=\"http:\/\/www.colocolofs.es\/web\/la-plantilla-del-loalco-green-colo-colo-empieza-a-coger-forma\/\" \/>\n<meta property=\"og:site_name\" content=\"Entrerr\u00edos Automatizaci\u00f3n\" \/>\n<meta property=\"article:published_time\" content=\"2021-07-21T07:29:24+00:00\" \/>\n<meta property=\"article:modified_time\" content=\"2021-09-24T11:41:51+00:00\" \/>\n<meta property=\"og:image\" content=\"https:\/\/www.colocolofs.es\/web\/wp-content\/uploads\/2021\/07\/loalcogreen.jpg\" \/>\n\t<meta property=\"og:image:width\" content=\"1600\" \/>\n\t<meta property=\"og:image:height\" content=\"800\" \/>\n<meta name=\"twitter:card\" content=\"summary_large_image\" \/>\n<script type=\"application\/ld+json\" class=\"yoast-schema-graph\">{\"@context\":\"https:\/\/schema.org\",\"@graph\":[{\"@type\":\"WebSite\",\"@id\":\"https:\/\/www.colocolofs.es\/web\/#website\",\"url\":\"https:\/\/www.colocolofs.es\/web\/\",\"name\":\"Entrerr\\u00edos Automatizaci\\u00f3n\",\"description\":\"Web oficial\",\"potentialAction\":[{\"@type\":\"SearchAction\",\"target\":\"https:\/\/www.colocolofs.es\/web\/?s={search_term_string}\",\"query-input\":\"required name=search_term_string\"}],\"inLanguage\":\"es\"},{\"@type\":\"ImageObject\",\"@id\":\"http:\/\/www.colocolofs.es\/web\/la-plantilla-del-loalco-green-colo-colo-empieza-a-coger-forma\/#primaryimage\",\"inLanguage\":\"es\",\"url\":\"https:\/\/www.colocolofs.es\/web\/wp-content\/uploads\/2021\/07\/loalcogreen.jpg\",\"width\":1600,\"height\":800},{\"@type\":\"WebPage\",\"@id\":\"http:\/\/www.colocolofs.es\/web\/la-plantilla-del-loalco-green-colo-colo-empieza-a-coger-forma\/#webpage\",\"url\":\"http:\/\/www.colocolofs.es\/web\/la-plantilla-del-loalco-green-colo-colo-empieza-a-coger-forma\/\",\"name\":\"La plantilla del Loalco Green Colo Colo empieza a coger forma - Entrerr\\u00edos Automatizaci\\u00f3n\",\"isPartOf\":{\"@id\":\"https:\/\/www.colocolofs.es\/web\/#website\"},\"primaryImageOfPage\":{\"@id\":\"http:\/\/www.colocolofs.es\/web\/la-plantilla-del-loalco-green-colo-colo-empieza-a-coger-forma\/#primaryimage\"},\"datePublished\":\"2021-07-21T07:29:24+00:00\",\"dateModified\":\"2021-09-24T11:41:51+00:00\",\"author\":{\"@id\":\"https:\/\/www.colocolofs.es\/web\/#\/schema\/person\/1be91002ad639bd282f9d860b6eb7584\"},\"inLanguage\":\"es\",\"potentialAction\":[{\"@type\":\"ReadAction\",\"target\":[\"http:\/\/www.colocolofs.es\/web\/la-plantilla-del-loalco-green-colo-colo-empieza-a-coger-forma\/\"]}]},{\"@type\":[\"Person\"],\"@id\":\"https:\/\/www.colocolofs.es\/web\/#\/schema\/person\/1be91002ad639bd282f9d860b6eb7584\",\"name\":\"admin\"}]}<\/script>\n<!-- \/ Yoast SEO plugin. -->","_links":{"self":[{"href":"https:\/\/www.colocolofs.es\/web\/wp-json\/wp\/v2\/posts\/14257","targetHints":{"allow":["GET"]}}],"collection":[{"href":"https:\/\/www.colocolofs.es\/web\/wp-json\/wp\/v2\/posts"}],"about":[{"href":"https:\/\/www.colocolofs.es\/web\/wp-json\/wp\/v2\/types\/post"}],"author":[{"embeddable":true,"href":"https:\/\/www.colocolofs.es\/web\/wp-json\/wp\/v2\/users\/1"}],"replies":[{"embeddable":true,"href":"https:\/\/www.colocolofs.es\/web\/wp-json\/wp\/v2\/comments?post=14257"}],"version-history":[{"count":6,"href":"https:\/\/www.colocolofs.es\/web\/wp-json\/wp\/v2\/posts\/14257\/revisions"}],"predecessor-version":[{"id":14279,"href":"https:\/\/www.colocolofs.es\/web\/wp-json\/wp\/v2\/posts\/14257\/revisions\/14279"}],"wp:featuredmedia":[{"embeddable":true,"href":"https:\/\/www.colocolofs.es\/web\/wp-json\/wp\/v2\/media\/14278"}],"wp:attachment":[{"href":"https:\/\/www.colocolofs.es\/web\/wp-json\/wp\/v2\/media?parent=14257"}],"wp:term":[{"taxonomy":"category","embeddable":true,"href":"https:\/\/www.colocolofs.es\/web\/wp-json\/wp\/v2\/categories?post=14257"},{"taxonomy":"post_tag","embeddable":true,"href":"https:\/\/www.colocolofs.es\/web\/wp-json\/wp\/v2\/tags?post=14257"}],"curies":[{"name":"wp","href":"https:\/\/api.w.org\/{rel}","templated":true}]}}