{"id":14288,"date":"2021-07-22T11:17:10","date_gmt":"2021-07-22T11:17:10","guid":{"rendered":"http:\/\/www.colocolofs.es\/web\/?p=14288"},"modified":"2021-07-22T11:17:22","modified_gmt":"2021-07-22T11:17:22","slug":"estreno-liguero-ante-el-real-betis-b","status":"publish","type":"post","link":"https:\/\/www.colocolofs.es\/web\/estreno-liguero-ante-el-real-betis-b\/","title":{"rendered":"Estreno liguero ante el Real Betis &#8216;B&#8217;"},"content":{"rendered":"\n<p>La Real Federaci\u00f3n Espa\u00f1ola de F\u00fatbol ha publicado el calendario de Liga de la temporada 2021\/2022.<\/p>\n\n\n\n<p>En la primera jornada, el Full Energ\u00eda Zaragoza se tendr\u00e1 que desplazar hasta Sevilla para enfrentarse al Real Betis &#8216;B&#8217; el 11 de septiembre.<\/p>\n\n\n\n<p>El estreno en La Granja va a ser contra el Bar\u00e7a &#8216;B&#8217;, en la jornada dos, el 18 de septiembre.<\/p>\n\n\n\n<p>En el \u00faltimo duelo liguero, previsto para el 7 de mayo, el Full Energ\u00eda Zaragoza visitar\u00e1 el Primero de Mayo para enfrentarse al Soliss FS Talavera. <\/p>\n\n\n\n<p>Para consultar el calendario completo, pulsa <a href=\"https:\/\/www.rfef.es\/sites\/default\/files\/images19\/segunda_division.pdf\" target=\"_blank\" aria-label=\"undefined (abre en una nueva pesta\u00f1a)\" rel=\"noreferrer noopener\">aqu\u00ed<\/a>. <\/p>\n","protected":false},"excerpt":{"rendered":"<p>La Real Federaci\u00f3n Espa\u00f1ola de F\u00fatbol ha publicado el calendario de Liga de la temporada 2021\/2022. En la primera jornada, el Full Energ\u00eda Zaragoza se tendr\u00e1 que desplazar hasta Sevilla para enfrentarse al Real Betis &#8216;B&#8217; el 11 de septiembre. El estreno en La Granja va a ser contra el Bar\u00e7a &#8216;B&#8217;, en la jornada [&hellip;]<\/p>\n","protected":false},"author":1,"featured_media":14289,"comment_status":"closed","ping_status":"closed","sticky":false,"template":"","format":"standard","meta":{"footnotes":""},"categories":[5],"tags":[],"class_list":["post-14288","post","type-post","status-publish","format-standard","has-post-thumbnail","hentry","category-primer-equipo"],"jetpack_featured_media_url":"https:\/\/www.colocolofs.es\/web\/wp-content\/uploads\/2021\/07\/DSC_2913.jpg","yoast_head":"<!-- This site is optimized with the Yoast SEO plugin v14.4.1 - https:\/\/yoast.com\/wordpress\/plugins\/seo\/ -->\n<title>Estreno liguero ante el Real Betis &#039;B&#039; - Entrerr\u00edos Automatizaci\u00f3n<\/title>\n<meta name=\"robots\" content=\"index, follow\" \/>\n<meta name=\"googlebot\" content=\"index, follow, max-snippet:-1, max-image-preview:large, max-video-preview:-1\" \/>\n<meta name=\"bingbot\" content=\"index, follow, max-snippet:-1, max-image-preview:large, max-video-preview:-1\" \/>\n<link rel=\"canonical\" href=\"http:\/\/www.colocolofs.es\/web\/estreno-liguero-ante-el-real-betis-b\/\" \/>\n<meta property=\"og:locale\" content=\"es_ES\" \/>\n<meta property=\"og:type\" content=\"article\" \/>\n<meta property=\"og:title\" content=\"Estreno liguero ante el Real Betis &#039;B&#039; - Entrerr\u00edos Automatizaci\u00f3n\" \/>\n<meta property=\"og:description\" content=\"La Real Federaci\u00f3n Espa\u00f1ola de F\u00fatbol ha publicado el calendario de Liga de la temporada 2021\/2022. En la primera jornada, el Full Energ\u00eda Zaragoza se tendr\u00e1 que desplazar hasta Sevilla para enfrentarse al Real Betis &#8216;B&#8217; el 11 de septiembre. El estreno en La Granja va a ser contra el Bar\u00e7a &#8216;B&#8217;, en la jornada [&hellip;]\" \/>\n<meta property=\"og:url\" content=\"http:\/\/www.colocolofs.es\/web\/estreno-liguero-ante-el-real-betis-b\/\" \/>\n<meta property=\"og:site_name\" content=\"Entrerr\u00edos Automatizaci\u00f3n\" \/>\n<meta property=\"article:published_time\" content=\"2021-07-22T11:17:10+00:00\" \/>\n<meta property=\"article:modified_time\" content=\"2021-07-22T11:17:22+00:00\" \/>\n<meta property=\"og:image\" content=\"https:\/\/www.colocolofs.es\/web\/wp-content\/uploads\/2021\/07\/DSC_2913.jpg\" \/>\n\t<meta property=\"og:image:width\" content=\"2048\" \/>\n\t<meta property=\"og:image:height\" content=\"1384\" \/>\n<meta name=\"twitter:card\" content=\"summary_large_image\" \/>\n<script type=\"application\/ld+json\" class=\"yoast-schema-graph\">{\"@context\":\"https:\/\/schema.org\",\"@graph\":[{\"@type\":\"WebSite\",\"@id\":\"https:\/\/www.colocolofs.es\/web\/#website\",\"url\":\"https:\/\/www.colocolofs.es\/web\/\",\"name\":\"Entrerr\\u00edos Automatizaci\\u00f3n\",\"description\":\"Web oficial\",\"potentialAction\":[{\"@type\":\"SearchAction\",\"target\":\"https:\/\/www.colocolofs.es\/web\/?s={search_term_string}\",\"query-input\":\"required name=search_term_string\"}],\"inLanguage\":\"es\"},{\"@type\":\"ImageObject\",\"@id\":\"http:\/\/www.colocolofs.es\/web\/estreno-liguero-ante-el-real-betis-b\/#primaryimage\",\"inLanguage\":\"es\",\"url\":\"https:\/\/www.colocolofs.es\/web\/wp-content\/uploads\/2021\/07\/DSC_2913.jpg\",\"width\":2048,\"height\":1384,\"caption\":\"Foto: Andrea Royo L\\u00f3pez\"},{\"@type\":\"WebPage\",\"@id\":\"http:\/\/www.colocolofs.es\/web\/estreno-liguero-ante-el-real-betis-b\/#webpage\",\"url\":\"http:\/\/www.colocolofs.es\/web\/estreno-liguero-ante-el-real-betis-b\/\",\"name\":\"Estreno liguero ante el Real Betis 'B' - Entrerr\\u00edos Automatizaci\\u00f3n\",\"isPartOf\":{\"@id\":\"https:\/\/www.colocolofs.es\/web\/#website\"},\"primaryImageOfPage\":{\"@id\":\"http:\/\/www.colocolofs.es\/web\/estreno-liguero-ante-el-real-betis-b\/#primaryimage\"},\"datePublished\":\"2021-07-22T11:17:10+00:00\",\"dateModified\":\"2021-07-22T11:17:22+00:00\",\"author\":{\"@id\":\"https:\/\/www.colocolofs.es\/web\/#\/schema\/person\/1be91002ad639bd282f9d860b6eb7584\"},\"inLanguage\":\"es\",\"potentialAction\":[{\"@type\":\"ReadAction\",\"target\":[\"http:\/\/www.colocolofs.es\/web\/estreno-liguero-ante-el-real-betis-b\/\"]}]},{\"@type\":[\"Person\"],\"@id\":\"https:\/\/www.colocolofs.es\/web\/#\/schema\/person\/1be91002ad639bd282f9d860b6eb7584\",\"name\":\"admin\"}]}<\/script>\n<!-- \/ Yoast SEO plugin. -->","_links":{"self":[{"href":"https:\/\/www.colocolofs.es\/web\/wp-json\/wp\/v2\/posts\/14288","targetHints":{"allow":["GET"]}}],"collection":[{"href":"https:\/\/www.colocolofs.es\/web\/wp-json\/wp\/v2\/posts"}],"about":[{"href":"https:\/\/www.colocolofs.es\/web\/wp-json\/wp\/v2\/types\/post"}],"author":[{"embeddable":true,"href":"https:\/\/www.colocolofs.es\/web\/wp-json\/wp\/v2\/users\/1"}],"replies":[{"embeddable":true,"href":"https:\/\/www.colocolofs.es\/web\/wp-json\/wp\/v2\/comments?post=14288"}],"version-history":[{"count":1,"href":"https:\/\/www.colocolofs.es\/web\/wp-json\/wp\/v2\/posts\/14288\/revisions"}],"predecessor-version":[{"id":14290,"href":"https:\/\/www.colocolofs.es\/web\/wp-json\/wp\/v2\/posts\/14288\/revisions\/14290"}],"wp:featuredmedia":[{"embeddable":true,"href":"https:\/\/www.colocolofs.es\/web\/wp-json\/wp\/v2\/media\/14289"}],"wp:attachment":[{"href":"https:\/\/www.colocolofs.es\/web\/wp-json\/wp\/v2\/media?parent=14288"}],"wp:term":[{"taxonomy":"category","embeddable":true,"href":"https:\/\/www.colocolofs.es\/web\/wp-json\/wp\/v2\/categories?post=14288"},{"taxonomy":"post_tag","embeddable":true,"href":"https:\/\/www.colocolofs.es\/web\/wp-json\/wp\/v2\/tags?post=14288"}],"curies":[{"name":"wp","href":"https:\/\/api.w.org\/{rel}","templated":true}]}}