{"id":14335,"date":"2021-07-26T07:36:42","date_gmt":"2021-07-26T07:36:42","guid":{"rendered":"http:\/\/www.colocolofs.es\/web\/?p=14335"},"modified":"2021-07-26T07:36:50","modified_gmt":"2021-07-26T07:36:50","slug":"bienvenida-emma","status":"publish","type":"post","link":"https:\/\/www.colocolofs.es\/web\/bienvenida-emma\/","title":{"rendered":"\u00a1Bienvenida Emma!"},"content":{"rendered":"\n<p>Emma Del Castillo Rodr\u00edguez (Zaragoza, 9\/9\/2001) se incorpora al IngerTV Colo Colo.<\/p>\n\n\n\n<p>Emma ha estado desde 2017 hasta 2021 en el Intersala Promises, jugando en Juvenil, Primera Auton\u00f3mica y Segunda Divisi\u00f3n -en la temporada 2020\/2021 participando en once partidos y marcando un gol-. En su palmar\u00e9s cuenta con una Liga Juvenil en 2017 -de la que fue m\u00e1xima goleadora de la Liga con 32 goles- y un sub-campeonato de Primera Auton\u00f3mica en el curso 2019\/2020.<\/p>\n\n\n\n<p>Emma ve que en el Inger TV Colo Colo \u201chay un gran grupo que me puede aportar cosas, y creo que voy a estar c\u00f3moda con mis nuevas compa\u00f1eras\u201d.<\/p>\n\n\n\n<p>Al equipo, dice que aportar\u00e1 \u201crapidez y regate, adem\u00e1s de diversi\u00f3n en los entrenamientos y partidos\u201d.<\/p>\n\n\n\n<p>Y esto es lo que espera de la temporada: \u201cQuiero aprender y disfrutar jugando al f\u00fatbol sala\u201d.<\/p>\n","protected":false},"excerpt":{"rendered":"<p>Emma Del Castillo Rodr\u00edguez (Zaragoza, 9\/9\/2001) se incorpora al IngerTV Colo Colo. Emma ha estado desde 2017 hasta 2021 en el Intersala Promises, jugando en Juvenil, Primera Auton\u00f3mica y Segunda Divisi\u00f3n -en la temporada 2020\/2021 participando en once partidos y marcando un gol-. En su palmar\u00e9s cuenta con una Liga Juvenil en 2017 -de la [&hellip;]<\/p>\n","protected":false},"author":1,"featured_media":14336,"comment_status":"closed","ping_status":"closed","sticky":false,"template":"","format":"standard","meta":{"footnotes":""},"categories":[8],"tags":[],"class_list":["post-14335","post","type-post","status-publish","format-standard","has-post-thumbnail","hentry","category-colo-colo-femenino"],"jetpack_featured_media_url":"https:\/\/www.colocolofs.es\/web\/wp-content\/uploads\/2021\/07\/Bienvenida-Emma.jpg","yoast_head":"<!-- This site is optimized with the Yoast SEO plugin v14.4.1 - https:\/\/yoast.com\/wordpress\/plugins\/seo\/ -->\n<title>\u00a1Bienvenida Emma! - Entrerr\u00edos Automatizaci\u00f3n<\/title>\n<meta name=\"robots\" content=\"index, follow\" \/>\n<meta name=\"googlebot\" content=\"index, follow, max-snippet:-1, max-image-preview:large, max-video-preview:-1\" \/>\n<meta name=\"bingbot\" content=\"index, follow, max-snippet:-1, max-image-preview:large, max-video-preview:-1\" \/>\n<link rel=\"canonical\" href=\"http:\/\/www.colocolofs.es\/web\/bienvenida-emma\/\" \/>\n<meta property=\"og:locale\" content=\"es_ES\" \/>\n<meta property=\"og:type\" content=\"article\" \/>\n<meta property=\"og:title\" content=\"\u00a1Bienvenida Emma! - Entrerr\u00edos Automatizaci\u00f3n\" \/>\n<meta property=\"og:description\" content=\"Emma Del Castillo Rodr\u00edguez (Zaragoza, 9\/9\/2001) se incorpora al IngerTV Colo Colo. Emma ha estado desde 2017 hasta 2021 en el Intersala Promises, jugando en Juvenil, Primera Auton\u00f3mica y Segunda Divisi\u00f3n -en la temporada 2020\/2021 participando en once partidos y marcando un gol-. En su palmar\u00e9s cuenta con una Liga Juvenil en 2017 -de la [&hellip;]\" \/>\n<meta property=\"og:url\" content=\"http:\/\/www.colocolofs.es\/web\/bienvenida-emma\/\" \/>\n<meta property=\"og:site_name\" content=\"Entrerr\u00edos Automatizaci\u00f3n\" \/>\n<meta property=\"article:published_time\" content=\"2021-07-26T07:36:42+00:00\" \/>\n<meta property=\"article:modified_time\" content=\"2021-07-26T07:36:50+00:00\" \/>\n<meta property=\"og:image\" content=\"https:\/\/www.colocolofs.es\/web\/wp-content\/uploads\/2021\/07\/Bienvenida-Emma.jpg\" \/>\n\t<meta property=\"og:image:width\" content=\"1600\" \/>\n\t<meta property=\"og:image:height\" content=\"800\" \/>\n<meta name=\"twitter:card\" content=\"summary_large_image\" \/>\n<script type=\"application\/ld+json\" class=\"yoast-schema-graph\">{\"@context\":\"https:\/\/schema.org\",\"@graph\":[{\"@type\":\"WebSite\",\"@id\":\"https:\/\/www.colocolofs.es\/web\/#website\",\"url\":\"https:\/\/www.colocolofs.es\/web\/\",\"name\":\"Entrerr\\u00edos Automatizaci\\u00f3n\",\"description\":\"Web oficial\",\"potentialAction\":[{\"@type\":\"SearchAction\",\"target\":\"https:\/\/www.colocolofs.es\/web\/?s={search_term_string}\",\"query-input\":\"required name=search_term_string\"}],\"inLanguage\":\"es\"},{\"@type\":\"ImageObject\",\"@id\":\"http:\/\/www.colocolofs.es\/web\/bienvenida-emma\/#primaryimage\",\"inLanguage\":\"es\",\"url\":\"https:\/\/www.colocolofs.es\/web\/wp-content\/uploads\/2021\/07\/Bienvenida-Emma.jpg\",\"width\":1600,\"height\":800},{\"@type\":\"WebPage\",\"@id\":\"http:\/\/www.colocolofs.es\/web\/bienvenida-emma\/#webpage\",\"url\":\"http:\/\/www.colocolofs.es\/web\/bienvenida-emma\/\",\"name\":\"\\u00a1Bienvenida Emma! - Entrerr\\u00edos Automatizaci\\u00f3n\",\"isPartOf\":{\"@id\":\"https:\/\/www.colocolofs.es\/web\/#website\"},\"primaryImageOfPage\":{\"@id\":\"http:\/\/www.colocolofs.es\/web\/bienvenida-emma\/#primaryimage\"},\"datePublished\":\"2021-07-26T07:36:42+00:00\",\"dateModified\":\"2021-07-26T07:36:50+00:00\",\"author\":{\"@id\":\"https:\/\/www.colocolofs.es\/web\/#\/schema\/person\/1be91002ad639bd282f9d860b6eb7584\"},\"inLanguage\":\"es\",\"potentialAction\":[{\"@type\":\"ReadAction\",\"target\":[\"http:\/\/www.colocolofs.es\/web\/bienvenida-emma\/\"]}]},{\"@type\":[\"Person\"],\"@id\":\"https:\/\/www.colocolofs.es\/web\/#\/schema\/person\/1be91002ad639bd282f9d860b6eb7584\",\"name\":\"admin\"}]}<\/script>\n<!-- \/ Yoast SEO plugin. -->","_links":{"self":[{"href":"https:\/\/www.colocolofs.es\/web\/wp-json\/wp\/v2\/posts\/14335","targetHints":{"allow":["GET"]}}],"collection":[{"href":"https:\/\/www.colocolofs.es\/web\/wp-json\/wp\/v2\/posts"}],"about":[{"href":"https:\/\/www.colocolofs.es\/web\/wp-json\/wp\/v2\/types\/post"}],"author":[{"embeddable":true,"href":"https:\/\/www.colocolofs.es\/web\/wp-json\/wp\/v2\/users\/1"}],"replies":[{"embeddable":true,"href":"https:\/\/www.colocolofs.es\/web\/wp-json\/wp\/v2\/comments?post=14335"}],"version-history":[{"count":1,"href":"https:\/\/www.colocolofs.es\/web\/wp-json\/wp\/v2\/posts\/14335\/revisions"}],"predecessor-version":[{"id":14337,"href":"https:\/\/www.colocolofs.es\/web\/wp-json\/wp\/v2\/posts\/14335\/revisions\/14337"}],"wp:featuredmedia":[{"embeddable":true,"href":"https:\/\/www.colocolofs.es\/web\/wp-json\/wp\/v2\/media\/14336"}],"wp:attachment":[{"href":"https:\/\/www.colocolofs.es\/web\/wp-json\/wp\/v2\/media?parent=14335"}],"wp:term":[{"taxonomy":"category","embeddable":true,"href":"https:\/\/www.colocolofs.es\/web\/wp-json\/wp\/v2\/categories?post=14335"},{"taxonomy":"post_tag","embeddable":true,"href":"https:\/\/www.colocolofs.es\/web\/wp-json\/wp\/v2\/tags?post=14335"}],"curies":[{"name":"wp","href":"https:\/\/api.w.org\/{rel}","templated":true}]}}