{"id":14353,"date":"2021-07-26T11:07:45","date_gmt":"2021-07-26T11:07:45","guid":{"rendered":"http:\/\/www.colocolofs.es\/web\/?p=14353"},"modified":"2021-09-24T11:41:47","modified_gmt":"2021-09-24T11:41:47","slug":"el-loalco-green-colo-colo-se-enfrentara-al-sala-quinto-en-la-copa-del-gobierno-de-aragon","status":"publish","type":"post","link":"https:\/\/www.colocolofs.es\/web\/el-loalco-green-colo-colo-se-enfrentara-al-sala-quinto-en-la-copa-del-gobierno-de-aragon\/","title":{"rendered":"El Loalco Green Colo Colo se enfrentar\u00e1 al Sala Quinto en la Copa del Gobierno de Arag\u00f3n"},"content":{"rendered":"\n<p>La Federaci\u00f3n Aragonesa de F\u00fatbol ha sorteado los emparejamientos de la primera ronda de la XIII Copa del Gobierno de Arag\u00f3n. <\/p>\n\n\n\n<p>El Loalco Green Colo Colo se enfrentar\u00e1 al Sala Quinto el 4 de septiembre, en el pabell\u00f3n del equipo de la Ribera Baja del Ebro. Los otros duelos ser\u00e1n: Borja FS &#8211; Tauste FS, Almonacid &#8211; Sala 2012 y La Uni\u00f3n Calatayud &#8211; CD Pinseque.<\/p>\n\n\n\n<p>En caso de vencer al Sala Quinto, el Loalco Green Colo Colo jugar\u00eda en la segunda eliminatoria (11 de septiembre) frente al ganador del Calatayud &#8211; CD Pinseque.<\/p>\n","protected":false},"excerpt":{"rendered":"<p>La Federaci\u00f3n Aragonesa de F\u00fatbol ha sorteado los emparejamientos de la primera ronda de la XIII Copa del Gobierno de Arag\u00f3n. El Loalco Green Colo Colo se enfrentar\u00e1 al Sala Quinto el 4 de septiembre, en el pabell\u00f3n del equipo de la Ribera Baja del Ebro. Los otros duelos ser\u00e1n: Borja FS &#8211; Tauste FS, [&hellip;]<\/p>\n","protected":false},"author":1,"featured_media":14354,"comment_status":"closed","ping_status":"closed","sticky":false,"template":"","format":"standard","meta":{"footnotes":""},"categories":[6,14],"tags":[],"class_list":["post-14353","post","type-post","status-publish","format-standard","has-post-thumbnail","hentry","category-categorias-base","category-filial"],"jetpack_featured_media_url":"https:\/\/www.colocolofs.es\/web\/wp-content\/uploads\/2021\/07\/DSC_2135.jpg","yoast_head":"<!-- This site is optimized with the Yoast SEO plugin v14.4.1 - https:\/\/yoast.com\/wordpress\/plugins\/seo\/ -->\n<title>El Loalco Green Colo Colo se enfrentar\u00e1 al Sala Quinto en la Copa del Gobierno de Arag\u00f3n - Entrerr\u00edos Automatizaci\u00f3n<\/title>\n<meta name=\"robots\" content=\"index, follow\" \/>\n<meta name=\"googlebot\" content=\"index, follow, max-snippet:-1, max-image-preview:large, max-video-preview:-1\" \/>\n<meta name=\"bingbot\" content=\"index, follow, max-snippet:-1, max-image-preview:large, max-video-preview:-1\" \/>\n<link rel=\"canonical\" href=\"http:\/\/www.colocolofs.es\/web\/el-loalco-green-colo-colo-se-enfrentara-al-sala-quinto-en-la-copa-del-gobierno-de-aragon\/\" \/>\n<meta property=\"og:locale\" content=\"es_ES\" \/>\n<meta property=\"og:type\" content=\"article\" \/>\n<meta property=\"og:title\" content=\"El Loalco Green Colo Colo se enfrentar\u00e1 al Sala Quinto en la Copa del Gobierno de Arag\u00f3n - Entrerr\u00edos Automatizaci\u00f3n\" \/>\n<meta property=\"og:description\" content=\"La Federaci\u00f3n Aragonesa de F\u00fatbol ha sorteado los emparejamientos de la primera ronda de la XIII Copa del Gobierno de Arag\u00f3n. El Loalco Green Colo Colo se enfrentar\u00e1 al Sala Quinto el 4 de septiembre, en el pabell\u00f3n del equipo de la Ribera Baja del Ebro. Los otros duelos ser\u00e1n: Borja FS &#8211; Tauste FS, [&hellip;]\" \/>\n<meta property=\"og:url\" content=\"http:\/\/www.colocolofs.es\/web\/el-loalco-green-colo-colo-se-enfrentara-al-sala-quinto-en-la-copa-del-gobierno-de-aragon\/\" \/>\n<meta property=\"og:site_name\" content=\"Entrerr\u00edos Automatizaci\u00f3n\" \/>\n<meta property=\"article:published_time\" content=\"2021-07-26T11:07:45+00:00\" \/>\n<meta property=\"article:modified_time\" content=\"2021-09-24T11:41:47+00:00\" \/>\n<meta property=\"og:image\" content=\"https:\/\/www.colocolofs.es\/web\/wp-content\/uploads\/2021\/07\/DSC_2135.jpg\" \/>\n\t<meta property=\"og:image:width\" content=\"2048\" \/>\n\t<meta property=\"og:image:height\" content=\"1365\" \/>\n<meta name=\"twitter:card\" content=\"summary_large_image\" \/>\n<script type=\"application\/ld+json\" class=\"yoast-schema-graph\">{\"@context\":\"https:\/\/schema.org\",\"@graph\":[{\"@type\":\"WebSite\",\"@id\":\"https:\/\/www.colocolofs.es\/web\/#website\",\"url\":\"https:\/\/www.colocolofs.es\/web\/\",\"name\":\"Entrerr\\u00edos Automatizaci\\u00f3n\",\"description\":\"Web oficial\",\"potentialAction\":[{\"@type\":\"SearchAction\",\"target\":\"https:\/\/www.colocolofs.es\/web\/?s={search_term_string}\",\"query-input\":\"required name=search_term_string\"}],\"inLanguage\":\"es\"},{\"@type\":\"ImageObject\",\"@id\":\"http:\/\/www.colocolofs.es\/web\/el-loalco-green-colo-colo-se-enfrentara-al-sala-quinto-en-la-copa-del-gobierno-de-aragon\/#primaryimage\",\"inLanguage\":\"es\",\"url\":\"https:\/\/www.colocolofs.es\/web\/wp-content\/uploads\/2021\/07\/DSC_2135.jpg\",\"width\":2048,\"height\":1365,\"caption\":\"Foto: Andrea Royo L\\u00f3pez\"},{\"@type\":\"WebPage\",\"@id\":\"http:\/\/www.colocolofs.es\/web\/el-loalco-green-colo-colo-se-enfrentara-al-sala-quinto-en-la-copa-del-gobierno-de-aragon\/#webpage\",\"url\":\"http:\/\/www.colocolofs.es\/web\/el-loalco-green-colo-colo-se-enfrentara-al-sala-quinto-en-la-copa-del-gobierno-de-aragon\/\",\"name\":\"El Loalco Green Colo Colo se enfrentar\\u00e1 al Sala Quinto en la Copa del Gobierno de Arag\\u00f3n - Entrerr\\u00edos Automatizaci\\u00f3n\",\"isPartOf\":{\"@id\":\"https:\/\/www.colocolofs.es\/web\/#website\"},\"primaryImageOfPage\":{\"@id\":\"http:\/\/www.colocolofs.es\/web\/el-loalco-green-colo-colo-se-enfrentara-al-sala-quinto-en-la-copa-del-gobierno-de-aragon\/#primaryimage\"},\"datePublished\":\"2021-07-26T11:07:45+00:00\",\"dateModified\":\"2021-09-24T11:41:47+00:00\",\"author\":{\"@id\":\"https:\/\/www.colocolofs.es\/web\/#\/schema\/person\/1be91002ad639bd282f9d860b6eb7584\"},\"inLanguage\":\"es\",\"potentialAction\":[{\"@type\":\"ReadAction\",\"target\":[\"http:\/\/www.colocolofs.es\/web\/el-loalco-green-colo-colo-se-enfrentara-al-sala-quinto-en-la-copa-del-gobierno-de-aragon\/\"]}]},{\"@type\":[\"Person\"],\"@id\":\"https:\/\/www.colocolofs.es\/web\/#\/schema\/person\/1be91002ad639bd282f9d860b6eb7584\",\"name\":\"admin\"}]}<\/script>\n<!-- \/ Yoast SEO plugin. -->","_links":{"self":[{"href":"https:\/\/www.colocolofs.es\/web\/wp-json\/wp\/v2\/posts\/14353","targetHints":{"allow":["GET"]}}],"collection":[{"href":"https:\/\/www.colocolofs.es\/web\/wp-json\/wp\/v2\/posts"}],"about":[{"href":"https:\/\/www.colocolofs.es\/web\/wp-json\/wp\/v2\/types\/post"}],"author":[{"embeddable":true,"href":"https:\/\/www.colocolofs.es\/web\/wp-json\/wp\/v2\/users\/1"}],"replies":[{"embeddable":true,"href":"https:\/\/www.colocolofs.es\/web\/wp-json\/wp\/v2\/comments?post=14353"}],"version-history":[{"count":2,"href":"https:\/\/www.colocolofs.es\/web\/wp-json\/wp\/v2\/posts\/14353\/revisions"}],"predecessor-version":[{"id":14356,"href":"https:\/\/www.colocolofs.es\/web\/wp-json\/wp\/v2\/posts\/14353\/revisions\/14356"}],"wp:featuredmedia":[{"embeddable":true,"href":"https:\/\/www.colocolofs.es\/web\/wp-json\/wp\/v2\/media\/14354"}],"wp:attachment":[{"href":"https:\/\/www.colocolofs.es\/web\/wp-json\/wp\/v2\/media?parent=14353"}],"wp:term":[{"taxonomy":"category","embeddable":true,"href":"https:\/\/www.colocolofs.es\/web\/wp-json\/wp\/v2\/categories?post=14353"},{"taxonomy":"post_tag","embeddable":true,"href":"https:\/\/www.colocolofs.es\/web\/wp-json\/wp\/v2\/tags?post=14353"}],"curies":[{"name":"wp","href":"https:\/\/api.w.org\/{rel}","templated":true}]}}