{"id":14361,"date":"2021-07-28T10:20:47","date_gmt":"2021-07-28T10:20:47","guid":{"rendered":"http:\/\/www.colocolofs.es\/web\/?p=14361"},"modified":"2021-07-28T10:21:01","modified_gmt":"2021-07-28T10:21:01","slug":"nuria-renovada","status":"publish","type":"post","link":"https:\/\/www.colocolofs.es\/web\/nuria-renovada\/","title":{"rendered":"Nuria, \u00a1Renovada!"},"content":{"rendered":"\n<p>Nuria Guti\u00e9rrez renueva con el IngerTV Colo Colo, y se muestra ambiciosa de cara al curso 2021\/2022: \u201cEspero disfrutar y mejorar, tanto a nivel individual como en equipo. Adem\u00e1s, ser\u00eda bonito luchar por ascender o, al menos, tener opciones en los \u00faltimos partidos\u201d.\u00a0<\/p>\n\n\n\n<p>Para Nuria, seguir en el IngerTV Colo Colo significa \u201cuna nueva oportunidad, nuevos retos y una nueva ocasi\u00f3n de seguir disfrutando del f\u00fatbol sala\u201d.<\/p>\n\n\n\n<p>Respecto a la pasada temporada, Nuria considera que \u201cno lo hicimos mal, terminando en mitad de tabla y es algo a tener en cuenta dado que \u00e9ramos un equipo nuevo y con muchas jugadoras debutantes en la categor\u00eda. Tuvimos peque\u00f1os errores que nos costaron puntos, pero yo estoy contenta por c\u00f3mo se est\u00e1 trabajando\u201d.<\/p>\n","protected":false},"excerpt":{"rendered":"<p>Nuria Guti\u00e9rrez renueva con el IngerTV Colo Colo, y se muestra ambiciosa de cara al curso 2021\/2022: \u201cEspero disfrutar y mejorar, tanto a nivel individual como en equipo. Adem\u00e1s, ser\u00eda bonito luchar por ascender o, al menos, tener opciones en los \u00faltimos partidos\u201d.\u00a0 Para Nuria, seguir en el IngerTV Colo Colo significa \u201cuna nueva oportunidad, [&hellip;]<\/p>\n","protected":false},"author":1,"featured_media":14362,"comment_status":"closed","ping_status":"closed","sticky":false,"template":"","format":"standard","meta":{"footnotes":""},"categories":[8],"tags":[],"class_list":["post-14361","post","type-post","status-publish","format-standard","has-post-thumbnail","hentry","category-colo-colo-femenino"],"jetpack_featured_media_url":"https:\/\/www.colocolofs.es\/web\/wp-content\/uploads\/2021\/07\/Renovaci\u00f3n-Nuria-Guti\u00e9rrez.jpg","yoast_head":"<!-- This site is optimized with the Yoast SEO plugin v14.4.1 - https:\/\/yoast.com\/wordpress\/plugins\/seo\/ -->\n<title>Nuria, \u00a1Renovada! - Entrerr\u00edos Automatizaci\u00f3n<\/title>\n<meta name=\"robots\" content=\"index, follow\" \/>\n<meta name=\"googlebot\" content=\"index, follow, max-snippet:-1, max-image-preview:large, max-video-preview:-1\" \/>\n<meta name=\"bingbot\" content=\"index, follow, max-snippet:-1, max-image-preview:large, max-video-preview:-1\" \/>\n<link rel=\"canonical\" href=\"http:\/\/www.colocolofs.es\/web\/nuria-renovada\/\" \/>\n<meta property=\"og:locale\" content=\"es_ES\" \/>\n<meta property=\"og:type\" content=\"article\" \/>\n<meta property=\"og:title\" content=\"Nuria, \u00a1Renovada! - Entrerr\u00edos Automatizaci\u00f3n\" \/>\n<meta property=\"og:description\" content=\"Nuria Guti\u00e9rrez renueva con el IngerTV Colo Colo, y se muestra ambiciosa de cara al curso 2021\/2022: \u201cEspero disfrutar y mejorar, tanto a nivel individual como en equipo. Adem\u00e1s, ser\u00eda bonito luchar por ascender o, al menos, tener opciones en los \u00faltimos partidos\u201d.\u00a0 Para Nuria, seguir en el IngerTV Colo Colo significa \u201cuna nueva oportunidad, [&hellip;]\" \/>\n<meta property=\"og:url\" content=\"http:\/\/www.colocolofs.es\/web\/nuria-renovada\/\" \/>\n<meta property=\"og:site_name\" content=\"Entrerr\u00edos Automatizaci\u00f3n\" \/>\n<meta property=\"article:published_time\" content=\"2021-07-28T10:20:47+00:00\" \/>\n<meta property=\"article:modified_time\" content=\"2021-07-28T10:21:01+00:00\" \/>\n<meta property=\"og:image\" content=\"https:\/\/www.colocolofs.es\/web\/wp-content\/uploads\/2021\/07\/Renovaci\u00f3n-Nuria-Guti\u00e9rrez.jpg\" \/>\n\t<meta property=\"og:image:width\" content=\"1600\" \/>\n\t<meta property=\"og:image:height\" content=\"800\" \/>\n<meta name=\"twitter:card\" content=\"summary_large_image\" \/>\n<script type=\"application\/ld+json\" class=\"yoast-schema-graph\">{\"@context\":\"https:\/\/schema.org\",\"@graph\":[{\"@type\":\"WebSite\",\"@id\":\"https:\/\/www.colocolofs.es\/web\/#website\",\"url\":\"https:\/\/www.colocolofs.es\/web\/\",\"name\":\"Entrerr\\u00edos Automatizaci\\u00f3n\",\"description\":\"Web oficial\",\"potentialAction\":[{\"@type\":\"SearchAction\",\"target\":\"https:\/\/www.colocolofs.es\/web\/?s={search_term_string}\",\"query-input\":\"required name=search_term_string\"}],\"inLanguage\":\"es\"},{\"@type\":\"ImageObject\",\"@id\":\"http:\/\/www.colocolofs.es\/web\/nuria-renovada\/#primaryimage\",\"inLanguage\":\"es\",\"url\":\"https:\/\/www.colocolofs.es\/web\/wp-content\/uploads\/2021\/07\/Renovaci\\u00f3n-Nuria-Guti\\u00e9rrez.jpg\",\"width\":1600,\"height\":800},{\"@type\":\"WebPage\",\"@id\":\"http:\/\/www.colocolofs.es\/web\/nuria-renovada\/#webpage\",\"url\":\"http:\/\/www.colocolofs.es\/web\/nuria-renovada\/\",\"name\":\"Nuria, \\u00a1Renovada! - Entrerr\\u00edos Automatizaci\\u00f3n\",\"isPartOf\":{\"@id\":\"https:\/\/www.colocolofs.es\/web\/#website\"},\"primaryImageOfPage\":{\"@id\":\"http:\/\/www.colocolofs.es\/web\/nuria-renovada\/#primaryimage\"},\"datePublished\":\"2021-07-28T10:20:47+00:00\",\"dateModified\":\"2021-07-28T10:21:01+00:00\",\"author\":{\"@id\":\"https:\/\/www.colocolofs.es\/web\/#\/schema\/person\/1be91002ad639bd282f9d860b6eb7584\"},\"inLanguage\":\"es\",\"potentialAction\":[{\"@type\":\"ReadAction\",\"target\":[\"http:\/\/www.colocolofs.es\/web\/nuria-renovada\/\"]}]},{\"@type\":[\"Person\"],\"@id\":\"https:\/\/www.colocolofs.es\/web\/#\/schema\/person\/1be91002ad639bd282f9d860b6eb7584\",\"name\":\"admin\"}]}<\/script>\n<!-- \/ Yoast SEO plugin. -->","_links":{"self":[{"href":"https:\/\/www.colocolofs.es\/web\/wp-json\/wp\/v2\/posts\/14361","targetHints":{"allow":["GET"]}}],"collection":[{"href":"https:\/\/www.colocolofs.es\/web\/wp-json\/wp\/v2\/posts"}],"about":[{"href":"https:\/\/www.colocolofs.es\/web\/wp-json\/wp\/v2\/types\/post"}],"author":[{"embeddable":true,"href":"https:\/\/www.colocolofs.es\/web\/wp-json\/wp\/v2\/users\/1"}],"replies":[{"embeddable":true,"href":"https:\/\/www.colocolofs.es\/web\/wp-json\/wp\/v2\/comments?post=14361"}],"version-history":[{"count":1,"href":"https:\/\/www.colocolofs.es\/web\/wp-json\/wp\/v2\/posts\/14361\/revisions"}],"predecessor-version":[{"id":14363,"href":"https:\/\/www.colocolofs.es\/web\/wp-json\/wp\/v2\/posts\/14361\/revisions\/14363"}],"wp:featuredmedia":[{"embeddable":true,"href":"https:\/\/www.colocolofs.es\/web\/wp-json\/wp\/v2\/media\/14362"}],"wp:attachment":[{"href":"https:\/\/www.colocolofs.es\/web\/wp-json\/wp\/v2\/media?parent=14361"}],"wp:term":[{"taxonomy":"category","embeddable":true,"href":"https:\/\/www.colocolofs.es\/web\/wp-json\/wp\/v2\/categories?post=14361"},{"taxonomy":"post_tag","embeddable":true,"href":"https:\/\/www.colocolofs.es\/web\/wp-json\/wp\/v2\/tags?post=14361"}],"curies":[{"name":"wp","href":"https:\/\/api.w.org\/{rel}","templated":true}]}}