{"id":14381,"date":"2021-08-02T08:09:49","date_gmt":"2021-08-02T08:09:49","guid":{"rendered":"http:\/\/www.colocolofs.es\/web\/?p=14381"},"modified":"2021-08-02T08:10:32","modified_gmt":"2021-08-02T08:10:32","slug":"andrea-redrado-renovada","status":"publish","type":"post","link":"https:\/\/www.colocolofs.es\/web\/andrea-redrado-renovada\/","title":{"rendered":"Andrea Redrado, \u00a1Renovada!"},"content":{"rendered":"\n<p>Andrea Redrado y el IngerTV Colo Colo seguir\u00e1n juntos durante la temporada 2021\/2022.<\/p>\n\n\n\n<p>Andrea dice estar \u201cmuy contenta y motivada por poder seguir formando parte de este equipo, y estoy con muchas ganas de seguir aprendiendo y de luchar con mis compa\u00f1eras para intentar estar en lo m\u00e1s alto\u201d.<\/p>\n\n\n\n<p>El curso 21\/22 va a ser el segundo de Andrea en el IngerTV Colo Colo y, tambi\u00e9n, en Primera Auton\u00f3mica. Andrea cree que \u201ceste a\u00f1o nos ha servido, sobre todo, para conocernos m\u00e1s dentro de la pista y adaptarnos a los sistemas de juego\u201d.&nbsp;<\/p>\n\n\n\n<p>Y hace el siguiente an\u00e1lisis del debut del equipo en la categor\u00eda: \u201cHicimos un gran esfuerzo, compitiendo a un alto nivel a pesar de que algunas no hab\u00edamos jugado nunca en esta categor\u00eda. Hemos demostrado que tenemos el nivel suficiente para competir en esta categor\u00eda e incluso luchar por el ascenso\u201d.<\/p>\n\n\n\n<p>Por ello, de cara al nuevo curso, no renuncia a nada: \u201cEstoy segura de que vamos a tener un objetivo muy ambicioso\u201d, afirma.<\/p>\n","protected":false},"excerpt":{"rendered":"<p>Andrea Redrado y el IngerTV Colo Colo seguir\u00e1n juntos durante la temporada 2021\/2022. Andrea dice estar \u201cmuy contenta y motivada por poder seguir formando parte de este equipo, y estoy con muchas ganas de seguir aprendiendo y de luchar con mis compa\u00f1eras para intentar estar en lo m\u00e1s alto\u201d. El curso 21\/22 va a ser [&hellip;]<\/p>\n","protected":false},"author":1,"featured_media":14382,"comment_status":"closed","ping_status":"closed","sticky":false,"template":"","format":"standard","meta":{"footnotes":""},"categories":[8],"tags":[],"class_list":["post-14381","post","type-post","status-publish","format-standard","has-post-thumbnail","hentry","category-colo-colo-femenino"],"jetpack_featured_media_url":"https:\/\/www.colocolofs.es\/web\/wp-content\/uploads\/2021\/08\/Renovaci\u00f3n-Andrea-Redrado-1.jpg","yoast_head":"<!-- This site is optimized with the Yoast SEO plugin v14.4.1 - https:\/\/yoast.com\/wordpress\/plugins\/seo\/ -->\n<title>Andrea Redrado, \u00a1Renovada! - Entrerr\u00edos Automatizaci\u00f3n<\/title>\n<meta name=\"robots\" content=\"index, follow\" \/>\n<meta name=\"googlebot\" content=\"index, follow, max-snippet:-1, max-image-preview:large, max-video-preview:-1\" \/>\n<meta name=\"bingbot\" content=\"index, follow, max-snippet:-1, max-image-preview:large, max-video-preview:-1\" \/>\n<link rel=\"canonical\" href=\"http:\/\/www.colocolofs.es\/web\/andrea-redrado-renovada\/\" \/>\n<meta property=\"og:locale\" content=\"es_ES\" \/>\n<meta property=\"og:type\" content=\"article\" \/>\n<meta property=\"og:title\" content=\"Andrea Redrado, \u00a1Renovada! - Entrerr\u00edos Automatizaci\u00f3n\" \/>\n<meta property=\"og:description\" content=\"Andrea Redrado y el IngerTV Colo Colo seguir\u00e1n juntos durante la temporada 2021\/2022. Andrea dice estar \u201cmuy contenta y motivada por poder seguir formando parte de este equipo, y estoy con muchas ganas de seguir aprendiendo y de luchar con mis compa\u00f1eras para intentar estar en lo m\u00e1s alto\u201d. El curso 21\/22 va a ser [&hellip;]\" \/>\n<meta property=\"og:url\" content=\"http:\/\/www.colocolofs.es\/web\/andrea-redrado-renovada\/\" \/>\n<meta property=\"og:site_name\" content=\"Entrerr\u00edos Automatizaci\u00f3n\" \/>\n<meta property=\"article:published_time\" content=\"2021-08-02T08:09:49+00:00\" \/>\n<meta property=\"article:modified_time\" content=\"2021-08-02T08:10:32+00:00\" \/>\n<meta property=\"og:image\" content=\"https:\/\/www.colocolofs.es\/web\/wp-content\/uploads\/2021\/08\/Renovaci\u00f3n-Andrea-Redrado-1.jpg\" \/>\n\t<meta property=\"og:image:width\" content=\"1600\" \/>\n\t<meta property=\"og:image:height\" content=\"800\" \/>\n<meta name=\"twitter:card\" content=\"summary_large_image\" \/>\n<script type=\"application\/ld+json\" class=\"yoast-schema-graph\">{\"@context\":\"https:\/\/schema.org\",\"@graph\":[{\"@type\":\"WebSite\",\"@id\":\"https:\/\/www.colocolofs.es\/web\/#website\",\"url\":\"https:\/\/www.colocolofs.es\/web\/\",\"name\":\"Entrerr\\u00edos Automatizaci\\u00f3n\",\"description\":\"Web oficial\",\"potentialAction\":[{\"@type\":\"SearchAction\",\"target\":\"https:\/\/www.colocolofs.es\/web\/?s={search_term_string}\",\"query-input\":\"required name=search_term_string\"}],\"inLanguage\":\"es\"},{\"@type\":\"ImageObject\",\"@id\":\"http:\/\/www.colocolofs.es\/web\/andrea-redrado-renovada\/#primaryimage\",\"inLanguage\":\"es\",\"url\":\"https:\/\/www.colocolofs.es\/web\/wp-content\/uploads\/2021\/08\/Renovaci\\u00f3n-Andrea-Redrado-1.jpg\",\"width\":1600,\"height\":800},{\"@type\":\"WebPage\",\"@id\":\"http:\/\/www.colocolofs.es\/web\/andrea-redrado-renovada\/#webpage\",\"url\":\"http:\/\/www.colocolofs.es\/web\/andrea-redrado-renovada\/\",\"name\":\"Andrea Redrado, \\u00a1Renovada! - Entrerr\\u00edos Automatizaci\\u00f3n\",\"isPartOf\":{\"@id\":\"https:\/\/www.colocolofs.es\/web\/#website\"},\"primaryImageOfPage\":{\"@id\":\"http:\/\/www.colocolofs.es\/web\/andrea-redrado-renovada\/#primaryimage\"},\"datePublished\":\"2021-08-02T08:09:49+00:00\",\"dateModified\":\"2021-08-02T08:10:32+00:00\",\"author\":{\"@id\":\"https:\/\/www.colocolofs.es\/web\/#\/schema\/person\/1be91002ad639bd282f9d860b6eb7584\"},\"inLanguage\":\"es\",\"potentialAction\":[{\"@type\":\"ReadAction\",\"target\":[\"http:\/\/www.colocolofs.es\/web\/andrea-redrado-renovada\/\"]}]},{\"@type\":[\"Person\"],\"@id\":\"https:\/\/www.colocolofs.es\/web\/#\/schema\/person\/1be91002ad639bd282f9d860b6eb7584\",\"name\":\"admin\"}]}<\/script>\n<!-- \/ Yoast SEO plugin. -->","_links":{"self":[{"href":"https:\/\/www.colocolofs.es\/web\/wp-json\/wp\/v2\/posts\/14381","targetHints":{"allow":["GET"]}}],"collection":[{"href":"https:\/\/www.colocolofs.es\/web\/wp-json\/wp\/v2\/posts"}],"about":[{"href":"https:\/\/www.colocolofs.es\/web\/wp-json\/wp\/v2\/types\/post"}],"author":[{"embeddable":true,"href":"https:\/\/www.colocolofs.es\/web\/wp-json\/wp\/v2\/users\/1"}],"replies":[{"embeddable":true,"href":"https:\/\/www.colocolofs.es\/web\/wp-json\/wp\/v2\/comments?post=14381"}],"version-history":[{"count":1,"href":"https:\/\/www.colocolofs.es\/web\/wp-json\/wp\/v2\/posts\/14381\/revisions"}],"predecessor-version":[{"id":14383,"href":"https:\/\/www.colocolofs.es\/web\/wp-json\/wp\/v2\/posts\/14381\/revisions\/14383"}],"wp:featuredmedia":[{"embeddable":true,"href":"https:\/\/www.colocolofs.es\/web\/wp-json\/wp\/v2\/media\/14382"}],"wp:attachment":[{"href":"https:\/\/www.colocolofs.es\/web\/wp-json\/wp\/v2\/media?parent=14381"}],"wp:term":[{"taxonomy":"category","embeddable":true,"href":"https:\/\/www.colocolofs.es\/web\/wp-json\/wp\/v2\/categories?post=14381"},{"taxonomy":"post_tag","embeddable":true,"href":"https:\/\/www.colocolofs.es\/web\/wp-json\/wp\/v2\/tags?post=14381"}],"curies":[{"name":"wp","href":"https:\/\/api.w.org\/{rel}","templated":true}]}}