{"id":14385,"date":"2021-08-03T07:16:34","date_gmt":"2021-08-03T07:16:34","guid":{"rendered":"http:\/\/www.colocolofs.es\/web\/?p=14385"},"modified":"2021-08-03T07:16:46","modified_gmt":"2021-08-03T07:16:46","slug":"gracias-aitor","status":"publish","type":"post","link":"https:\/\/www.colocolofs.es\/web\/gracias-aitor\/","title":{"rendered":"\u00a1Gracias Aitor!"},"content":{"rendered":"\n<p>Aitor Abenia finaliza su v\u00ednculo con el Full Energ\u00eda Zaragoza.\u00a0El jugador de Quinto se incorpor\u00f3 al equipo entrenado por Alfonso Rodriguez en 2019, dando el salto a Segunda Divisi\u00f3n despu\u00e9s de militar en Segunda Divisi\u00f3n \u2018B\u2019 con el Sala Quinto.<\/p>\n\n\n\n<p>En los dos cursos que ha estado en el Full Energ\u00eda Zaragoza, Aitor ha tenido minutos en 43 encuentros de Segunda Divisi\u00f3n y 4 de Copa del Rey, consiguiendo marcar diez goles.<\/p>\n\n\n\n<p>Desde el Club queremos dar las gracias a Aitor por su excelente compromiso durante el tiempo que ha permanecido en el equipo, dese\u00e1ndole lo mejor en su futuro tanto personal como deportivo.<\/p>\n","protected":false},"excerpt":{"rendered":"<p>Aitor Abenia finaliza su v\u00ednculo con el Full Energ\u00eda Zaragoza.\u00a0El jugador de Quinto se incorpor\u00f3 al equipo entrenado por Alfonso Rodriguez en 2019, dando el salto a Segunda Divisi\u00f3n despu\u00e9s de militar en Segunda Divisi\u00f3n \u2018B\u2019 con el Sala Quinto. En los dos cursos que ha estado en el Full Energ\u00eda Zaragoza, Aitor ha tenido [&hellip;]<\/p>\n","protected":false},"author":1,"featured_media":14386,"comment_status":"closed","ping_status":"closed","sticky":false,"template":"","format":"standard","meta":{"footnotes":""},"categories":[5],"tags":[],"class_list":["post-14385","post","type-post","status-publish","format-standard","has-post-thumbnail","hentry","category-primer-equipo"],"jetpack_featured_media_url":"https:\/\/www.colocolofs.es\/web\/wp-content\/uploads\/2021\/08\/Gracias_Aitor.jpg","yoast_head":"<!-- This site is optimized with the Yoast SEO plugin v14.4.1 - https:\/\/yoast.com\/wordpress\/plugins\/seo\/ -->\n<title>\u00a1Gracias Aitor! - Entrerr\u00edos Automatizaci\u00f3n<\/title>\n<meta name=\"robots\" content=\"index, follow\" \/>\n<meta name=\"googlebot\" content=\"index, follow, max-snippet:-1, max-image-preview:large, max-video-preview:-1\" \/>\n<meta name=\"bingbot\" content=\"index, follow, max-snippet:-1, max-image-preview:large, max-video-preview:-1\" \/>\n<link rel=\"canonical\" href=\"http:\/\/www.colocolofs.es\/web\/gracias-aitor\/\" \/>\n<meta property=\"og:locale\" content=\"es_ES\" \/>\n<meta property=\"og:type\" content=\"article\" \/>\n<meta property=\"og:title\" content=\"\u00a1Gracias Aitor! - Entrerr\u00edos Automatizaci\u00f3n\" \/>\n<meta property=\"og:description\" content=\"Aitor Abenia finaliza su v\u00ednculo con el Full Energ\u00eda Zaragoza.\u00a0El jugador de Quinto se incorpor\u00f3 al equipo entrenado por Alfonso Rodriguez en 2019, dando el salto a Segunda Divisi\u00f3n despu\u00e9s de militar en Segunda Divisi\u00f3n \u2018B\u2019 con el Sala Quinto. En los dos cursos que ha estado en el Full Energ\u00eda Zaragoza, Aitor ha tenido [&hellip;]\" \/>\n<meta property=\"og:url\" content=\"http:\/\/www.colocolofs.es\/web\/gracias-aitor\/\" \/>\n<meta property=\"og:site_name\" content=\"Entrerr\u00edos Automatizaci\u00f3n\" \/>\n<meta property=\"article:published_time\" content=\"2021-08-03T07:16:34+00:00\" \/>\n<meta property=\"article:modified_time\" content=\"2021-08-03T07:16:46+00:00\" \/>\n<meta property=\"og:image\" content=\"https:\/\/www.colocolofs.es\/web\/wp-content\/uploads\/2021\/08\/Gracias_Aitor.jpg\" \/>\n\t<meta property=\"og:image:width\" content=\"1600\" \/>\n\t<meta property=\"og:image:height\" content=\"800\" \/>\n<meta name=\"twitter:card\" content=\"summary_large_image\" \/>\n<script type=\"application\/ld+json\" class=\"yoast-schema-graph\">{\"@context\":\"https:\/\/schema.org\",\"@graph\":[{\"@type\":\"WebSite\",\"@id\":\"https:\/\/www.colocolofs.es\/web\/#website\",\"url\":\"https:\/\/www.colocolofs.es\/web\/\",\"name\":\"Entrerr\\u00edos Automatizaci\\u00f3n\",\"description\":\"Web oficial\",\"potentialAction\":[{\"@type\":\"SearchAction\",\"target\":\"https:\/\/www.colocolofs.es\/web\/?s={search_term_string}\",\"query-input\":\"required name=search_term_string\"}],\"inLanguage\":\"es\"},{\"@type\":\"ImageObject\",\"@id\":\"http:\/\/www.colocolofs.es\/web\/gracias-aitor\/#primaryimage\",\"inLanguage\":\"es\",\"url\":\"https:\/\/www.colocolofs.es\/web\/wp-content\/uploads\/2021\/08\/Gracias_Aitor.jpg\",\"width\":1600,\"height\":800},{\"@type\":\"WebPage\",\"@id\":\"http:\/\/www.colocolofs.es\/web\/gracias-aitor\/#webpage\",\"url\":\"http:\/\/www.colocolofs.es\/web\/gracias-aitor\/\",\"name\":\"\\u00a1Gracias Aitor! - Entrerr\\u00edos Automatizaci\\u00f3n\",\"isPartOf\":{\"@id\":\"https:\/\/www.colocolofs.es\/web\/#website\"},\"primaryImageOfPage\":{\"@id\":\"http:\/\/www.colocolofs.es\/web\/gracias-aitor\/#primaryimage\"},\"datePublished\":\"2021-08-03T07:16:34+00:00\",\"dateModified\":\"2021-08-03T07:16:46+00:00\",\"author\":{\"@id\":\"https:\/\/www.colocolofs.es\/web\/#\/schema\/person\/1be91002ad639bd282f9d860b6eb7584\"},\"inLanguage\":\"es\",\"potentialAction\":[{\"@type\":\"ReadAction\",\"target\":[\"http:\/\/www.colocolofs.es\/web\/gracias-aitor\/\"]}]},{\"@type\":[\"Person\"],\"@id\":\"https:\/\/www.colocolofs.es\/web\/#\/schema\/person\/1be91002ad639bd282f9d860b6eb7584\",\"name\":\"admin\"}]}<\/script>\n<!-- \/ Yoast SEO plugin. -->","_links":{"self":[{"href":"https:\/\/www.colocolofs.es\/web\/wp-json\/wp\/v2\/posts\/14385","targetHints":{"allow":["GET"]}}],"collection":[{"href":"https:\/\/www.colocolofs.es\/web\/wp-json\/wp\/v2\/posts"}],"about":[{"href":"https:\/\/www.colocolofs.es\/web\/wp-json\/wp\/v2\/types\/post"}],"author":[{"embeddable":true,"href":"https:\/\/www.colocolofs.es\/web\/wp-json\/wp\/v2\/users\/1"}],"replies":[{"embeddable":true,"href":"https:\/\/www.colocolofs.es\/web\/wp-json\/wp\/v2\/comments?post=14385"}],"version-history":[{"count":1,"href":"https:\/\/www.colocolofs.es\/web\/wp-json\/wp\/v2\/posts\/14385\/revisions"}],"predecessor-version":[{"id":14387,"href":"https:\/\/www.colocolofs.es\/web\/wp-json\/wp\/v2\/posts\/14385\/revisions\/14387"}],"wp:featuredmedia":[{"embeddable":true,"href":"https:\/\/www.colocolofs.es\/web\/wp-json\/wp\/v2\/media\/14386"}],"wp:attachment":[{"href":"https:\/\/www.colocolofs.es\/web\/wp-json\/wp\/v2\/media?parent=14385"}],"wp:term":[{"taxonomy":"category","embeddable":true,"href":"https:\/\/www.colocolofs.es\/web\/wp-json\/wp\/v2\/categories?post=14385"},{"taxonomy":"post_tag","embeddable":true,"href":"https:\/\/www.colocolofs.es\/web\/wp-json\/wp\/v2\/tags?post=14385"}],"curies":[{"name":"wp","href":"https:\/\/api.w.org\/{rel}","templated":true}]}}