{"id":14407,"date":"2021-08-06T17:30:18","date_gmt":"2021-08-06T17:30:18","guid":{"rendered":"http:\/\/www.colocolofs.es\/web\/?p=14407"},"modified":"2021-09-24T11:41:41","modified_gmt":"2021-09-24T11:41:41","slug":"el-loalco-green-colo-colo-viajara-a-zierbena-en-la-primera-jornada-de-liga","status":"publish","type":"post","link":"https:\/\/www.colocolofs.es\/web\/el-loalco-green-colo-colo-viajara-a-zierbena-en-la-primera-jornada-de-liga\/","title":{"rendered":"El Loalco Green Colo Colo viajar\u00e1 a Zierbena en la primera jornada de Liga"},"content":{"rendered":"\n<p>El Loalco Green Colo Colo ya sabe a qu\u00e9 rivales tendr\u00e1 que enfrentarse en la temporada 2021\/22 y, tambi\u00e9n, el calendario de Liga.<\/p>\n\n\n\n<p>El equipo dirigido por Carlos Valero est\u00e1 en el grupo II de la la Segunda Divisi\u00f3n B junto a Pinseque (Arag\u00f3n), Sala 2012 (Arag\u00f3n), Tauste (Arag\u00f3n), C. Guadalajara (Castilla-La Mancha), Dehesa Villalba (Comunidad de Madrid), Juventud El C\u00edrculo (Castilla y Le\u00f3n), Villa de Quel (La Rioja), Labastida (Pa\u00eds Vasco), Lauburu KE Ibarra (Pa\u00eds Vasco), Zierbena (Pa\u00eds Vasco), Otxartabe (Pa\u00eds Vasco), Tafatrans (Navarra), San Juan (Navarra), Ibarararte (Navarra) y Anaitasuna (Navarra).<\/p>\n\n\n\n<p>En la primera jornada (18 de septiembre), el Loalco Green Colo Colo viajar\u00e1 hasta Zierbena para enfrentarse al Zierbena FS. En la jornada dos (25 de septiembre), en La Granja, el Loalco Green Colo Colo jugar\u00e1 ante el Villa de Quel.<\/p>\n\n\n\n<p>Los enfrentamientos contra los equipos aragoneses ser\u00e1n en las jornadas 12 (Tauste), 13 (Pinseque), 14 (Sala 2012), 27 (Tauste), 28 (Pinseque) y 29 (Sala 2012).<\/p>\n\n\n\n<p>El \u00faltimo enfrentamiento ser\u00e1 en la pista del Anaitasuna (7 de mayo).<\/p>\n\n\n\n<p>Pulsa <a href=\"https:\/\/www.rfef.es\/sites\/default\/files\/pdf\/2ob_calendario_grupo_2.pdf\" target=\"_blank\" aria-label=\"undefined (abre en una nueva pesta\u00f1a)\" rel=\"noreferrer noopener\">aqu\u00ed<\/a> para ver el calendario completo.<\/p>\n","protected":false},"excerpt":{"rendered":"<p>El Loalco Green Colo Colo ya sabe a qu\u00e9 rivales tendr\u00e1 que enfrentarse en la temporada 2021\/22 y, tambi\u00e9n, el calendario de Liga. El equipo dirigido por Carlos Valero est\u00e1 en el grupo II de la la Segunda Divisi\u00f3n B junto a Pinseque (Arag\u00f3n), Sala 2012 (Arag\u00f3n), Tauste (Arag\u00f3n), C. Guadalajara (Castilla-La Mancha), Dehesa Villalba [&hellip;]<\/p>\n","protected":false},"author":1,"featured_media":14409,"comment_status":"closed","ping_status":"closed","sticky":false,"template":"","format":"standard","meta":{"footnotes":""},"categories":[6,14],"tags":[],"class_list":["post-14407","post","type-post","status-publish","format-standard","has-post-thumbnail","hentry","category-categorias-base","category-filial"],"jetpack_featured_media_url":"https:\/\/www.colocolofs.es\/web\/wp-content\/uploads\/2021\/08\/DSC_2360.jpg","yoast_head":"<!-- This site is optimized with the Yoast SEO plugin v14.4.1 - https:\/\/yoast.com\/wordpress\/plugins\/seo\/ -->\n<title>El Loalco Green Colo Colo viajar\u00e1 a Zierbena en la primera jornada de Liga - Entrerr\u00edos Automatizaci\u00f3n<\/title>\n<meta name=\"robots\" content=\"index, follow\" \/>\n<meta name=\"googlebot\" content=\"index, follow, max-snippet:-1, max-image-preview:large, max-video-preview:-1\" \/>\n<meta name=\"bingbot\" content=\"index, follow, max-snippet:-1, max-image-preview:large, max-video-preview:-1\" \/>\n<link rel=\"canonical\" href=\"http:\/\/www.colocolofs.es\/web\/el-loalco-green-colo-colo-viajara-a-zierbena-en-la-primera-jornada-de-liga\/\" \/>\n<meta property=\"og:locale\" content=\"es_ES\" \/>\n<meta property=\"og:type\" content=\"article\" \/>\n<meta property=\"og:title\" content=\"El Loalco Green Colo Colo viajar\u00e1 a Zierbena en la primera jornada de Liga - Entrerr\u00edos Automatizaci\u00f3n\" \/>\n<meta property=\"og:description\" content=\"El Loalco Green Colo Colo ya sabe a qu\u00e9 rivales tendr\u00e1 que enfrentarse en la temporada 2021\/22 y, tambi\u00e9n, el calendario de Liga. El equipo dirigido por Carlos Valero est\u00e1 en el grupo II de la la Segunda Divisi\u00f3n B junto a Pinseque (Arag\u00f3n), Sala 2012 (Arag\u00f3n), Tauste (Arag\u00f3n), C. Guadalajara (Castilla-La Mancha), Dehesa Villalba [&hellip;]\" \/>\n<meta property=\"og:url\" content=\"http:\/\/www.colocolofs.es\/web\/el-loalco-green-colo-colo-viajara-a-zierbena-en-la-primera-jornada-de-liga\/\" \/>\n<meta property=\"og:site_name\" content=\"Entrerr\u00edos Automatizaci\u00f3n\" \/>\n<meta property=\"article:published_time\" content=\"2021-08-06T17:30:18+00:00\" \/>\n<meta property=\"article:modified_time\" content=\"2021-09-24T11:41:41+00:00\" \/>\n<meta property=\"og:image\" content=\"https:\/\/www.colocolofs.es\/web\/wp-content\/uploads\/2021\/08\/DSC_2360.jpg\" \/>\n\t<meta property=\"og:image:width\" content=\"2048\" \/>\n\t<meta property=\"og:image:height\" content=\"1584\" \/>\n<meta name=\"twitter:card\" content=\"summary_large_image\" \/>\n<script type=\"application\/ld+json\" class=\"yoast-schema-graph\">{\"@context\":\"https:\/\/schema.org\",\"@graph\":[{\"@type\":\"WebSite\",\"@id\":\"https:\/\/www.colocolofs.es\/web\/#website\",\"url\":\"https:\/\/www.colocolofs.es\/web\/\",\"name\":\"Entrerr\\u00edos Automatizaci\\u00f3n\",\"description\":\"Web oficial\",\"potentialAction\":[{\"@type\":\"SearchAction\",\"target\":\"https:\/\/www.colocolofs.es\/web\/?s={search_term_string}\",\"query-input\":\"required name=search_term_string\"}],\"inLanguage\":\"es\"},{\"@type\":\"ImageObject\",\"@id\":\"http:\/\/www.colocolofs.es\/web\/el-loalco-green-colo-colo-viajara-a-zierbena-en-la-primera-jornada-de-liga\/#primaryimage\",\"inLanguage\":\"es\",\"url\":\"https:\/\/www.colocolofs.es\/web\/wp-content\/uploads\/2021\/08\/DSC_2360.jpg\",\"width\":2048,\"height\":1584,\"caption\":\"Foto: Andrea Royo L\\u00f3pez\"},{\"@type\":\"WebPage\",\"@id\":\"http:\/\/www.colocolofs.es\/web\/el-loalco-green-colo-colo-viajara-a-zierbena-en-la-primera-jornada-de-liga\/#webpage\",\"url\":\"http:\/\/www.colocolofs.es\/web\/el-loalco-green-colo-colo-viajara-a-zierbena-en-la-primera-jornada-de-liga\/\",\"name\":\"El Loalco Green Colo Colo viajar\\u00e1 a Zierbena en la primera jornada de Liga - Entrerr\\u00edos Automatizaci\\u00f3n\",\"isPartOf\":{\"@id\":\"https:\/\/www.colocolofs.es\/web\/#website\"},\"primaryImageOfPage\":{\"@id\":\"http:\/\/www.colocolofs.es\/web\/el-loalco-green-colo-colo-viajara-a-zierbena-en-la-primera-jornada-de-liga\/#primaryimage\"},\"datePublished\":\"2021-08-06T17:30:18+00:00\",\"dateModified\":\"2021-09-24T11:41:41+00:00\",\"author\":{\"@id\":\"https:\/\/www.colocolofs.es\/web\/#\/schema\/person\/1be91002ad639bd282f9d860b6eb7584\"},\"inLanguage\":\"es\",\"potentialAction\":[{\"@type\":\"ReadAction\",\"target\":[\"http:\/\/www.colocolofs.es\/web\/el-loalco-green-colo-colo-viajara-a-zierbena-en-la-primera-jornada-de-liga\/\"]}]},{\"@type\":[\"Person\"],\"@id\":\"https:\/\/www.colocolofs.es\/web\/#\/schema\/person\/1be91002ad639bd282f9d860b6eb7584\",\"name\":\"admin\"}]}<\/script>\n<!-- \/ Yoast SEO plugin. -->","_links":{"self":[{"href":"https:\/\/www.colocolofs.es\/web\/wp-json\/wp\/v2\/posts\/14407","targetHints":{"allow":["GET"]}}],"collection":[{"href":"https:\/\/www.colocolofs.es\/web\/wp-json\/wp\/v2\/posts"}],"about":[{"href":"https:\/\/www.colocolofs.es\/web\/wp-json\/wp\/v2\/types\/post"}],"author":[{"embeddable":true,"href":"https:\/\/www.colocolofs.es\/web\/wp-json\/wp\/v2\/users\/1"}],"replies":[{"embeddable":true,"href":"https:\/\/www.colocolofs.es\/web\/wp-json\/wp\/v2\/comments?post=14407"}],"version-history":[{"count":1,"href":"https:\/\/www.colocolofs.es\/web\/wp-json\/wp\/v2\/posts\/14407\/revisions"}],"predecessor-version":[{"id":14410,"href":"https:\/\/www.colocolofs.es\/web\/wp-json\/wp\/v2\/posts\/14407\/revisions\/14410"}],"wp:featuredmedia":[{"embeddable":true,"href":"https:\/\/www.colocolofs.es\/web\/wp-json\/wp\/v2\/media\/14409"}],"wp:attachment":[{"href":"https:\/\/www.colocolofs.es\/web\/wp-json\/wp\/v2\/media?parent=14407"}],"wp:term":[{"taxonomy":"category","embeddable":true,"href":"https:\/\/www.colocolofs.es\/web\/wp-json\/wp\/v2\/categories?post=14407"},{"taxonomy":"post_tag","embeddable":true,"href":"https:\/\/www.colocolofs.es\/web\/wp-json\/wp\/v2\/tags?post=14407"}],"curies":[{"name":"wp","href":"https:\/\/api.w.org\/{rel}","templated":true}]}}