{"id":14428,"date":"2021-08-08T08:21:59","date_gmt":"2021-08-08T08:21:59","guid":{"rendered":"http:\/\/www.colocolofs.es\/web\/?p=14428"},"modified":"2021-08-08T08:22:15","modified_gmt":"2021-08-08T08:22:15","slug":"guille-vela-renovado","status":"publish","type":"post","link":"https:\/\/www.colocolofs.es\/web\/guille-vela-renovado\/","title":{"rendered":"Guille Vela, \u00a1Renovado!"},"content":{"rendered":"\n<p>Guille Vela jugar\u00e1 en el Full Energ\u00eda Zaragoza por cuarta temporada seguida.<\/p>\n\n\n\n<p>El guardameta de \u00c9pila fich\u00f3 por el Full Energ\u00eda Zaragoza en 2018, y ya lleva 40 partidos bajo palos en Segunda Divisi\u00f3n, en los que adem\u00e1s ha conseguido marcar un gol.<\/p>\n","protected":false},"excerpt":{"rendered":"<p>Guille Vela jugar\u00e1 en el Full Energ\u00eda Zaragoza por cuarta temporada seguida. El guardameta de \u00c9pila fich\u00f3 por el Full Energ\u00eda Zaragoza en 2018, y ya lleva 40 partidos bajo palos en Segunda Divisi\u00f3n, en los que adem\u00e1s ha conseguido marcar un gol.<\/p>\n","protected":false},"author":1,"featured_media":14429,"comment_status":"closed","ping_status":"closed","sticky":false,"template":"","format":"standard","meta":{"footnotes":""},"categories":[5],"tags":[],"class_list":["post-14428","post","type-post","status-publish","format-standard","has-post-thumbnail","hentry","category-primer-equipo"],"jetpack_featured_media_url":"https:\/\/www.colocolofs.es\/web\/wp-content\/uploads\/2021\/08\/Renovaci\u00f3n-Guille-Vela.jpg","yoast_head":"<!-- This site is optimized with the Yoast SEO plugin v14.4.1 - https:\/\/yoast.com\/wordpress\/plugins\/seo\/ -->\n<title>Guille Vela, \u00a1Renovado! - Entrerr\u00edos Automatizaci\u00f3n<\/title>\n<meta name=\"robots\" content=\"index, follow\" \/>\n<meta name=\"googlebot\" content=\"index, follow, max-snippet:-1, max-image-preview:large, max-video-preview:-1\" \/>\n<meta name=\"bingbot\" content=\"index, follow, max-snippet:-1, max-image-preview:large, max-video-preview:-1\" \/>\n<link rel=\"canonical\" href=\"http:\/\/www.colocolofs.es\/web\/guille-vela-renovado\/\" \/>\n<meta property=\"og:locale\" content=\"es_ES\" \/>\n<meta property=\"og:type\" content=\"article\" \/>\n<meta property=\"og:title\" content=\"Guille Vela, \u00a1Renovado! - Entrerr\u00edos Automatizaci\u00f3n\" \/>\n<meta property=\"og:description\" content=\"Guille Vela jugar\u00e1 en el Full Energ\u00eda Zaragoza por cuarta temporada seguida. El guardameta de \u00c9pila fich\u00f3 por el Full Energ\u00eda Zaragoza en 2018, y ya lleva 40 partidos bajo palos en Segunda Divisi\u00f3n, en los que adem\u00e1s ha conseguido marcar un gol.\" \/>\n<meta property=\"og:url\" content=\"http:\/\/www.colocolofs.es\/web\/guille-vela-renovado\/\" \/>\n<meta property=\"og:site_name\" content=\"Entrerr\u00edos Automatizaci\u00f3n\" \/>\n<meta property=\"article:published_time\" content=\"2021-08-08T08:21:59+00:00\" \/>\n<meta property=\"article:modified_time\" content=\"2021-08-08T08:22:15+00:00\" \/>\n<meta property=\"og:image\" content=\"https:\/\/www.colocolofs.es\/web\/wp-content\/uploads\/2021\/08\/Renovaci\u00f3n-Guille-Vela.jpg\" \/>\n\t<meta property=\"og:image:width\" content=\"1600\" \/>\n\t<meta property=\"og:image:height\" content=\"800\" \/>\n<meta name=\"twitter:card\" content=\"summary_large_image\" \/>\n<script type=\"application\/ld+json\" class=\"yoast-schema-graph\">{\"@context\":\"https:\/\/schema.org\",\"@graph\":[{\"@type\":\"WebSite\",\"@id\":\"https:\/\/www.colocolofs.es\/web\/#website\",\"url\":\"https:\/\/www.colocolofs.es\/web\/\",\"name\":\"Entrerr\\u00edos Automatizaci\\u00f3n\",\"description\":\"Web oficial\",\"potentialAction\":[{\"@type\":\"SearchAction\",\"target\":\"https:\/\/www.colocolofs.es\/web\/?s={search_term_string}\",\"query-input\":\"required name=search_term_string\"}],\"inLanguage\":\"es\"},{\"@type\":\"ImageObject\",\"@id\":\"http:\/\/www.colocolofs.es\/web\/guille-vela-renovado\/#primaryimage\",\"inLanguage\":\"es\",\"url\":\"https:\/\/www.colocolofs.es\/web\/wp-content\/uploads\/2021\/08\/Renovaci\\u00f3n-Guille-Vela.jpg\",\"width\":1600,\"height\":800},{\"@type\":\"WebPage\",\"@id\":\"http:\/\/www.colocolofs.es\/web\/guille-vela-renovado\/#webpage\",\"url\":\"http:\/\/www.colocolofs.es\/web\/guille-vela-renovado\/\",\"name\":\"Guille Vela, \\u00a1Renovado! - Entrerr\\u00edos Automatizaci\\u00f3n\",\"isPartOf\":{\"@id\":\"https:\/\/www.colocolofs.es\/web\/#website\"},\"primaryImageOfPage\":{\"@id\":\"http:\/\/www.colocolofs.es\/web\/guille-vela-renovado\/#primaryimage\"},\"datePublished\":\"2021-08-08T08:21:59+00:00\",\"dateModified\":\"2021-08-08T08:22:15+00:00\",\"author\":{\"@id\":\"https:\/\/www.colocolofs.es\/web\/#\/schema\/person\/1be91002ad639bd282f9d860b6eb7584\"},\"inLanguage\":\"es\",\"potentialAction\":[{\"@type\":\"ReadAction\",\"target\":[\"http:\/\/www.colocolofs.es\/web\/guille-vela-renovado\/\"]}]},{\"@type\":[\"Person\"],\"@id\":\"https:\/\/www.colocolofs.es\/web\/#\/schema\/person\/1be91002ad639bd282f9d860b6eb7584\",\"name\":\"admin\"}]}<\/script>\n<!-- \/ Yoast SEO plugin. -->","_links":{"self":[{"href":"https:\/\/www.colocolofs.es\/web\/wp-json\/wp\/v2\/posts\/14428","targetHints":{"allow":["GET"]}}],"collection":[{"href":"https:\/\/www.colocolofs.es\/web\/wp-json\/wp\/v2\/posts"}],"about":[{"href":"https:\/\/www.colocolofs.es\/web\/wp-json\/wp\/v2\/types\/post"}],"author":[{"embeddable":true,"href":"https:\/\/www.colocolofs.es\/web\/wp-json\/wp\/v2\/users\/1"}],"replies":[{"embeddable":true,"href":"https:\/\/www.colocolofs.es\/web\/wp-json\/wp\/v2\/comments?post=14428"}],"version-history":[{"count":1,"href":"https:\/\/www.colocolofs.es\/web\/wp-json\/wp\/v2\/posts\/14428\/revisions"}],"predecessor-version":[{"id":14430,"href":"https:\/\/www.colocolofs.es\/web\/wp-json\/wp\/v2\/posts\/14428\/revisions\/14430"}],"wp:featuredmedia":[{"embeddable":true,"href":"https:\/\/www.colocolofs.es\/web\/wp-json\/wp\/v2\/media\/14429"}],"wp:attachment":[{"href":"https:\/\/www.colocolofs.es\/web\/wp-json\/wp\/v2\/media?parent=14428"}],"wp:term":[{"taxonomy":"category","embeddable":true,"href":"https:\/\/www.colocolofs.es\/web\/wp-json\/wp\/v2\/categories?post=14428"},{"taxonomy":"post_tag","embeddable":true,"href":"https:\/\/www.colocolofs.es\/web\/wp-json\/wp\/v2\/tags?post=14428"}],"curies":[{"name":"wp","href":"https:\/\/api.w.org\/{rel}","templated":true}]}}