{"id":14456,"date":"2021-08-10T07:27:34","date_gmt":"2021-08-10T07:27:34","guid":{"rendered":"http:\/\/www.colocolofs.es\/web\/?p=14456"},"modified":"2021-08-10T07:27:57","modified_gmt":"2021-08-10T07:27:57","slug":"poder-disputar-otra-temporada-con-este-club-tan-especial-es-algo-muy-bonito","status":"publish","type":"post","link":"https:\/\/www.colocolofs.es\/web\/poder-disputar-otra-temporada-con-este-club-tan-especial-es-algo-muy-bonito\/","title":{"rendered":"\u00abPoder disputar otra temporada con este Club tan especial es algo muy bonito\u00bb"},"content":{"rendered":"\n<p>En un emotivo acto celebrado en la sala de actos de ASPANOA, Nano Modrego anunci\u00f3 su retirada de las pistas cuando finalice la temporada 2021\/2022.<\/p>\n\n\n\n<p>El jugador del Full Energ\u00eda Zaragoza estuvo arropado por su mujer, sus hijos, sus padres y compa\u00f1eros y ex compa\u00f1eros de equipo como Carlos Garc\u00eda, Pablo Trasobares, Juan Molina e Iv\u00e1n Bernad, adem\u00e1s de Jos\u00e9 Luis Beltr\u00e1n -Directivo del Colo- , Alfonso Rodr\u00edguez -Entrenador del Full Energ\u00eda Zaragoza- y Jos\u00e9 Ram\u00f3n Moreno -Presidente del Sala 10-.<\/p>\n\n\n\n<p>Visiblemente emocionado, Nano ley\u00f3 el siguiente comunicado:<\/p>\n\n\n\n<p><em>\u201cHoy es un d\u00eda alegre, alegre porque se hace oficial mi renovaci\u00f3n por el Full Energ\u00eda Zaragoza y es algo que me hace much\u00edsima ilusi\u00f3n.<\/em><\/p>\n\n\n\n<p>P<em>oder disputar otra temporada con este club tan especial, en el a\u00f1o de su 50 Aniversario y sabiendo lo que este club representa para mi y mi familia, es algo muy bonito.<\/em><\/p>\n\n\n\n<p><em>Lo que s\u00ed espero es que podamos disfrutar de una temporada de una manera normal y sin tantos cambios como hubo la pasada en la competici\u00f3n.<\/em><\/p>\n\n\n\n<p><em>Y tambi\u00e9n es un d\u00eda alegre por otro motivo, porque esta ser\u00e1 mi \u00faltima temporada como jugador de f\u00fatbol sala profesional. Y es alegre porque despu\u00e9s de 23 temporadas y con 40 a\u00f1os, puedo ser yo quien diga adi\u00f3s a una parte muy importante de mi vida.<\/em><\/p>\n\n\n\n<p><em>Digo adi\u00f3s a volver a competir, a volver a vivir el d\u00eda a d\u00eda con la intensidad que lo he vivido du- rante todo este tiempo. Digo adi\u00f3s a pretemporadas, viajes, concentraciones, partidos; pero tambi\u00e9n digo adi\u00f3s a esa sensaci\u00f3n que tienes cuando marcas un gol, cuando das una asisten- cia, cuando celebras un gol de tu equipo en el banquillo abraz\u00e1ndote con el resto de tus compa- \u00f1eros\u2026 Suena duro cuando lo lees, pero se me pone una sonrisa en la boca recordando todos esos momentos si echo la vista atr\u00e1s.<\/em><\/p>\n\n\n\n<p><em>Han sido muchos equipos, muchas ciudades y muchas aficiones a las que guardo en mi coraz\u00f3n. Sala 10, Benicarl\u00f3, Gestesa Guadalajara, Caja Segovia, Tudela, Inter y el Colo. De todos y cada uno de ellos guardo buen\u00edsimos recuerdos, en todas las ciudades he hecho grandes amigos que lo ser\u00e1n para el resto de mi vida, e incluso alguno desde ah\u00ed arriba sigue mi pasos bien de cerca.<\/em><\/p>\n\n\n\n<p><em>Tambi\u00e9n han sido much\u00edsimos compa\u00f1eros con los que he tenido la enorme suerte de compartir vestuario, de los que he podido aprender cada d\u00eda, y seguir\u00e9 haciendo, y muchos de ellos tam- bi\u00e9n los tengo como amigos para la vida. A todos ellos tengo que darles las gracias porque son ellos los que me han ayudado a poder llegar hasta aqu\u00ed.<\/em><\/p>\n\n\n\n<p><em>Del mismo modo tengo que agradecer a todos los entrenadores que he tenido a lo largo de mi carrera por haberme ense\u00f1ado tanto, por haber tenido tanta paciencia conmigo en algunos mo- mentos y por la complicidad que he llegado a tener con muchos de ellos. No hay mejor sensaci\u00f3n como deportista, que aquella que tienes cuando sabes que tu entrenador conf\u00eda en t\u00ed.<\/em><\/p>\n\n\n\n<p><em>A vosotros, periodistas, fot\u00f3grafos y medios de comunicaci\u00f3n, gracias por el trato que siempre me hab\u00e9is dado, por el cari\u00f1o y el afecto, por muchas charlas off&nbsp;the r\u00e9cord que siempre se han quedado ah\u00ed, y por el seguimiento que siempre me hab\u00e9is hecho a\u00fan estando lejos de casa.<\/em><\/p>\n\n\n\n<p><em>A mi mujer, gracias por acompa\u00f1arme en esta parte final de mi viaje deportivo, ojal\u00e1 hubieras po- dido estar desde el principio, seguro que las cosas hubieran ido a\u00fan mejor de lo que me han ido.<\/em><\/p>\n\n\n\n<p><em>Y a mis padres. Ellos han sido mis mayores fans, pero tambi\u00e9n mis mayores cr\u00edticos. Gracias por tantos kms, por acompa\u00f1arme siempre en mis mudanzas, por ser mi red y por compartir mi locura del modo que lo hab\u00e9is hecho.<\/em><\/p>\n\n\n\n<p><em>Muchos de vosotros dir\u00e9is, \u00bfQu\u00e9 hace \u00e9ste haciendo una rueda de prensa si todav\u00eda le queda todo este a\u00f1o para jugar?. Pues tiene una explicaci\u00f3n, la hago ahora porque a\u00fan tengo este a\u00f1o por delante, porque a\u00fan me considero futbolista y porque s\u00e9 que al final se me har\u00eda much\u00edsimo m\u00e1s duro. Por eso quer\u00eda que se hiciera siempre con una sonrisa, pensando en que a\u00fan queda un poquito por delante y no en lo que ya has dejado atr\u00e1s.<\/em><\/p>\n\n\n\n<p><em>Por este motivo, este a\u00f1o voy a disfrutar cada minuto de entrenamiento y cada minuto de partido, porque ahora s\u00ed, puede que sea el \u00faltimo.<\/em><\/p>\n\n\n\n<p><em>MUCHAS GRACIAS A TODOS.\u201d<\/em><\/p>\n\n\n\n<p>En la sala, se proyect\u00f3 un v\u00eddeo con varios de los goles que marcados por Nano a lo largo de su trayectoria y otro con mensajes de jugadores y entrenadores con los que ha compartido equipo (Alfonso Rodr\u00edguez, Bateria, Burrito, Andreu Linares, Joan Linares, Juan Molina, Mario Rivillos, Caio Alves, Jos\u00e9 Carlos L\u00f3pez, Carlos Ortiz, Santi Herrero, Pablo Trasobares, \u00d3scar Villanueva, Iv\u00e1n Bernad y Roberto Tobe).<\/p>\n\n\n\n<div class=\"wp-block-image\"><figure class=\"aligncenter size-large is-resized\"><img loading=\"lazy\" decoding=\"async\" src=\"https:\/\/www.colocolofs.es\/web\/wp-content\/uploads\/2021\/08\/WhatsApp-Image-2021-08-09-at-18.55.07-1-1024x682.jpeg\" alt=\"\" class=\"wp-image-14454\" width=\"635\" height=\"423\" srcset=\"https:\/\/www.colocolofs.es\/web\/wp-content\/uploads\/2021\/08\/WhatsApp-Image-2021-08-09-at-18.55.07-1-1024x682.jpeg 1024w, https:\/\/www.colocolofs.es\/web\/wp-content\/uploads\/2021\/08\/WhatsApp-Image-2021-08-09-at-18.55.07-1-300x200.jpeg 300w, https:\/\/www.colocolofs.es\/web\/wp-content\/uploads\/2021\/08\/WhatsApp-Image-2021-08-09-at-18.55.07-1-768x512.jpeg 768w, https:\/\/www.colocolofs.es\/web\/wp-content\/uploads\/2021\/08\/WhatsApp-Image-2021-08-09-at-18.55.07-1-1536x1023.jpeg 1536w, https:\/\/www.colocolofs.es\/web\/wp-content\/uploads\/2021\/08\/WhatsApp-Image-2021-08-09-at-18.55.07-1-750x500.jpeg 750w, https:\/\/www.colocolofs.es\/web\/wp-content\/uploads\/2021\/08\/WhatsApp-Image-2021-08-09-at-18.55.07-1-1140x760.jpeg 1140w, https:\/\/www.colocolofs.es\/web\/wp-content\/uploads\/2021\/08\/WhatsApp-Image-2021-08-09-at-18.55.07-1.jpeg 1600w\" sizes=\"auto, (max-width: 635px) 100vw, 635px\" \/><figcaption>(Foto: Rub\u00e9n Losada | FotografiArte)<\/figcaption><\/figure><\/div>\n","protected":false},"excerpt":{"rendered":"<p>En un emotivo acto celebrado en la sala de actos de ASPANOA, Nano Modrego anunci\u00f3 su retirada de las pistas cuando finalice la temporada 2021\/2022. El jugador del Full Energ\u00eda Zaragoza estuvo arropado por su mujer, sus hijos, sus padres y compa\u00f1eros y ex compa\u00f1eros de equipo como Carlos Garc\u00eda, Pablo Trasobares, Juan Molina e [&hellip;]<\/p>\n","protected":false},"author":1,"featured_media":14449,"comment_status":"closed","ping_status":"closed","sticky":false,"template":"","format":"standard","meta":{"footnotes":""},"categories":[5],"tags":[],"class_list":["post-14456","post","type-post","status-publish","format-standard","has-post-thumbnail","hentry","category-primer-equipo"],"jetpack_featured_media_url":"https:\/\/www.colocolofs.es\/web\/wp-content\/uploads\/2021\/08\/WhatsApp-Image-2021-08-09-at-18.54.25.jpeg","yoast_head":"<!-- This site is optimized with the Yoast SEO plugin v14.4.1 - https:\/\/yoast.com\/wordpress\/plugins\/seo\/ -->\n<title>&quot;Poder disputar otra temporada con este Club tan especial es algo muy bonito&quot; - Entrerr\u00edos Automatizaci\u00f3n<\/title>\n<meta name=\"robots\" content=\"index, follow\" \/>\n<meta name=\"googlebot\" content=\"index, follow, max-snippet:-1, max-image-preview:large, max-video-preview:-1\" \/>\n<meta name=\"bingbot\" content=\"index, follow, max-snippet:-1, max-image-preview:large, max-video-preview:-1\" \/>\n<link rel=\"canonical\" href=\"http:\/\/www.colocolofs.es\/web\/poder-disputar-otra-temporada-con-este-club-tan-especial-es-algo-muy-bonito\/\" \/>\n<meta property=\"og:locale\" content=\"es_ES\" \/>\n<meta property=\"og:type\" content=\"article\" \/>\n<meta property=\"og:title\" content=\"&quot;Poder disputar otra temporada con este Club tan especial es algo muy bonito&quot; - Entrerr\u00edos Automatizaci\u00f3n\" \/>\n<meta property=\"og:description\" content=\"En un emotivo acto celebrado en la sala de actos de ASPANOA, Nano Modrego anunci\u00f3 su retirada de las pistas cuando finalice la temporada 2021\/2022. El jugador del Full Energ\u00eda Zaragoza estuvo arropado por su mujer, sus hijos, sus padres y compa\u00f1eros y ex compa\u00f1eros de equipo como Carlos Garc\u00eda, Pablo Trasobares, Juan Molina e [&hellip;]\" \/>\n<meta property=\"og:url\" content=\"http:\/\/www.colocolofs.es\/web\/poder-disputar-otra-temporada-con-este-club-tan-especial-es-algo-muy-bonito\/\" \/>\n<meta property=\"og:site_name\" content=\"Entrerr\u00edos Automatizaci\u00f3n\" \/>\n<meta property=\"article:published_time\" content=\"2021-08-10T07:27:34+00:00\" \/>\n<meta property=\"article:modified_time\" content=\"2021-08-10T07:27:57+00:00\" \/>\n<meta property=\"og:image\" content=\"https:\/\/www.colocolofs.es\/web\/wp-content\/uploads\/2021\/08\/WhatsApp-Image-2021-08-09-at-18.54.25.jpeg\" \/>\n\t<meta property=\"og:image:width\" content=\"1600\" \/>\n\t<meta property=\"og:image:height\" content=\"1068\" \/>\n<meta name=\"twitter:card\" content=\"summary_large_image\" \/>\n<script type=\"application\/ld+json\" class=\"yoast-schema-graph\">{\"@context\":\"https:\/\/schema.org\",\"@graph\":[{\"@type\":\"WebSite\",\"@id\":\"https:\/\/www.colocolofs.es\/web\/#website\",\"url\":\"https:\/\/www.colocolofs.es\/web\/\",\"name\":\"Entrerr\\u00edos Automatizaci\\u00f3n\",\"description\":\"Web oficial\",\"potentialAction\":[{\"@type\":\"SearchAction\",\"target\":\"https:\/\/www.colocolofs.es\/web\/?s={search_term_string}\",\"query-input\":\"required name=search_term_string\"}],\"inLanguage\":\"es\"},{\"@type\":\"ImageObject\",\"@id\":\"http:\/\/www.colocolofs.es\/web\/poder-disputar-otra-temporada-con-este-club-tan-especial-es-algo-muy-bonito\/#primaryimage\",\"inLanguage\":\"es\",\"url\":\"https:\/\/www.colocolofs.es\/web\/wp-content\/uploads\/2021\/08\/WhatsApp-Image-2021-08-09-at-18.54.25.jpeg\",\"width\":1600,\"height\":1068,\"caption\":\"Foto: Rub\\u00e9n Losada (FotografiArte)\"},{\"@type\":\"WebPage\",\"@id\":\"http:\/\/www.colocolofs.es\/web\/poder-disputar-otra-temporada-con-este-club-tan-especial-es-algo-muy-bonito\/#webpage\",\"url\":\"http:\/\/www.colocolofs.es\/web\/poder-disputar-otra-temporada-con-este-club-tan-especial-es-algo-muy-bonito\/\",\"name\":\"\\\"Poder disputar otra temporada con este Club tan especial es algo muy bonito\\\" - Entrerr\\u00edos Automatizaci\\u00f3n\",\"isPartOf\":{\"@id\":\"https:\/\/www.colocolofs.es\/web\/#website\"},\"primaryImageOfPage\":{\"@id\":\"http:\/\/www.colocolofs.es\/web\/poder-disputar-otra-temporada-con-este-club-tan-especial-es-algo-muy-bonito\/#primaryimage\"},\"datePublished\":\"2021-08-10T07:27:34+00:00\",\"dateModified\":\"2021-08-10T07:27:57+00:00\",\"author\":{\"@id\":\"https:\/\/www.colocolofs.es\/web\/#\/schema\/person\/1be91002ad639bd282f9d860b6eb7584\"},\"inLanguage\":\"es\",\"potentialAction\":[{\"@type\":\"ReadAction\",\"target\":[\"http:\/\/www.colocolofs.es\/web\/poder-disputar-otra-temporada-con-este-club-tan-especial-es-algo-muy-bonito\/\"]}]},{\"@type\":[\"Person\"],\"@id\":\"https:\/\/www.colocolofs.es\/web\/#\/schema\/person\/1be91002ad639bd282f9d860b6eb7584\",\"name\":\"admin\"}]}<\/script>\n<!-- \/ Yoast SEO plugin. -->","_links":{"self":[{"href":"https:\/\/www.colocolofs.es\/web\/wp-json\/wp\/v2\/posts\/14456","targetHints":{"allow":["GET"]}}],"collection":[{"href":"https:\/\/www.colocolofs.es\/web\/wp-json\/wp\/v2\/posts"}],"about":[{"href":"https:\/\/www.colocolofs.es\/web\/wp-json\/wp\/v2\/types\/post"}],"author":[{"embeddable":true,"href":"https:\/\/www.colocolofs.es\/web\/wp-json\/wp\/v2\/users\/1"}],"replies":[{"embeddable":true,"href":"https:\/\/www.colocolofs.es\/web\/wp-json\/wp\/v2\/comments?post=14456"}],"version-history":[{"count":1,"href":"https:\/\/www.colocolofs.es\/web\/wp-json\/wp\/v2\/posts\/14456\/revisions"}],"predecessor-version":[{"id":14457,"href":"https:\/\/www.colocolofs.es\/web\/wp-json\/wp\/v2\/posts\/14456\/revisions\/14457"}],"wp:featuredmedia":[{"embeddable":true,"href":"https:\/\/www.colocolofs.es\/web\/wp-json\/wp\/v2\/media\/14449"}],"wp:attachment":[{"href":"https:\/\/www.colocolofs.es\/web\/wp-json\/wp\/v2\/media?parent=14456"}],"wp:term":[{"taxonomy":"category","embeddable":true,"href":"https:\/\/www.colocolofs.es\/web\/wp-json\/wp\/v2\/categories?post=14456"},{"taxonomy":"post_tag","embeddable":true,"href":"https:\/\/www.colocolofs.es\/web\/wp-json\/wp\/v2\/tags?post=14456"}],"curies":[{"name":"wp","href":"https:\/\/api.w.org\/{rel}","templated":true}]}}