{"id":14462,"date":"2021-08-10T07:30:59","date_gmt":"2021-08-10T07:30:59","guid":{"rendered":"http:\/\/www.colocolofs.es\/web\/?p=14462"},"modified":"2021-08-10T07:31:14","modified_gmt":"2021-08-10T07:31:14","slug":"arranca-la-pretemporada-del-full-energia-zaragoza","status":"publish","type":"post","link":"https:\/\/www.colocolofs.es\/web\/arranca-la-pretemporada-del-full-energia-zaragoza\/","title":{"rendered":"Arranca la pretemporada del Full Energ\u00eda Zaragoza"},"content":{"rendered":"\n<p>El Full Energ\u00eda Zaragoza arranc\u00f3 ayer con su pretemporada. Despu\u00e9s de varias sesiones f\u00edsicas no presenciales, los azulones se ejercitaron en el Pabell\u00f3n de La Granja.<\/p>\n\n\n\n<p>Alfonso Rodr\u00edguez tuvo a su disposici\u00f3n a los doce jugadores con ficha del primer equipo, adem\u00e1s de Jorge Nogueras, H\u00e9ctor Gracia y Pablo Gracia, que pertenecen al Loalco Green Colo Colo pero que estar\u00e1n en din\u00e1mica con el Full Energ\u00eda Zaragoza a lo largo de la temporada.<\/p>\n\n\n\n<p>Antes de empezar la Liga, el 12 de septiembre frente al Real Betis \u2018B\u2019, se jugar\u00e1n amistosos ante Pe\u00f1\u00edscola, Segorbe, Tauste, Pinseque e Inter Movistar.<\/p>\n","protected":false},"excerpt":{"rendered":"<p>El Full Energ\u00eda Zaragoza arranc\u00f3 ayer con su pretemporada. Despu\u00e9s de varias sesiones f\u00edsicas no presenciales, los azulones se ejercitaron en el Pabell\u00f3n de La Granja. Alfonso Rodr\u00edguez tuvo a su disposici\u00f3n a los doce jugadores con ficha del primer equipo, adem\u00e1s de Jorge Nogueras, H\u00e9ctor Gracia y Pablo Gracia, que pertenecen al Loalco Green [&hellip;]<\/p>\n","protected":false},"author":1,"featured_media":14459,"comment_status":"closed","ping_status":"closed","sticky":false,"template":"","format":"standard","meta":{"footnotes":""},"categories":[5],"tags":[],"class_list":["post-14462","post","type-post","status-publish","format-standard","has-post-thumbnail","hentry","category-primer-equipo"],"jetpack_featured_media_url":"https:\/\/www.colocolofs.es\/web\/wp-content\/uploads\/2021\/08\/WhatsApp-Image-2021-08-09-at-23.42.49.jpeg","yoast_head":"<!-- This site is optimized with the Yoast SEO plugin v14.4.1 - https:\/\/yoast.com\/wordpress\/plugins\/seo\/ -->\n<title>Arranca la pretemporada del Full Energ\u00eda Zaragoza - Entrerr\u00edos Automatizaci\u00f3n<\/title>\n<meta name=\"robots\" content=\"index, follow\" \/>\n<meta name=\"googlebot\" content=\"index, follow, max-snippet:-1, max-image-preview:large, max-video-preview:-1\" \/>\n<meta name=\"bingbot\" content=\"index, follow, max-snippet:-1, max-image-preview:large, max-video-preview:-1\" \/>\n<link rel=\"canonical\" href=\"http:\/\/www.colocolofs.es\/web\/arranca-la-pretemporada-del-full-energia-zaragoza\/\" \/>\n<meta property=\"og:locale\" content=\"es_ES\" \/>\n<meta property=\"og:type\" content=\"article\" \/>\n<meta property=\"og:title\" content=\"Arranca la pretemporada del Full Energ\u00eda Zaragoza - Entrerr\u00edos Automatizaci\u00f3n\" \/>\n<meta property=\"og:description\" content=\"El Full Energ\u00eda Zaragoza arranc\u00f3 ayer con su pretemporada. Despu\u00e9s de varias sesiones f\u00edsicas no presenciales, los azulones se ejercitaron en el Pabell\u00f3n de La Granja. Alfonso Rodr\u00edguez tuvo a su disposici\u00f3n a los doce jugadores con ficha del primer equipo, adem\u00e1s de Jorge Nogueras, H\u00e9ctor Gracia y Pablo Gracia, que pertenecen al Loalco Green [&hellip;]\" \/>\n<meta property=\"og:url\" content=\"http:\/\/www.colocolofs.es\/web\/arranca-la-pretemporada-del-full-energia-zaragoza\/\" \/>\n<meta property=\"og:site_name\" content=\"Entrerr\u00edos Automatizaci\u00f3n\" \/>\n<meta property=\"article:published_time\" content=\"2021-08-10T07:30:59+00:00\" \/>\n<meta property=\"article:modified_time\" content=\"2021-08-10T07:31:14+00:00\" \/>\n<meta property=\"og:image\" content=\"https:\/\/www.colocolofs.es\/web\/wp-content\/uploads\/2021\/08\/WhatsApp-Image-2021-08-09-at-23.42.49.jpeg\" \/>\n\t<meta property=\"og:image:width\" content=\"2048\" \/>\n\t<meta property=\"og:image:height\" content=\"1536\" \/>\n<meta name=\"twitter:card\" content=\"summary_large_image\" \/>\n<script type=\"application\/ld+json\" class=\"yoast-schema-graph\">{\"@context\":\"https:\/\/schema.org\",\"@graph\":[{\"@type\":\"WebSite\",\"@id\":\"https:\/\/www.colocolofs.es\/web\/#website\",\"url\":\"https:\/\/www.colocolofs.es\/web\/\",\"name\":\"Entrerr\\u00edos Automatizaci\\u00f3n\",\"description\":\"Web oficial\",\"potentialAction\":[{\"@type\":\"SearchAction\",\"target\":\"https:\/\/www.colocolofs.es\/web\/?s={search_term_string}\",\"query-input\":\"required name=search_term_string\"}],\"inLanguage\":\"es\"},{\"@type\":\"ImageObject\",\"@id\":\"http:\/\/www.colocolofs.es\/web\/arranca-la-pretemporada-del-full-energia-zaragoza\/#primaryimage\",\"inLanguage\":\"es\",\"url\":\"https:\/\/www.colocolofs.es\/web\/wp-content\/uploads\/2021\/08\/WhatsApp-Image-2021-08-09-at-23.42.49.jpeg\",\"width\":2048,\"height\":1536},{\"@type\":\"WebPage\",\"@id\":\"http:\/\/www.colocolofs.es\/web\/arranca-la-pretemporada-del-full-energia-zaragoza\/#webpage\",\"url\":\"http:\/\/www.colocolofs.es\/web\/arranca-la-pretemporada-del-full-energia-zaragoza\/\",\"name\":\"Arranca la pretemporada del Full Energ\\u00eda Zaragoza - Entrerr\\u00edos Automatizaci\\u00f3n\",\"isPartOf\":{\"@id\":\"https:\/\/www.colocolofs.es\/web\/#website\"},\"primaryImageOfPage\":{\"@id\":\"http:\/\/www.colocolofs.es\/web\/arranca-la-pretemporada-del-full-energia-zaragoza\/#primaryimage\"},\"datePublished\":\"2021-08-10T07:30:59+00:00\",\"dateModified\":\"2021-08-10T07:31:14+00:00\",\"author\":{\"@id\":\"https:\/\/www.colocolofs.es\/web\/#\/schema\/person\/1be91002ad639bd282f9d860b6eb7584\"},\"inLanguage\":\"es\",\"potentialAction\":[{\"@type\":\"ReadAction\",\"target\":[\"http:\/\/www.colocolofs.es\/web\/arranca-la-pretemporada-del-full-energia-zaragoza\/\"]}]},{\"@type\":[\"Person\"],\"@id\":\"https:\/\/www.colocolofs.es\/web\/#\/schema\/person\/1be91002ad639bd282f9d860b6eb7584\",\"name\":\"admin\"}]}<\/script>\n<!-- \/ Yoast SEO plugin. -->","_links":{"self":[{"href":"https:\/\/www.colocolofs.es\/web\/wp-json\/wp\/v2\/posts\/14462","targetHints":{"allow":["GET"]}}],"collection":[{"href":"https:\/\/www.colocolofs.es\/web\/wp-json\/wp\/v2\/posts"}],"about":[{"href":"https:\/\/www.colocolofs.es\/web\/wp-json\/wp\/v2\/types\/post"}],"author":[{"embeddable":true,"href":"https:\/\/www.colocolofs.es\/web\/wp-json\/wp\/v2\/users\/1"}],"replies":[{"embeddable":true,"href":"https:\/\/www.colocolofs.es\/web\/wp-json\/wp\/v2\/comments?post=14462"}],"version-history":[{"count":1,"href":"https:\/\/www.colocolofs.es\/web\/wp-json\/wp\/v2\/posts\/14462\/revisions"}],"predecessor-version":[{"id":14463,"href":"https:\/\/www.colocolofs.es\/web\/wp-json\/wp\/v2\/posts\/14462\/revisions\/14463"}],"wp:featuredmedia":[{"embeddable":true,"href":"https:\/\/www.colocolofs.es\/web\/wp-json\/wp\/v2\/media\/14459"}],"wp:attachment":[{"href":"https:\/\/www.colocolofs.es\/web\/wp-json\/wp\/v2\/media?parent=14462"}],"wp:term":[{"taxonomy":"category","embeddable":true,"href":"https:\/\/www.colocolofs.es\/web\/wp-json\/wp\/v2\/categories?post=14462"},{"taxonomy":"post_tag","embeddable":true,"href":"https:\/\/www.colocolofs.es\/web\/wp-json\/wp\/v2\/tags?post=14462"}],"curies":[{"name":"wp","href":"https:\/\/api.w.org\/{rel}","templated":true}]}}