{"id":14464,"date":"2021-08-11T07:45:29","date_gmt":"2021-08-11T07:45:29","guid":{"rendered":"http:\/\/www.colocolofs.es\/web\/?p=14464"},"modified":"2021-09-24T11:41:31","modified_gmt":"2021-09-24T11:41:31","slug":"javi-garcia-quinto-fichaje-del-loalco-green-colo-colo","status":"publish","type":"post","link":"https:\/\/www.colocolofs.es\/web\/javi-garcia-quinto-fichaje-del-loalco-green-colo-colo\/","title":{"rendered":"Javi Garc\u00eda, quinto fichaje del Loalco Green Colo Colo"},"content":{"rendered":"\n<p>Javier Garc\u00eda Cazorla (Gelsa, 2\/11\/1995) es la quinta incorporaci\u00f3n del Loalco Green Colo Colo para la temporada 2021\/2022, tras las ya anunciadas de Jorge Nogueras, Sergio Molina, H\u00e9ctor Gracia y Pablo Gracia.<\/p>\n\n\n\n<p>Javi tiene experiencia tanto en Tercera Divisi\u00f3n, donde ha jugado con los Wikys Gelsa, como en Segunda Divisi\u00f3n \u2018B\u2019, categor\u00eda en la que compiti\u00f3 defendiendo la camiseta del Tauste.\u00a0<\/p>\n\n\n\n<p>El nuevo jugador del Loalco Green Colo Colo suele actuar de ala, y destaca por su velocidad, buen uno para uno y un gran acierto de cara a porter\u00eda. Ha sido el m\u00e1ximo goleador de Tercera Divisi\u00f3n en dos ocasiones, con 41 tantos en la temporada 2016\/2017 y&nbsp; 36 en la 2018\/2019. En Segunda Divisi\u00f3n \u2018B\u2019 ha participado en 20 partidos, marcando un total de 18 goles.<\/p>\n\n\n\n<p>Javi asegura que para \u00e9l \u201cfichar por el Loalco Green Colo Colo es un reto. Me hace mucha ilusi\u00f3n poder formar parte de un proyecto que est\u00e1 creciendo a este nivel, y espero poder aprender y disfrutar de todas y cada una de las personas que forman parte de \u00e9l\u201d.&nbsp;<\/p>\n\n\n\n<p>El gelsano conf\u00eda en poder aportar \u201cmi experiencia en la categor\u00eda, adem\u00e1s de mis cualidades futbol\u00edsticas que se describir\u00e1n en la pista ya que prefiero no autodefinirme\u201d.&nbsp;<\/p>\n\n\n\n<p>Sobre la temporada, espera \u201cconseguir los objetivos marcados por el Club y asentar al equipo en la que categor\u00eda donde se merece estar\u201d.<\/p>\n","protected":false},"excerpt":{"rendered":"<p>Javier Garc\u00eda Cazorla (Gelsa, 2\/11\/1995) es la quinta incorporaci\u00f3n del Loalco Green Colo Colo para la temporada 2021\/2022, tras las ya anunciadas de Jorge Nogueras, Sergio Molina, H\u00e9ctor Gracia y Pablo Gracia. Javi tiene experiencia tanto en Tercera Divisi\u00f3n, donde ha jugado con los Wikys Gelsa, como en Segunda Divisi\u00f3n \u2018B\u2019, categor\u00eda en la que [&hellip;]<\/p>\n","protected":false},"author":1,"featured_media":14466,"comment_status":"closed","ping_status":"closed","sticky":false,"template":"","format":"standard","meta":{"footnotes":""},"categories":[6,14],"tags":[],"class_list":["post-14464","post","type-post","status-publish","format-standard","has-post-thumbnail","hentry","category-categorias-base","category-filial"],"jetpack_featured_media_url":"https:\/\/www.colocolofs.es\/web\/wp-content\/uploads\/2021\/08\/Bienvenido_Javi-Garcia.jpg","yoast_head":"<!-- This site is optimized with the Yoast SEO plugin v14.4.1 - https:\/\/yoast.com\/wordpress\/plugins\/seo\/ -->\n<title>Javi Garc\u00eda, quinto fichaje del Loalco Green Colo Colo - Entrerr\u00edos Automatizaci\u00f3n<\/title>\n<meta name=\"robots\" content=\"index, follow\" \/>\n<meta name=\"googlebot\" content=\"index, follow, max-snippet:-1, max-image-preview:large, max-video-preview:-1\" \/>\n<meta name=\"bingbot\" content=\"index, follow, max-snippet:-1, max-image-preview:large, max-video-preview:-1\" \/>\n<link rel=\"canonical\" href=\"http:\/\/www.colocolofs.es\/web\/javi-garcia-quinto-fichaje-del-loalco-green-colo-colo\/\" \/>\n<meta property=\"og:locale\" content=\"es_ES\" \/>\n<meta property=\"og:type\" content=\"article\" \/>\n<meta property=\"og:title\" content=\"Javi Garc\u00eda, quinto fichaje del Loalco Green Colo Colo - Entrerr\u00edos Automatizaci\u00f3n\" \/>\n<meta property=\"og:description\" content=\"Javier Garc\u00eda Cazorla (Gelsa, 2\/11\/1995) es la quinta incorporaci\u00f3n del Loalco Green Colo Colo para la temporada 2021\/2022, tras las ya anunciadas de Jorge Nogueras, Sergio Molina, H\u00e9ctor Gracia y Pablo Gracia. Javi tiene experiencia tanto en Tercera Divisi\u00f3n, donde ha jugado con los Wikys Gelsa, como en Segunda Divisi\u00f3n \u2018B\u2019, categor\u00eda en la que [&hellip;]\" \/>\n<meta property=\"og:url\" content=\"http:\/\/www.colocolofs.es\/web\/javi-garcia-quinto-fichaje-del-loalco-green-colo-colo\/\" \/>\n<meta property=\"og:site_name\" content=\"Entrerr\u00edos Automatizaci\u00f3n\" \/>\n<meta property=\"article:published_time\" content=\"2021-08-11T07:45:29+00:00\" \/>\n<meta property=\"article:modified_time\" content=\"2021-09-24T11:41:31+00:00\" \/>\n<meta property=\"og:image\" content=\"https:\/\/www.colocolofs.es\/web\/wp-content\/uploads\/2021\/08\/Bienvenido_Javi-Garcia.jpg\" \/>\n\t<meta property=\"og:image:width\" content=\"1600\" \/>\n\t<meta property=\"og:image:height\" content=\"800\" \/>\n<meta name=\"twitter:card\" content=\"summary_large_image\" \/>\n<script type=\"application\/ld+json\" class=\"yoast-schema-graph\">{\"@context\":\"https:\/\/schema.org\",\"@graph\":[{\"@type\":\"WebSite\",\"@id\":\"https:\/\/www.colocolofs.es\/web\/#website\",\"url\":\"https:\/\/www.colocolofs.es\/web\/\",\"name\":\"Entrerr\\u00edos Automatizaci\\u00f3n\",\"description\":\"Web oficial\",\"potentialAction\":[{\"@type\":\"SearchAction\",\"target\":\"https:\/\/www.colocolofs.es\/web\/?s={search_term_string}\",\"query-input\":\"required name=search_term_string\"}],\"inLanguage\":\"es\"},{\"@type\":\"ImageObject\",\"@id\":\"http:\/\/www.colocolofs.es\/web\/javi-garcia-quinto-fichaje-del-loalco-green-colo-colo\/#primaryimage\",\"inLanguage\":\"es\",\"url\":\"https:\/\/www.colocolofs.es\/web\/wp-content\/uploads\/2021\/08\/Bienvenido_Javi-Garcia.jpg\",\"width\":1600,\"height\":800},{\"@type\":\"WebPage\",\"@id\":\"http:\/\/www.colocolofs.es\/web\/javi-garcia-quinto-fichaje-del-loalco-green-colo-colo\/#webpage\",\"url\":\"http:\/\/www.colocolofs.es\/web\/javi-garcia-quinto-fichaje-del-loalco-green-colo-colo\/\",\"name\":\"Javi Garc\\u00eda, quinto fichaje del Loalco Green Colo Colo - Entrerr\\u00edos Automatizaci\\u00f3n\",\"isPartOf\":{\"@id\":\"https:\/\/www.colocolofs.es\/web\/#website\"},\"primaryImageOfPage\":{\"@id\":\"http:\/\/www.colocolofs.es\/web\/javi-garcia-quinto-fichaje-del-loalco-green-colo-colo\/#primaryimage\"},\"datePublished\":\"2021-08-11T07:45:29+00:00\",\"dateModified\":\"2021-09-24T11:41:31+00:00\",\"author\":{\"@id\":\"https:\/\/www.colocolofs.es\/web\/#\/schema\/person\/1be91002ad639bd282f9d860b6eb7584\"},\"inLanguage\":\"es\",\"potentialAction\":[{\"@type\":\"ReadAction\",\"target\":[\"http:\/\/www.colocolofs.es\/web\/javi-garcia-quinto-fichaje-del-loalco-green-colo-colo\/\"]}]},{\"@type\":[\"Person\"],\"@id\":\"https:\/\/www.colocolofs.es\/web\/#\/schema\/person\/1be91002ad639bd282f9d860b6eb7584\",\"name\":\"admin\"}]}<\/script>\n<!-- \/ Yoast SEO plugin. -->","_links":{"self":[{"href":"https:\/\/www.colocolofs.es\/web\/wp-json\/wp\/v2\/posts\/14464","targetHints":{"allow":["GET"]}}],"collection":[{"href":"https:\/\/www.colocolofs.es\/web\/wp-json\/wp\/v2\/posts"}],"about":[{"href":"https:\/\/www.colocolofs.es\/web\/wp-json\/wp\/v2\/types\/post"}],"author":[{"embeddable":true,"href":"https:\/\/www.colocolofs.es\/web\/wp-json\/wp\/v2\/users\/1"}],"replies":[{"embeddable":true,"href":"https:\/\/www.colocolofs.es\/web\/wp-json\/wp\/v2\/comments?post=14464"}],"version-history":[{"count":2,"href":"https:\/\/www.colocolofs.es\/web\/wp-json\/wp\/v2\/posts\/14464\/revisions"}],"predecessor-version":[{"id":14468,"href":"https:\/\/www.colocolofs.es\/web\/wp-json\/wp\/v2\/posts\/14464\/revisions\/14468"}],"wp:featuredmedia":[{"embeddable":true,"href":"https:\/\/www.colocolofs.es\/web\/wp-json\/wp\/v2\/media\/14466"}],"wp:attachment":[{"href":"https:\/\/www.colocolofs.es\/web\/wp-json\/wp\/v2\/media?parent=14464"}],"wp:term":[{"taxonomy":"category","embeddable":true,"href":"https:\/\/www.colocolofs.es\/web\/wp-json\/wp\/v2\/categories?post=14464"},{"taxonomy":"post_tag","embeddable":true,"href":"https:\/\/www.colocolofs.es\/web\/wp-json\/wp\/v2\/tags?post=14464"}],"curies":[{"name":"wp","href":"https:\/\/api.w.org\/{rel}","templated":true}]}}