{"id":14563,"date":"2021-08-26T08:53:01","date_gmt":"2021-08-26T08:53:01","guid":{"rendered":"http:\/\/www.colocolofs.es\/web\/?p=14563"},"modified":"2021-08-26T09:16:17","modified_gmt":"2021-08-26T09:16:17","slug":"paola-guerrero-renovada","status":"publish","type":"post","link":"https:\/\/www.colocolofs.es\/web\/paola-guerrero-renovada\/","title":{"rendered":"Paola Guerrero, \u00a1Renovada!"},"content":{"rendered":"\n<p>Paola Garc\u00eda Guerrero va a seguir perteneciendo a la plantilla del IngerTV Colo Colo, al menos durante una campa\u00f1a m\u00e1s. <\/p>\n\n\n\n<p>Paola argumenta que su renovaci\u00f3n \u00abse debe principalmente al v\u00ednculo que he creado con algunas personas este a\u00f1o, as\u00ed como la ambici\u00f3n que existe con el proyecto planteado para la temporada 2021\/2022\u00bb.<\/p>\n\n\n\n<p>La &#8217;10&#8217; del IngerTV Colo Colo conf\u00eda en \u00abseguir progresando a nivel individual y, tambi\u00e9n, como equipo, ya que la relaci\u00f3n que existe fuera de la pista se suele palpar dentro\u00bb. Por ello, espera \u00abcompetir a un alto nivel y que el esfuerzo de los entrenamientos tenga su recompensa\u00bb.<\/p>\n\n\n\n<p>Con la renovaci\u00f3n de Paola, son ocho las jugadoras del IngerTV Colo Colo que siguen en el equipo con respecto al anterior curso: Alicia, Maria, Lena, Andrea, Nuria, Lorena y Vicky.<\/p>\n","protected":false},"excerpt":{"rendered":"<p>Paola Garc\u00eda Guerrero va a seguir perteneciendo a la plantilla del IngerTV Colo Colo, al menos durante una campa\u00f1a m\u00e1s. Paola argumenta que su renovaci\u00f3n \u00abse debe principalmente al v\u00ednculo que he creado con algunas personas este a\u00f1o, as\u00ed como la ambici\u00f3n que existe con el proyecto planteado para la temporada 2021\/2022\u00bb. La &#8217;10&#8217; del [&hellip;]<\/p>\n","protected":false},"author":1,"featured_media":14564,"comment_status":"closed","ping_status":"closed","sticky":false,"template":"","format":"standard","meta":{"footnotes":""},"categories":[8],"tags":[],"class_list":["post-14563","post","type-post","status-publish","format-standard","has-post-thumbnail","hentry","category-colo-colo-femenino"],"jetpack_featured_media_url":"https:\/\/www.colocolofs.es\/web\/wp-content\/uploads\/2021\/08\/Renovaci\u00f3n-Paola-Guerrero.jpg","yoast_head":"<!-- This site is optimized with the Yoast SEO plugin v14.4.1 - https:\/\/yoast.com\/wordpress\/plugins\/seo\/ -->\n<title>Paola Guerrero, \u00a1Renovada! - Entrerr\u00edos Automatizaci\u00f3n<\/title>\n<meta name=\"robots\" content=\"index, follow\" \/>\n<meta name=\"googlebot\" content=\"index, follow, max-snippet:-1, max-image-preview:large, max-video-preview:-1\" \/>\n<meta name=\"bingbot\" content=\"index, follow, max-snippet:-1, max-image-preview:large, max-video-preview:-1\" \/>\n<link rel=\"canonical\" href=\"http:\/\/www.colocolofs.es\/web\/paola-guerrero-renovada\/\" \/>\n<meta property=\"og:locale\" content=\"es_ES\" \/>\n<meta property=\"og:type\" content=\"article\" \/>\n<meta property=\"og:title\" content=\"Paola Guerrero, \u00a1Renovada! - Entrerr\u00edos Automatizaci\u00f3n\" \/>\n<meta property=\"og:description\" content=\"Paola Garc\u00eda Guerrero va a seguir perteneciendo a la plantilla del IngerTV Colo Colo, al menos durante una campa\u00f1a m\u00e1s. Paola argumenta que su renovaci\u00f3n \u00abse debe principalmente al v\u00ednculo que he creado con algunas personas este a\u00f1o, as\u00ed como la ambici\u00f3n que existe con el proyecto planteado para la temporada 2021\/2022\u00bb. La &#8217;10&#8217; del [&hellip;]\" \/>\n<meta property=\"og:url\" content=\"http:\/\/www.colocolofs.es\/web\/paola-guerrero-renovada\/\" \/>\n<meta property=\"og:site_name\" content=\"Entrerr\u00edos Automatizaci\u00f3n\" \/>\n<meta property=\"article:published_time\" content=\"2021-08-26T08:53:01+00:00\" \/>\n<meta property=\"article:modified_time\" content=\"2021-08-26T09:16:17+00:00\" \/>\n<meta property=\"og:image\" content=\"https:\/\/www.colocolofs.es\/web\/wp-content\/uploads\/2021\/08\/Renovaci\u00f3n-Paola-Guerrero.jpg\" \/>\n\t<meta property=\"og:image:width\" content=\"1600\" \/>\n\t<meta property=\"og:image:height\" content=\"800\" \/>\n<meta name=\"twitter:card\" content=\"summary_large_image\" \/>\n<script type=\"application\/ld+json\" class=\"yoast-schema-graph\">{\"@context\":\"https:\/\/schema.org\",\"@graph\":[{\"@type\":\"WebSite\",\"@id\":\"https:\/\/www.colocolofs.es\/web\/#website\",\"url\":\"https:\/\/www.colocolofs.es\/web\/\",\"name\":\"Entrerr\\u00edos Automatizaci\\u00f3n\",\"description\":\"Web oficial\",\"potentialAction\":[{\"@type\":\"SearchAction\",\"target\":\"https:\/\/www.colocolofs.es\/web\/?s={search_term_string}\",\"query-input\":\"required name=search_term_string\"}],\"inLanguage\":\"es\"},{\"@type\":\"ImageObject\",\"@id\":\"http:\/\/www.colocolofs.es\/web\/paola-guerrero-renovada\/#primaryimage\",\"inLanguage\":\"es\",\"url\":\"https:\/\/www.colocolofs.es\/web\/wp-content\/uploads\/2021\/08\/Renovaci\\u00f3n-Paola-Guerrero.jpg\",\"width\":1600,\"height\":800},{\"@type\":\"WebPage\",\"@id\":\"http:\/\/www.colocolofs.es\/web\/paola-guerrero-renovada\/#webpage\",\"url\":\"http:\/\/www.colocolofs.es\/web\/paola-guerrero-renovada\/\",\"name\":\"Paola Guerrero, \\u00a1Renovada! - Entrerr\\u00edos Automatizaci\\u00f3n\",\"isPartOf\":{\"@id\":\"https:\/\/www.colocolofs.es\/web\/#website\"},\"primaryImageOfPage\":{\"@id\":\"http:\/\/www.colocolofs.es\/web\/paola-guerrero-renovada\/#primaryimage\"},\"datePublished\":\"2021-08-26T08:53:01+00:00\",\"dateModified\":\"2021-08-26T09:16:17+00:00\",\"author\":{\"@id\":\"https:\/\/www.colocolofs.es\/web\/#\/schema\/person\/1be91002ad639bd282f9d860b6eb7584\"},\"inLanguage\":\"es\",\"potentialAction\":[{\"@type\":\"ReadAction\",\"target\":[\"http:\/\/www.colocolofs.es\/web\/paola-guerrero-renovada\/\"]}]},{\"@type\":[\"Person\"],\"@id\":\"https:\/\/www.colocolofs.es\/web\/#\/schema\/person\/1be91002ad639bd282f9d860b6eb7584\",\"name\":\"admin\"}]}<\/script>\n<!-- \/ Yoast SEO plugin. -->","_links":{"self":[{"href":"https:\/\/www.colocolofs.es\/web\/wp-json\/wp\/v2\/posts\/14563","targetHints":{"allow":["GET"]}}],"collection":[{"href":"https:\/\/www.colocolofs.es\/web\/wp-json\/wp\/v2\/posts"}],"about":[{"href":"https:\/\/www.colocolofs.es\/web\/wp-json\/wp\/v2\/types\/post"}],"author":[{"embeddable":true,"href":"https:\/\/www.colocolofs.es\/web\/wp-json\/wp\/v2\/users\/1"}],"replies":[{"embeddable":true,"href":"https:\/\/www.colocolofs.es\/web\/wp-json\/wp\/v2\/comments?post=14563"}],"version-history":[{"count":3,"href":"https:\/\/www.colocolofs.es\/web\/wp-json\/wp\/v2\/posts\/14563\/revisions"}],"predecessor-version":[{"id":14571,"href":"https:\/\/www.colocolofs.es\/web\/wp-json\/wp\/v2\/posts\/14563\/revisions\/14571"}],"wp:featuredmedia":[{"embeddable":true,"href":"https:\/\/www.colocolofs.es\/web\/wp-json\/wp\/v2\/media\/14564"}],"wp:attachment":[{"href":"https:\/\/www.colocolofs.es\/web\/wp-json\/wp\/v2\/media?parent=14563"}],"wp:term":[{"taxonomy":"category","embeddable":true,"href":"https:\/\/www.colocolofs.es\/web\/wp-json\/wp\/v2\/categories?post=14563"},{"taxonomy":"post_tag","embeddable":true,"href":"https:\/\/www.colocolofs.es\/web\/wp-json\/wp\/v2\/tags?post=14563"}],"curies":[{"name":"wp","href":"https:\/\/api.w.org\/{rel}","templated":true}]}}