{"id":186,"date":"2019-01-08T23:20:21","date_gmt":"2019-01-08T23:20:21","guid":{"rendered":"http:\/\/www.colocolofs.es\/web\/blog\/2019\/01\/08\/fran-tabuenca-no-bajaremos-los-brazos-en-ningun-momento\/"},"modified":"2020-04-11T15:54:56","modified_gmt":"2020-04-11T15:54:56","slug":"fran-tabuenca-no-bajaremos-los-brazos-en-ningun-momento","status":"publish","type":"post","link":"https:\/\/www.colocolofs.es\/web\/fran-tabuenca-no-bajaremos-los-brazos-en-ningun-momento\/","title":{"rendered":"Fran Tabuenca: \u201cNo bajaremos los brazos en ning\u00fan momento\u201d"},"content":{"rendered":"<p class=\"text-align-justify\">El Colo no pudo sumar en su visita al C\u00f3rdoba, a pesar de ir por delante en el marcador durante todo el partido ante un equipo que se encuentra en la parte alta de la tabla:<strong> \u201cEl equipo se encuentra con sentimientos encontrado. Por un lado es doloroso asumir una derrota m\u00e1s pero, por otro lado, el esfuerzo que hicimos en el partido y lo cerca que estuvimos de puntuar, nos hace ver que este es el camino\u201d<\/strong>, apuntaba Fran Tabuenca.<\/p>\n<p class=\"text-align-justify\"><meta charset=\"utf-8\" \/><\/p>\n<p class=\"text-align-justify\" dir=\"ltr\">Pese a ese duro rev\u00e9s sufrido en el \u00faltimo encuentro del 2018, el jugador del Colo&nbsp;deja claro que <strong>\u201cel equipo sigue con la ambici\u00f3n de querer competir al m\u00e1ximo cada partido y tenemos claro que no bajaremos los brazos en ning\u00fan momento\u201d<\/strong>.<\/p>\n<p class=\"text-align-justify\" dir=\"ltr\">Tabuenca hace el siguiente balance de una primera vuelta en la que el Colo ha logrado cuatro triunfos: <strong>\u201cNos ha costado adaptarnos al ritmo, la exigencia y la competitividad de la categor\u00eda, al ser nueva para la mayor\u00eda de nosotros. No estamos contentos con los resultados, pero sabemos que quedan quince partidos y que podemos lograr la permanencia\u201d<\/strong>.<\/p>\n<p class=\"text-align-justify\" dir=\"ltr\">En lo individual, Tabuenca reconoce que <strong>\u201ccomenc\u00e9 con un nivel muy bajo pero, poco a poco, he vuelto a encontrar m\u00e1s c\u00f3modo sobre la pista y eso est\u00e1 dando paso a un mejor rendimiento por mi parte\u201d<\/strong>.<\/p>\n<p class=\"text-align-justify\" dir=\"ltr\">De cara a la segunda vuelta, Tabuenca apuesta por <strong>\u201cser un equipo unido, que tenga claro qui\u00e9nes somos y lo que podemos llegar a hacer. Tenemos que estar muy concentrados en todos los partidos y dar el m\u00e1ximo de cada uno. Debemos tener claro que hay que subir el nivel de competitividad, empezando por una defensa fuerte y sin grandes errores. Y, sobre todo, no tenemos que bajar la cabeza hasta el final. Queda media Liga, son muchos partidos y siempre debemos estar lo m\u00e1s cerca posible de obtener la permanencia, sin&nbsp;rendirnos en ning\u00fan momento\u201d<\/strong>.<\/p>\n<p class=\"text-align-justify\" dir=\"ltr\">En el primer duelo del 2019, el Colo se enfrentar\u00e1 al Noia, un rival \u2018directo\u2019 por la permanencia:<strong> \u201cSer\u00e1 un partido dif\u00edcil. Jugamos en su pista y se juegan tanto como nosotros. Es un partido clave y debemos prepararlo muy bien. No nos debe afectar el par\u00f3n y tenemos que mantener la actitud de estos \u00faltimos partidos, en los que hemos competido bastante bien\u201d<\/strong>, explica Tabuenca.<\/p>\n","protected":false},"excerpt":{"rendered":"<p>El Colo no pudo sumar en su visita al C\u00f3rdoba, a pesar de ir por delante en el marcador durante todo el partido ante un equipo que se encuentra en la parte alta de la tabla: \u201cEl equipo se encuentra con sentimientos encontrado. Por un lado es doloroso asumir una derrota m\u00e1s pero, por otro [&hellip;]<\/p>\n","protected":false},"author":1,"featured_media":185,"comment_status":"open","ping_status":"open","sticky":false,"template":"","format":"standard","meta":{"_jetpack_feature_clip_id":0,"_jetpack_memberships_contains_paid_content":false,"footnotes":""},"categories":[5],"tags":[],"class_list":["post-186","post","type-post","status-publish","format-standard","has-post-thumbnail","hentry","category-primer-equipo"],"yoast_head":"<!-- This site is optimized with the Yoast SEO plugin v28.4 - https:\/\/yoast.com\/product\/yoast-seo-wordpress\/ -->\n<title>Fran Tabuenca: \u201cNo bajaremos los brazos en ning\u00fan momento\u201d - Entrerr\u00edos Automatizaci\u00f3n<\/title>\n<meta name=\"robots\" content=\"index, follow, max-snippet:-1, max-image-preview:large, max-video-preview:-1\" \/>\n<link rel=\"canonical\" href=\"https:\/\/www.colocolofs.es\/web\/fran-tabuenca-no-bajaremos-los-brazos-en-ningun-momento\/\" \/>\n<meta property=\"og:locale\" content=\"es_ES\" \/>\n<meta property=\"og:type\" content=\"article\" \/>\n<meta property=\"og:title\" content=\"Fran Tabuenca: \u201cNo bajaremos los brazos en ning\u00fan momento\u201d - Entrerr\u00edos Automatizaci\u00f3n\" \/>\n<meta property=\"og:description\" content=\"El Colo no pudo sumar en su visita al C\u00f3rdoba, a pesar de ir por delante en el marcador durante todo el partido ante un equipo que se encuentra en la parte alta de la tabla: \u201cEl equipo se encuentra con sentimientos encontrado. Por un lado es doloroso asumir una derrota m\u00e1s pero, por otro [&hellip;]\" \/>\n<meta property=\"og:url\" content=\"https:\/\/www.colocolofs.es\/web\/fran-tabuenca-no-bajaremos-los-brazos-en-ningun-momento\/\" \/>\n<meta property=\"og:site_name\" content=\"Entrerr\u00edos Automatizaci\u00f3n\" \/>\n<meta property=\"article:published_time\" content=\"2019-01-08T23:20:21+00:00\" \/>\n<meta property=\"article:modified_time\" content=\"2020-04-11T15:54:56+00:00\" \/>\n<meta property=\"og:image\" content=\"https:\/\/www.colocolofs.es\/web\/wp-content\/uploads\/2019\/01\/tabuenca-5202-usada.JPG\" \/>\n\t<meta property=\"og:image:width\" content=\"1200\" \/>\n\t<meta property=\"og:image:height\" content=\"606\" \/>\n\t<meta property=\"og:image:type\" content=\"image\/jpeg\" \/>\n<meta name=\"author\" content=\"admin\" \/>\n<meta name=\"twitter:card\" content=\"summary_large_image\" \/>\n<meta name=\"twitter:creator\" content=\"@entrerriosauto\" \/>\n<meta name=\"twitter:site\" content=\"@entrerriosauto\" \/>\n<meta name=\"twitter:label1\" content=\"Escrito por\" \/>\n\t<meta name=\"twitter:data1\" content=\"admin\" \/>\n\t<meta name=\"twitter:label2\" content=\"Tiempo de lectura\" \/>\n\t<meta name=\"twitter:data2\" content=\"2 minutos\" \/>\n<script type=\"application\/ld+json\" class=\"yoast-schema-graph\">{\"@context\":\"https:\\\/\\\/schema.org\",\"@graph\":[{\"@type\":\"Article\",\"@id\":\"https:\\\/\\\/www.colocolofs.es\\\/web\\\/fran-tabuenca-no-bajaremos-los-brazos-en-ningun-momento\\\/#article\",\"isPartOf\":{\"@id\":\"https:\\\/\\\/www.colocolofs.es\\\/web\\\/fran-tabuenca-no-bajaremos-los-brazos-en-ningun-momento\\\/\"},\"author\":{\"name\":\"admin\",\"@id\":\"https:\\\/\\\/www.colocolofs.es\\\/web\\\/#\\\/schema\\\/person\\\/1be91002ad639bd282f9d860b6eb7584\"},\"headline\":\"Fran Tabuenca: \u201cNo bajaremos los brazos en ning\u00fan momento\u201d\",\"datePublished\":\"2019-01-08T23:20:21+00:00\",\"dateModified\":\"2020-04-11T15:54:56+00:00\",\"mainEntityOfPage\":{\"@id\":\"https:\\\/\\\/www.colocolofs.es\\\/web\\\/fran-tabuenca-no-bajaremos-los-brazos-en-ningun-momento\\\/\"},\"wordCount\":407,\"commentCount\":0,\"publisher\":{\"@id\":\"https:\\\/\\\/www.colocolofs.es\\\/web\\\/#organization\"},\"image\":{\"@id\":\"https:\\\/\\\/www.colocolofs.es\\\/web\\\/fran-tabuenca-no-bajaremos-los-brazos-en-ningun-momento\\\/#primaryimage\"},\"thumbnailUrl\":\"https:\\\/\\\/www.colocolofs.es\\\/web\\\/wp-content\\\/uploads\\\/2019\\\/01\\\/tabuenca-5202-usada.JPG\",\"articleSection\":[\"SEGUNDA DIV. MASCULINO\"],\"inLanguage\":\"es\",\"potentialAction\":[{\"@type\":\"CommentAction\",\"name\":\"Comment\",\"target\":[\"https:\\\/\\\/www.colocolofs.es\\\/web\\\/fran-tabuenca-no-bajaremos-los-brazos-en-ningun-momento\\\/#respond\"]}]},{\"@type\":\"WebPage\",\"@id\":\"https:\\\/\\\/www.colocolofs.es\\\/web\\\/fran-tabuenca-no-bajaremos-los-brazos-en-ningun-momento\\\/\",\"url\":\"https:\\\/\\\/www.colocolofs.es\\\/web\\\/fran-tabuenca-no-bajaremos-los-brazos-en-ningun-momento\\\/\",\"name\":\"Fran Tabuenca: \u201cNo bajaremos los brazos en ning\u00fan momento\u201d - Entrerr\u00edos Automatizaci\u00f3n\",\"isPartOf\":{\"@id\":\"https:\\\/\\\/www.colocolofs.es\\\/web\\\/#website\"},\"primaryImageOfPage\":{\"@id\":\"https:\\\/\\\/www.colocolofs.es\\\/web\\\/fran-tabuenca-no-bajaremos-los-brazos-en-ningun-momento\\\/#primaryimage\"},\"image\":{\"@id\":\"https:\\\/\\\/www.colocolofs.es\\\/web\\\/fran-tabuenca-no-bajaremos-los-brazos-en-ningun-momento\\\/#primaryimage\"},\"thumbnailUrl\":\"https:\\\/\\\/www.colocolofs.es\\\/web\\\/wp-content\\\/uploads\\\/2019\\\/01\\\/tabuenca-5202-usada.JPG\",\"datePublished\":\"2019-01-08T23:20:21+00:00\",\"dateModified\":\"2020-04-11T15:54:56+00:00\",\"breadcrumb\":{\"@id\":\"https:\\\/\\\/www.colocolofs.es\\\/web\\\/fran-tabuenca-no-bajaremos-los-brazos-en-ningun-momento\\\/#breadcrumb\"},\"inLanguage\":\"es\",\"potentialAction\":[{\"@type\":\"ReadAction\",\"target\":[\"https:\\\/\\\/www.colocolofs.es\\\/web\\\/fran-tabuenca-no-bajaremos-los-brazos-en-ningun-momento\\\/\"]}]},{\"@type\":\"ImageObject\",\"inLanguage\":\"es\",\"@id\":\"https:\\\/\\\/www.colocolofs.es\\\/web\\\/fran-tabuenca-no-bajaremos-los-brazos-en-ningun-momento\\\/#primaryimage\",\"url\":\"https:\\\/\\\/www.colocolofs.es\\\/web\\\/wp-content\\\/uploads\\\/2019\\\/01\\\/tabuenca-5202-usada.JPG\",\"contentUrl\":\"https:\\\/\\\/www.colocolofs.es\\\/web\\\/wp-content\\\/uploads\\\/2019\\\/01\\\/tabuenca-5202-usada.JPG\",\"width\":1200,\"height\":606,\"caption\":\"tabuenca\"},{\"@type\":\"BreadcrumbList\",\"@id\":\"https:\\\/\\\/www.colocolofs.es\\\/web\\\/fran-tabuenca-no-bajaremos-los-brazos-en-ningun-momento\\\/#breadcrumb\",\"itemListElement\":[{\"@type\":\"ListItem\",\"position\":1,\"name\":\"Portada\",\"item\":\"https:\\\/\\\/www.colocolofs.es\\\/web\\\/\"},{\"@type\":\"ListItem\",\"position\":2,\"name\":\"Fran Tabuenca: \u201cNo bajaremos los brazos en ning\u00fan momento\u201d\"}]},{\"@type\":\"WebSite\",\"@id\":\"https:\\\/\\\/www.colocolofs.es\\\/web\\\/#website\",\"url\":\"https:\\\/\\\/www.colocolofs.es\\\/web\\\/\",\"name\":\"Entrerr\u00edos Automatizaci\u00f3n\",\"description\":\"Web oficial\",\"publisher\":{\"@id\":\"https:\\\/\\\/www.colocolofs.es\\\/web\\\/#organization\"},\"potentialAction\":[{\"@type\":\"SearchAction\",\"target\":{\"@type\":\"EntryPoint\",\"urlTemplate\":\"https:\\\/\\\/www.colocolofs.es\\\/web\\\/?s={search_term_string}\"},\"query-input\":{\"@type\":\"PropertyValueSpecification\",\"valueRequired\":true,\"valueName\":\"search_term_string\"}}],\"inLanguage\":\"es\"},{\"@type\":\"Organization\",\"@id\":\"https:\\\/\\\/www.colocolofs.es\\\/web\\\/#organization\",\"name\":\"Entrerr\u00edos Automatizaci\u00f3n\",\"url\":\"https:\\\/\\\/www.colocolofs.es\\\/web\\\/\",\"logo\":{\"@type\":\"ImageObject\",\"inLanguage\":\"es\",\"@id\":\"https:\\\/\\\/www.colocolofs.es\\\/web\\\/#\\\/schema\\\/logo\\\/image\\\/\",\"url\":\"https:\\\/\\\/www.colocolofs.es\\\/web\\\/wp-content\\\/uploads\\\/2026\\\/07\\\/Escudo-fondo-blanco.jpg\",\"contentUrl\":\"https:\\\/\\\/www.colocolofs.es\\\/web\\\/wp-content\\\/uploads\\\/2026\\\/07\\\/Escudo-fondo-blanco.jpg\",\"width\":477,\"height\":486,\"caption\":\"Entrerr\u00edos Automatizaci\u00f3n\"},\"image\":{\"@id\":\"https:\\\/\\\/www.colocolofs.es\\\/web\\\/#\\\/schema\\\/logo\\\/image\\\/\"},\"sameAs\":[\"https:\\\/\\\/x.com\\\/entrerriosauto\",\"https:\\\/\\\/www.instagram.com\\\/entrerriosautomatizacion\\\/\"]},{\"@type\":\"Person\",\"@id\":\"https:\\\/\\\/www.colocolofs.es\\\/web\\\/#\\\/schema\\\/person\\\/1be91002ad639bd282f9d860b6eb7584\",\"name\":\"admin\",\"url\":\"https:\\\/\\\/www.colocolofs.es\\\/web\\\/author\\\/admin\\\/\"}]}<\/script>\n<!-- \/ Yoast SEO plugin. -->","yoast_head_json":{"title":"Fran Tabuenca: \u201cNo bajaremos los brazos en ning\u00fan momento\u201d - Entrerr\u00edos Automatizaci\u00f3n","robots":{"index":"index","follow":"follow","max-snippet":"max-snippet:-1","max-image-preview":"max-image-preview:large","max-video-preview":"max-video-preview:-1"},"canonical":"https:\/\/www.colocolofs.es\/web\/fran-tabuenca-no-bajaremos-los-brazos-en-ningun-momento\/","og_locale":"es_ES","og_type":"article","og_title":"Fran Tabuenca: \u201cNo bajaremos los brazos en ning\u00fan momento\u201d - Entrerr\u00edos Automatizaci\u00f3n","og_description":"El Colo no pudo sumar en su visita al C\u00f3rdoba, a pesar de ir por delante en el marcador durante todo el partido ante un equipo que se encuentra en la parte alta de la tabla: \u201cEl equipo se encuentra con sentimientos encontrado. Por un lado es doloroso asumir una derrota m\u00e1s pero, por otro [&hellip;]","og_url":"https:\/\/www.colocolofs.es\/web\/fran-tabuenca-no-bajaremos-los-brazos-en-ningun-momento\/","og_site_name":"Entrerr\u00edos Automatizaci\u00f3n","article_published_time":"2019-01-08T23:20:21+00:00","article_modified_time":"2020-04-11T15:54:56+00:00","og_image":[{"width":1200,"height":606,"url":"https:\/\/www.colocolofs.es\/web\/wp-content\/uploads\/2019\/01\/tabuenca-5202-usada.JPG","type":"image\/jpeg"}],"author":"admin","twitter_card":"summary_large_image","twitter_creator":"@entrerriosauto","twitter_site":"@entrerriosauto","twitter_misc":{"Escrito por":"admin","Tiempo de lectura":"2 minutos"},"schema":{"@context":"https:\/\/schema.org","@graph":[{"@type":"Article","@id":"https:\/\/www.colocolofs.es\/web\/fran-tabuenca-no-bajaremos-los-brazos-en-ningun-momento\/#article","isPartOf":{"@id":"https:\/\/www.colocolofs.es\/web\/fran-tabuenca-no-bajaremos-los-brazos-en-ningun-momento\/"},"author":{"name":"admin","@id":"https:\/\/www.colocolofs.es\/web\/#\/schema\/person\/1be91002ad639bd282f9d860b6eb7584"},"headline":"Fran Tabuenca: \u201cNo bajaremos los brazos en ning\u00fan momento\u201d","datePublished":"2019-01-08T23:20:21+00:00","dateModified":"2020-04-11T15:54:56+00:00","mainEntityOfPage":{"@id":"https:\/\/www.colocolofs.es\/web\/fran-tabuenca-no-bajaremos-los-brazos-en-ningun-momento\/"},"wordCount":407,"commentCount":0,"publisher":{"@id":"https:\/\/www.colocolofs.es\/web\/#organization"},"image":{"@id":"https:\/\/www.colocolofs.es\/web\/fran-tabuenca-no-bajaremos-los-brazos-en-ningun-momento\/#primaryimage"},"thumbnailUrl":"https:\/\/www.colocolofs.es\/web\/wp-content\/uploads\/2019\/01\/tabuenca-5202-usada.JPG","articleSection":["SEGUNDA DIV. MASCULINO"],"inLanguage":"es","potentialAction":[{"@type":"CommentAction","name":"Comment","target":["https:\/\/www.colocolofs.es\/web\/fran-tabuenca-no-bajaremos-los-brazos-en-ningun-momento\/#respond"]}]},{"@type":"WebPage","@id":"https:\/\/www.colocolofs.es\/web\/fran-tabuenca-no-bajaremos-los-brazos-en-ningun-momento\/","url":"https:\/\/www.colocolofs.es\/web\/fran-tabuenca-no-bajaremos-los-brazos-en-ningun-momento\/","name":"Fran Tabuenca: \u201cNo bajaremos los brazos en ning\u00fan momento\u201d - Entrerr\u00edos Automatizaci\u00f3n","isPartOf":{"@id":"https:\/\/www.colocolofs.es\/web\/#website"},"primaryImageOfPage":{"@id":"https:\/\/www.colocolofs.es\/web\/fran-tabuenca-no-bajaremos-los-brazos-en-ningun-momento\/#primaryimage"},"image":{"@id":"https:\/\/www.colocolofs.es\/web\/fran-tabuenca-no-bajaremos-los-brazos-en-ningun-momento\/#primaryimage"},"thumbnailUrl":"https:\/\/www.colocolofs.es\/web\/wp-content\/uploads\/2019\/01\/tabuenca-5202-usada.JPG","datePublished":"2019-01-08T23:20:21+00:00","dateModified":"2020-04-11T15:54:56+00:00","breadcrumb":{"@id":"https:\/\/www.colocolofs.es\/web\/fran-tabuenca-no-bajaremos-los-brazos-en-ningun-momento\/#breadcrumb"},"inLanguage":"es","potentialAction":[{"@type":"ReadAction","target":["https:\/\/www.colocolofs.es\/web\/fran-tabuenca-no-bajaremos-los-brazos-en-ningun-momento\/"]}]},{"@type":"ImageObject","inLanguage":"es","@id":"https:\/\/www.colocolofs.es\/web\/fran-tabuenca-no-bajaremos-los-brazos-en-ningun-momento\/#primaryimage","url":"https:\/\/www.colocolofs.es\/web\/wp-content\/uploads\/2019\/01\/tabuenca-5202-usada.JPG","contentUrl":"https:\/\/www.colocolofs.es\/web\/wp-content\/uploads\/2019\/01\/tabuenca-5202-usada.JPG","width":1200,"height":606,"caption":"tabuenca"},{"@type":"BreadcrumbList","@id":"https:\/\/www.colocolofs.es\/web\/fran-tabuenca-no-bajaremos-los-brazos-en-ningun-momento\/#breadcrumb","itemListElement":[{"@type":"ListItem","position":1,"name":"Portada","item":"https:\/\/www.colocolofs.es\/web\/"},{"@type":"ListItem","position":2,"name":"Fran Tabuenca: \u201cNo bajaremos los brazos en ning\u00fan momento\u201d"}]},{"@type":"WebSite","@id":"https:\/\/www.colocolofs.es\/web\/#website","url":"https:\/\/www.colocolofs.es\/web\/","name":"Entrerr\u00edos Automatizaci\u00f3n","description":"Web oficial","publisher":{"@id":"https:\/\/www.colocolofs.es\/web\/#organization"},"potentialAction":[{"@type":"SearchAction","target":{"@type":"EntryPoint","urlTemplate":"https:\/\/www.colocolofs.es\/web\/?s={search_term_string}"},"query-input":{"@type":"PropertyValueSpecification","valueRequired":true,"valueName":"search_term_string"}}],"inLanguage":"es"},{"@type":"Organization","@id":"https:\/\/www.colocolofs.es\/web\/#organization","name":"Entrerr\u00edos Automatizaci\u00f3n","url":"https:\/\/www.colocolofs.es\/web\/","logo":{"@type":"ImageObject","inLanguage":"es","@id":"https:\/\/www.colocolofs.es\/web\/#\/schema\/logo\/image\/","url":"https:\/\/www.colocolofs.es\/web\/wp-content\/uploads\/2026\/07\/Escudo-fondo-blanco.jpg","contentUrl":"https:\/\/www.colocolofs.es\/web\/wp-content\/uploads\/2026\/07\/Escudo-fondo-blanco.jpg","width":477,"height":486,"caption":"Entrerr\u00edos Automatizaci\u00f3n"},"image":{"@id":"https:\/\/www.colocolofs.es\/web\/#\/schema\/logo\/image\/"},"sameAs":["https:\/\/x.com\/entrerriosauto","https:\/\/www.instagram.com\/entrerriosautomatizacion\/"]},{"@type":"Person","@id":"https:\/\/www.colocolofs.es\/web\/#\/schema\/person\/1be91002ad639bd282f9d860b6eb7584","name":"admin","url":"https:\/\/www.colocolofs.es\/web\/author\/admin\/"}]}},"jetpack_sharing_enabled":true,"jetpack_featured_media_url":"https:\/\/www.colocolofs.es\/web\/wp-content\/uploads\/2019\/01\/tabuenca-5202-usada.JPG","_links":{"self":[{"href":"https:\/\/www.colocolofs.es\/web\/wp-json\/wp\/v2\/posts\/186","targetHints":{"allow":["GET"]}}],"collection":[{"href":"https:\/\/www.colocolofs.es\/web\/wp-json\/wp\/v2\/posts"}],"about":[{"href":"https:\/\/www.colocolofs.es\/web\/wp-json\/wp\/v2\/types\/post"}],"author":[{"embeddable":true,"href":"https:\/\/www.colocolofs.es\/web\/wp-json\/wp\/v2\/users\/1"}],"replies":[{"embeddable":true,"href":"https:\/\/www.colocolofs.es\/web\/wp-json\/wp\/v2\/comments?post=186"}],"version-history":[{"count":0,"href":"https:\/\/www.colocolofs.es\/web\/wp-json\/wp\/v2\/posts\/186\/revisions"}],"wp:featuredmedia":[{"embeddable":true,"href":"https:\/\/www.colocolofs.es\/web\/wp-json\/wp\/v2\/media\/185"}],"wp:attachment":[{"href":"https:\/\/www.colocolofs.es\/web\/wp-json\/wp\/v2\/media?parent=186"}],"wp:term":[{"taxonomy":"category","embeddable":true,"href":"https:\/\/www.colocolofs.es\/web\/wp-json\/wp\/v2\/categories?post=186"},{"taxonomy":"post_tag","embeddable":true,"href":"https:\/\/www.colocolofs.es\/web\/wp-json\/wp\/v2\/tags?post=186"}],"curies":[{"name":"wp","href":"https:\/\/api.w.org\/{rel}","templated":true}]}}